{"id":30573,"date":"2025-08-04T17:24:22","date_gmt":"2025-08-04T20:24:22","guid":{"rendered":"https:\/\/pc.sc.gov.br\/?p=30573"},"modified":"2025-08-04T17:25:25","modified_gmt":"2025-08-04T20:25:25","slug":"policia-civil-desarticula-laboratorio-para-producao-de-drogas-em-blumenau-e-prende-em-flagrante-homem-que-se-intitulava-terapeuta-canabico","status":"publish","type":"post","link":"https:\/\/pc.sc.gov.br\/?p=30573","title":{"rendered":"Pol\u00edcia Civil desarticula laborat\u00f3rio para produ\u00e7\u00e3o de drogas em Blumenau e prende em flagrante homem que se intitulava \u201cterapeuta can\u00e1bico\u201d"},"content":{"rendered":"\t\t<div data-elementor-type=\"wp-post\" data-elementor-id=\"30573\" class=\"elementor elementor-30573\" data-elementor-post-type=\"post\">\n\t\t\t\t\t\t<section class=\"elementor-section elementor-top-section elementor-element elementor-element-b26b940 elementor-section-boxed elementor-section-height-default elementor-section-height-default\" data-id=\"b26b940\" data-element_type=\"section\">\n\t\t\t\t\t\t<div class=\"elementor-container elementor-column-gap-default\">\n\t\t\t\t\t<div class=\"elementor-column elementor-col-100 elementor-top-column elementor-element elementor-element-f167a66\" data-id=\"f167a66\" data-element_type=\"column\">\n\t\t\t<div class=\"elementor-widget-wrap elementor-element-populated\">\n\t\t\t\t\t\t<div class=\"elementor-element elementor-element-a1000ba elementor-widget elementor-widget-heading\" data-id=\"a1000ba\" data-element_type=\"widget\" data-widget_type=\"heading.default\">\n\t\t\t\t<div class=\"elementor-widget-container\">\n\t\t\t\t\t<h2 class=\"elementor-heading-title elementor-size-default\">Pol\u00edcia Civil desarticula laborat\u00f3rio para produ\u00e7\u00e3o de drogas em Blumenau e prende em flagrante homem que se intitulava \u201cterapeuta can\u00e1bico\u201d <\/h2>\t\t\t\t<\/div>\n\t\t\t\t<\/div>\n\t\t\t\t\t<\/div>\n\t\t<\/div>\n\t\t\t\t\t<\/div>\n\t\t<\/section>\n\t\t\t\t<section class=\"elementor-section elementor-top-section elementor-element elementor-element-b523acf elementor-section-boxed elementor-section-height-default elementor-section-height-default\" data-id=\"b523acf\" data-element_type=\"section\">\n\t\t\t\t\t\t<div class=\"elementor-container elementor-column-gap-default\">\n\t\t\t\t\t<div class=\"elementor-column elementor-col-100 elementor-top-column elementor-element elementor-element-62bdc77\" data-id=\"62bdc77\" data-element_type=\"column\">\n\t\t\t<div class=\"elementor-widget-wrap elementor-element-populated\">\n\t\t\t\t\t\t<div class=\"elementor-element elementor-element-826f4c1 elementor-widget elementor-widget-image\" data-id=\"826f4c1\" data-element_type=\"widget\" data-widget_type=\"image.default\">\n\t\t\t\t<div class=\"elementor-widget-container\">\n\t\t\t\t\t\t\t\t\t\t\t\t\t\t\t<img fetchpriority=\"high\" decoding=\"async\" width=\"696\" height=\"928\" src=\"https:\/\/pc.sc.gov.br\/\/wp-content\/uploads\/2025\/08\/WhatsApp-Image-2025-08-04-at-13.54.22-768x1024.jpeg\" class=\"attachment-large size-large wp-image-30574\" alt=\"\" srcset=\"https:\/\/pc.sc.gov.br\/\/wp-content\/uploads\/2025\/08\/WhatsApp-Image-2025-08-04-at-13.54.22-768x1024.jpeg 768w, https:\/\/pc.sc.gov.br\/\/wp-content\/uploads\/2025\/08\/WhatsApp-Image-2025-08-04-at-13.54.22-225x300.jpeg 225w, https:\/\/pc.sc.gov.br\/\/wp-content\/uploads\/2025\/08\/WhatsApp-Image-2025-08-04-at-13.54.22-1152x1536.jpeg 1152w, https:\/\/pc.sc.gov.br\/\/wp-content\/uploads\/2025\/08\/WhatsApp-Image-2025-08-04-at-13.54.22.jpeg 1200w\" sizes=\"(max-width: 696px) 100vw, 696px\" \/>\t\t\t\t\t\t\t\t\t\t\t\t\t\t\t<\/div>\n\t\t\t\t<\/div>\n\t\t\t\t\t<\/div>\n\t\t<\/div>\n\t\t\t\t\t<\/div>\n\t\t<\/section>\n\t\t\t\t<section class=\"elementor-section elementor-top-section elementor-element elementor-element-7bfea83 elementor-section-boxed elementor-section-height-default elementor-section-height-default\" data-id=\"7bfea83\" data-element_type=\"section\">\n\t\t\t\t\t\t<div class=\"elementor-container elementor-column-gap-default\">\n\t\t\t\t\t<div class=\"elementor-column elementor-col-100 elementor-top-column elementor-element elementor-element-57f1198\" data-id=\"57f1198\" data-element_type=\"column\">\n\t\t\t<div class=\"elementor-widget-wrap elementor-element-populated\">\n\t\t\t\t\t\t<div class=\"elementor-element elementor-element-15202b0 elementor-widget elementor-widget-text-editor\" data-id=\"15202b0\" data-element_type=\"widget\" data-widget_type=\"text-editor.default\">\n\t\t\t\t<div class=\"elementor-widget-container\">\n\t\t\t\t\t\t\t\t\t<p>Na sexta-feira (01\/08), a Pol\u00edcia Civil de Santa Catarina, por meio da Delegacia de Pol\u00edcia da Comarca de Gaspar, prendeu um homem em flagrante pelo crime previsto no art. 33, da Lei 11.343\/06, em raz\u00e3o de ele ter em dep\u00f3sito drogas para fins comerciais.<\/p><p>A investiga\u00e7\u00e3o iniciou na cidade de Gaspar, onde foi recebida den\u00fancia de que o investigado estaria se apresentando nas redes sociais como \u201cterapeuta can\u00e1bico\u201d e ministrando o entorpecente il\u00edcito para terceiros. Segundo o denunciante, o suspeito teria uma planta\u00e7\u00e3o de entorpecente em sua resid\u00eancia e teria ministrado o medicamento para pessoa idosa, que teria passado mal em raz\u00e3o da ingest\u00e3o do produto.<\/p><p>A partir do registro da den\u00fancia, o Setor de Investiga\u00e7\u00e3o descobriu que o suspeito, de fato, se apresentava como \u201cestudante de farm\u00e1cia\u201d e se intitulava \u201cterapeuta can\u00e1bico\u201d nas redes sociais, publicando, inclusive, depoimento de pacientes que seriam \u201ctratados\u201d por ele e que teriam tido sucesso com o tratamento.<\/p><p>Com base nos elementos produzidos pelo Setor de Investiga\u00e7\u00e3o, o delegado Filipe Martins, respons\u00e1vel pelo caso, representou pela busca e apreens\u00e3o domiciliar no endere\u00e7o, tendo sido cumprida a medida. No local, foi encontrado um verdadeiro laborat\u00f3rio para o plantio dos entorpecentes, al\u00e9m de 115 planta\u00e7\u00f5es de cannabis sativa. Al\u00e9m disso, foram encontrados tamb\u00e9m quantidade de droga \u201cin natura\u201d, petrechos para preparo, pesagem e acondicionamento do entorpecente.<\/p><p>Diante do cen\u00e1rio encontrado e das investiga\u00e7\u00f5es pr\u00e9vias, que evidenciaram a finalidade comercial do entorpecente, foi dada voz de pris\u00e3o ao conduzido pelo crime de tr\u00e1fico de drogas.<\/p><p>Ap\u00f3s a lavratura da pris\u00e3o em flagrante, o autuado foi encaminhado ao pres\u00eddio local e permanece \u00e0 disposi\u00e7\u00e3o da Justi\u00e7a.<\/p>\t\t\t\t\t\t\t\t<\/div>\n\t\t\t\t<\/div>\n\t\t\t\t\t<\/div>\n\t\t<\/div>\n\t\t\t\t\t<\/div>\n\t\t<\/section>\n\t\t\t\t<section class=\"elementor-section elementor-top-section elementor-element elementor-element-07800cc elementor-section-boxed elementor-section-height-default elementor-section-height-default\" data-id=\"07800cc\" data-element_type=\"section\">\n\t\t\t\t\t\t<div class=\"elementor-container elementor-column-gap-default\">\n\t\t\t\t\t<div class=\"elementor-column elementor-col-100 elementor-top-column elementor-element elementor-element-dd7caf5\" data-id=\"dd7caf5\" data-element_type=\"column\">\n\t\t\t<div class=\"elementor-widget-wrap elementor-element-populated\">\n\t\t\t\t\t\t<div class=\"elementor-element elementor-element-a8b82d1 elementor-widget elementor-widget-image\" data-id=\"a8b82d1\" data-element_type=\"widget\" data-widget_type=\"image.default\">\n\t\t\t\t<div class=\"elementor-widget-container\">\n\t\t\t\t\t\t\t\t\t\t\t\t\t\t\t<img decoding=\"async\" width=\"696\" height=\"928\" src=\"https:\/\/pc.sc.gov.br\/\/wp-content\/uploads\/2025\/08\/WhatsApp-Image-2025-08-04-at-13.54.22-1-768x1024.jpeg\" class=\"attachment-large size-large wp-image-30576\" alt=\"\" srcset=\"https:\/\/pc.sc.gov.br\/\/wp-content\/uploads\/2025\/08\/WhatsApp-Image-2025-08-04-at-13.54.22-1-768x1024.jpeg 768w, https:\/\/pc.sc.gov.br\/\/wp-content\/uploads\/2025\/08\/WhatsApp-Image-2025-08-04-at-13.54.22-1-225x300.jpeg 225w, https:\/\/pc.sc.gov.br\/\/wp-content\/uploads\/2025\/08\/WhatsApp-Image-2025-08-04-at-13.54.22-1-1152x1536.jpeg 1152w, https:\/\/pc.sc.gov.br\/\/wp-content\/uploads\/2025\/08\/WhatsApp-Image-2025-08-04-at-13.54.22-1.jpeg 1200w\" sizes=\"(max-width: 696px) 100vw, 696px\" \/>\t\t\t\t\t\t\t\t\t\t\t\t\t\t\t<\/div>\n\t\t\t\t<\/div>\n\t\t\t\t\t<\/div>\n\t\t<\/div>\n\t\t\t\t\t<\/div>\n\t\t<\/section>\n\t\t\t\t<\/div>\n\t\t","protected":false},"excerpt":{"rendered":"<p>Pol\u00edcia Civil desarticula laborat\u00f3rio para produ\u00e7\u00e3o de drogas em Blumenau e prende em flagrante homem que se intitulava \u201cterapeuta can\u00e1bico\u201d Na sexta-feira (01\/08), a Pol\u00edcia Civil de Santa Catarina, por meio da Delegacia de Pol\u00edcia da Comarca de Gaspar, prendeu um homem em flagrante pelo crime previsto no art. 33, da Lei 11.343\/06, em raz\u00e3o [&hellip;]<\/p>\n","protected":false},"author":5,"featured_media":30574,"comment_status":"closed","ping_status":"open","sticky":false,"template":"","format":"standard","meta":{"_monsterinsights_skip_tracking":false,"_monsterinsights_sitenote_active":false,"_monsterinsights_sitenote_note":"","_monsterinsights_sitenote_category":0,"footnotes":""},"categories":[1],"tags":[],"class_list":["post-30573","post","type-post","status-publish","format-standard","has-post-thumbnail","hentry","category-sem-categoria"],"_links":{"self":[{"href":"https:\/\/pc.sc.gov.br\/index.php?rest_route=\/wp\/v2\/posts\/30573","targetHints":{"allow":["GET"]}}],"collection":[{"href":"https:\/\/pc.sc.gov.br\/index.php?rest_route=\/wp\/v2\/posts"}],"about":[{"href":"https:\/\/pc.sc.gov.br\/index.php?rest_route=\/wp\/v2\/types\/post"}],"author":[{"embeddable":true,"href":"https:\/\/pc.sc.gov.br\/index.php?rest_route=\/wp\/v2\/users\/5"}],"replies":[{"embeddable":true,"href":"https:\/\/pc.sc.gov.br\/index.php?rest_route=%2Fwp%2Fv2%2Fcomments&post=30573"}],"version-history":[{"count":4,"href":"https:\/\/pc.sc.gov.br\/index.php?rest_route=\/wp\/v2\/posts\/30573\/revisions"}],"predecessor-version":[{"id":30579,"href":"https:\/\/pc.sc.gov.br\/index.php?rest_route=\/wp\/v2\/posts\/30573\/revisions\/30579"}],"wp:featuredmedia":[{"embeddable":true,"href":"https:\/\/pc.sc.gov.br\/index.php?rest_route=\/wp\/v2\/media\/30574"}],"wp:attachment":[{"href":"https:\/\/pc.sc.gov.br\/index.php?rest_route=%2Fwp%2Fv2%2Fmedia&parent=30573"}],"wp:term":[{"taxonomy":"category","embeddable":true,"href":"https:\/\/pc.sc.gov.br\/index.php?rest_route=%2Fwp%2Fv2%2Fcategories&post=30573"},{"taxonomy":"post_tag","embeddable":true,"href":"https:\/\/pc.sc.gov.br\/index.php?rest_route=%2Fwp%2Fv2%2Ftags&post=30573"}],"curies":[{"name":"wp","href":"https:\/\/api.w.org\/{rel}","templated":true}]}}