{"id":3059,"date":"2022-12-23T13:51:55","date_gmt":"2022-12-23T16:51:55","guid":{"rendered":"https:\/\/pc.sc.gov.br\/?p=3059"},"modified":"2022-12-23T14:16:49","modified_gmt":"2022-12-23T17:16:49","slug":"operacao-veraneio-policia-civil-reforca-trabalhos-de-investigacao-e-a-prestacao-de-servicos-em-sc","status":"publish","type":"post","link":"https:\/\/pc.sc.gov.br\/?p=3059","title":{"rendered":"Opera\u00e7\u00e3o Veraneio: Pol\u00edcia Civil refor\u00e7a trabalhos de investiga\u00e7\u00e3o e a presta\u00e7\u00e3o de servi\u00e7os em SC"},"content":{"rendered":"\t\t<div data-elementor-type=\"wp-post\" data-elementor-id=\"3059\" class=\"elementor elementor-3059\" data-elementor-post-type=\"post\">\n\t\t\t\t\t\t<section class=\"elementor-section elementor-top-section elementor-element elementor-element-214cacc elementor-section-boxed elementor-section-height-default elementor-section-height-default\" data-id=\"214cacc\" data-element_type=\"section\">\n\t\t\t\t\t\t<div class=\"elementor-container elementor-column-gap-default\">\n\t\t\t\t\t<div class=\"elementor-column elementor-col-100 elementor-top-column elementor-element elementor-element-2ce89e9\" data-id=\"2ce89e9\" data-element_type=\"column\">\n\t\t\t<div class=\"elementor-widget-wrap elementor-element-populated\">\n\t\t\t\t\t\t<div class=\"elementor-element elementor-element-045ad24 elementor-widget elementor-widget-heading\" data-id=\"045ad24\" data-element_type=\"widget\" data-widget_type=\"heading.default\">\n\t\t\t\t<div class=\"elementor-widget-container\">\n\t\t\t\t\t<h2 class=\"elementor-heading-title elementor-size-default\">Opera\u00e7\u00e3o Veraneio: Pol\u00edcia Civil refor\u00e7a trabalhos de investiga\u00e7\u00e3o e a presta\u00e7\u00e3o de servi\u00e7os em SC<\/h2>\t\t\t\t<\/div>\n\t\t\t\t<\/div>\n\t\t\t\t<div class=\"elementor-element elementor-element-27c33f1 elementor-widget elementor-widget-image\" data-id=\"27c33f1\" data-element_type=\"widget\" data-widget_type=\"image.default\">\n\t\t\t\t<div class=\"elementor-widget-container\">\n\t\t\t\t\t\t\t\t\t\t\t\t\t\t\t<img fetchpriority=\"high\" decoding=\"async\" width=\"696\" height=\"651\" src=\"https:\/\/pc.sc.gov.br\/\/wp-content\/uploads\/2022\/12\/pc__sdnsndsfndjgnjgndfjkgnfdk.jpg\" class=\"attachment-large size-large wp-image-3061\" alt=\"\" srcset=\"https:\/\/pc.sc.gov.br\/\/wp-content\/uploads\/2022\/12\/pc__sdnsndsfndjgnjgndfjkgnfdk.jpg 797w, https:\/\/pc.sc.gov.br\/\/wp-content\/uploads\/2022\/12\/pc__sdnsndsfndjgnjgndfjkgnfdk-300x281.jpg 300w, https:\/\/pc.sc.gov.br\/\/wp-content\/uploads\/2022\/12\/pc__sdnsndsfndjgnjgndfjkgnfdk-768x719.jpg 768w\" sizes=\"(max-width: 696px) 100vw, 696px\" \/>\t\t\t\t\t\t\t\t\t\t\t\t\t\t\t<\/div>\n\t\t\t\t<\/div>\n\t\t\t\t<div class=\"elementor-element elementor-element-4af5e18 elementor-widget elementor-widget-text-editor\" data-id=\"4af5e18\" data-element_type=\"widget\" data-widget_type=\"text-editor.default\">\n\t\t\t\t<div class=\"elementor-widget-container\">\n\t\t\t\t\t\t\t\t\t<p>Foto: Arquivo PCSC<\/p>\n<p>A Pol\u00edcia Civil de Santa Catarina come\u00e7ou a desenvolver a opera\u00e7\u00e3o Veraneio para a temporada 2022\/2023. Os trabalhos consistem no refor\u00e7o policial em atividades da Institui\u00e7\u00e3o como a investiga\u00e7\u00e3o criminal e a presta\u00e7\u00e3o de servi\u00e7os. Est\u00e3o abrangidos 30 munic\u00edpios.<\/p>\n<p>Est\u00e1 prevista novamente a atua\u00e7\u00e3o de unidades especializadas da Pol\u00edcia Civil, que conta com a\u00e7\u00f5es especiais diferenciadas durante a opera\u00e7\u00e3o.<\/p>\n<p>Por exemplo, a cinotecnia policial da Coordenadoria de Opera\u00e7\u00f5es Policiais com C\u00e3es (COPC), Coordenadoria de Opera\u00e7\u00f5es e Recursos Especiais (CORE), Delegacia de Prote\u00e7\u00e3o ao Turista (trabalhos com os Consulados e atendimentos aos turistas), Servi\u00e7o Aeropolicial (SAER Sul\/PCSC) da Pol\u00edcia Civil e as salas Lil\u00e1s com atendimento especializado \u00e0 mulher v\u00edtima de viol\u00eancia.<\/p>\n<p>H\u00e1 tamb\u00e9m refor\u00e7o nas Centrais de Plant\u00e3o Policial, al\u00e9m de trabalhos mobilizados na \u00e1rea de tecnologia e intelig\u00eancia, de pessoas desaparecidas e de jogos e divers\u00f5es.&nbsp;Tamb\u00e9m est\u00e3o inclu\u00eddas a\u00e7\u00f5es de investiga\u00e7\u00e3o criminal, cumprimento de mandados de pris\u00f5es e busca e apreens\u00e3o, atendimento de local de crime, entre outros.<\/p>\t\t\t\t\t\t\t\t<\/div>\n\t\t\t\t<\/div>\n\t\t\t\t<div class=\"elementor-element elementor-element-6147c0f elementor-widget elementor-widget-image\" data-id=\"6147c0f\" data-element_type=\"widget\" data-widget_type=\"image.default\">\n\t\t\t\t<div class=\"elementor-widget-container\">\n\t\t\t\t\t\t\t\t\t\t\t\t\t\t\t<img decoding=\"async\" width=\"696\" height=\"383\" src=\"https:\/\/pc.sc.gov.br\/\/wp-content\/uploads\/2022\/12\/pc__sdnsndsfndjgnjgndfjkgnfdkddsdsdsds-1024x564.jpg\" class=\"attachment-large size-large wp-image-3060\" alt=\"\" srcset=\"https:\/\/pc.sc.gov.br\/\/wp-content\/uploads\/2022\/12\/pc__sdnsndsfndjgnjgndfjkgnfdkddsdsdsds-1024x564.jpg 1024w, https:\/\/pc.sc.gov.br\/\/wp-content\/uploads\/2022\/12\/pc__sdnsndsfndjgnjgndfjkgnfdkddsdsdsds-300x165.jpg 300w, https:\/\/pc.sc.gov.br\/\/wp-content\/uploads\/2022\/12\/pc__sdnsndsfndjgnjgndfjkgnfdkddsdsdsds-768x423.jpg 768w, https:\/\/pc.sc.gov.br\/\/wp-content\/uploads\/2022\/12\/pc__sdnsndsfndjgnjgndfjkgnfdkddsdsdsds.jpg 1280w\" sizes=\"(max-width: 696px) 100vw, 696px\" \/>\t\t\t\t\t\t\t\t\t\t\t\t\t\t\t<\/div>\n\t\t\t\t<\/div>\n\t\t\t\t<div class=\"elementor-element elementor-element-aca2144 elementor-widget elementor-widget-text-editor\" data-id=\"aca2144\" data-element_type=\"widget\" data-widget_type=\"text-editor.default\">\n\t\t\t\t<div class=\"elementor-widget-container\">\n\t\t\t\t\t\t\t\t\t<p>Foto: Arquivo PCSC<\/p><p><b>Abrang\u00eancia<\/b><\/p><p>Os munic\u00edpios sede da opera\u00e7\u00e3o Veraneio pela Pol\u00edcia Civil s\u00e3o: Araquari, Balne\u00e1rio Arroio do Silva, Balne\u00e1rio Barra do Sul, Balne\u00e1rio Cambori\u00fa, Balne\u00e1rio Gaivota, Balne\u00e1rio Pi\u00e7arras, Balne\u00e1rio Rinc\u00e3o, Barra Velha, Bigua\u00e7u, Bombinhas, Cambori\u00fa, Florian\u00f3polis, Garopaba, Governador Celso Ramos, Imbituba, Itaja\u00ed, Itapema, Itapo\u00e1, Jaguaruna, Laguna, Navegantes, Palho\u00e7a, Passo de Torres, Paulo Lopes, Penha, Piratuba, Porto Belo, S\u00e3o Francisco do Sul, Tijucas e Treze T\u00edlias.<\/p><p><b>Incremento para atendimentos em Florian\u00f3polis e regi\u00e3o.<\/b><\/p><p>Na Grande Florian\u00f3polis, h\u00e1 a Central Macrorregional de Plant\u00e3o Policial em funcionamento, com incremento de efetivo na regi\u00e3o do norte da Ilha de SC e na \u00e1rea central da Capital para atendimento \u00e0s ocorr\u00eancias flagranciais, a equipe exclusiva de local de crime da Pol\u00edcia Civil, al\u00e9m do refor\u00e7o na Delegacia do Turista, tanto no Aeroporto Herc\u00edlio Luz quanto na rodovi\u00e1ria.<\/p>\t\t\t\t\t\t\t\t<\/div>\n\t\t\t\t<\/div>\n\t\t\t\t<div class=\"elementor-element elementor-element-04d5f9a elementor-widget elementor-widget-text-editor\" data-id=\"04d5f9a\" data-element_type=\"widget\" data-widget_type=\"text-editor.default\">\n\t\t\t\t<div class=\"elementor-widget-container\">\n\t\t\t\t\t\t\t\t\t<p><b>Reuni\u00e3o com for\u00e7as de seguran\u00e7a no Norte do Estado<\/b><\/p>\n<p>Para o alinhamento das a\u00e7\u00f5es e din\u00e2micas adotadas, em Joinville a Pol\u00edcia Civil promoveu uma reuni\u00e3o na quinta-feira (22) com os representantes das for\u00e7as de seguran\u00e7a. Na regi\u00e3o de Joinville, no Norte do Estado, a opera\u00e7\u00e3o Veraneio ocorre nos munic\u00edpios de S\u00e3o Francisco do Sul, Araquari, Itapo\u00e1 e Balne\u00e1rio Barra do Sul.<\/p><p>Participaram representantes da Pol\u00edcia Rodovi\u00e1ria Federal, Pol\u00edcia Militar Rodovi\u00e1ria, Pol\u00edcia Ambiental, o comando da 5\u00aa Regi\u00e3o da Policia Militar, Guarda Municipal e Secretaria de Prote\u00e7\u00e3o Civil de Joinville.<\/p>\t\t\t\t\t\t\t\t<\/div>\n\t\t\t\t<\/div>\n\t\t\t\t<div class=\"elementor-element elementor-element-b38fd5d elementor-widget elementor-widget-image\" data-id=\"b38fd5d\" data-element_type=\"widget\" data-widget_type=\"image.default\">\n\t\t\t\t<div class=\"elementor-widget-container\">\n\t\t\t\t\t\t\t\t\t\t\t\t\t\t\t<img decoding=\"async\" width=\"696\" height=\"319\" src=\"https:\/\/pc.sc.gov.br\/\/wp-content\/uploads\/2022\/12\/PC_DNSKJFNSDFSDKFGDKGNDFSKGNDFGHDF-1024x470.jpg\" class=\"attachment-large size-large wp-image-3070\" alt=\"\" srcset=\"https:\/\/pc.sc.gov.br\/\/wp-content\/uploads\/2022\/12\/PC_DNSKJFNSDFSDKFGDKGNDFSKGNDFGHDF-1024x470.jpg 1024w, https:\/\/pc.sc.gov.br\/\/wp-content\/uploads\/2022\/12\/PC_DNSKJFNSDFSDKFGDKGNDFSKGNDFGHDF-300x138.jpg 300w, https:\/\/pc.sc.gov.br\/\/wp-content\/uploads\/2022\/12\/PC_DNSKJFNSDFSDKFGDKGNDFSKGNDFGHDF-768x353.jpg 768w, https:\/\/pc.sc.gov.br\/\/wp-content\/uploads\/2022\/12\/PC_DNSKJFNSDFSDKFGDKGNDFSKGNDFGHDF.jpg 1080w\" sizes=\"(max-width: 696px) 100vw, 696px\" \/>\t\t\t\t\t\t\t\t\t\t\t\t\t\t\t<\/div>\n\t\t\t\t<\/div>\n\t\t\t\t<div class=\"elementor-element elementor-element-86f7a2f elementor-widget elementor-widget-text-editor\" data-id=\"86f7a2f\" data-element_type=\"widget\" data-widget_type=\"text-editor.default\">\n\t\t\t\t<div class=\"elementor-widget-container\">\n\t\t\t\t\t\t\t\t\t<p>Foto: Divulga\u00e7\u00e3o PCSC<\/p>\t\t\t\t\t\t\t\t<\/div>\n\t\t\t\t<\/div>\n\t\t\t\t\t<\/div>\n\t\t<\/div>\n\t\t\t\t\t<\/div>\n\t\t<\/section>\n\t\t\t\t<\/div>\n\t\t","protected":false},"excerpt":{"rendered":"<p>Opera\u00e7\u00e3o Veraneio: Pol\u00edcia Civil refor\u00e7a trabalhos de investiga\u00e7\u00e3o e a presta\u00e7\u00e3o de servi\u00e7os em SC Foto: Arquivo PCSC A Pol\u00edcia Civil de Santa Catarina come\u00e7ou a desenvolver a opera\u00e7\u00e3o Veraneio para a temporada 2022\/2023. Os trabalhos consistem no refor\u00e7o policial em atividades da Institui\u00e7\u00e3o como a investiga\u00e7\u00e3o criminal e a presta\u00e7\u00e3o de servi\u00e7os. Est\u00e3o abrangidos [&hellip;]<\/p>\n","protected":false},"author":5,"featured_media":3061,"comment_status":"closed","ping_status":"open","sticky":false,"template":"","format":"standard","meta":{"_monsterinsights_skip_tracking":false,"_monsterinsights_sitenote_active":false,"_monsterinsights_sitenote_note":"","_monsterinsights_sitenote_category":0,"footnotes":""},"categories":[1],"tags":[],"class_list":["post-3059","post","type-post","status-publish","format-standard","has-post-thumbnail","hentry","category-sem-categoria"],"_links":{"self":[{"href":"https:\/\/pc.sc.gov.br\/index.php?rest_route=\/wp\/v2\/posts\/3059","targetHints":{"allow":["GET"]}}],"collection":[{"href":"https:\/\/pc.sc.gov.br\/index.php?rest_route=\/wp\/v2\/posts"}],"about":[{"href":"https:\/\/pc.sc.gov.br\/index.php?rest_route=\/wp\/v2\/types\/post"}],"author":[{"embeddable":true,"href":"https:\/\/pc.sc.gov.br\/index.php?rest_route=\/wp\/v2\/users\/5"}],"replies":[{"embeddable":true,"href":"https:\/\/pc.sc.gov.br\/index.php?rest_route=%2Fwp%2Fv2%2Fcomments&post=3059"}],"version-history":[{"count":22,"href":"https:\/\/pc.sc.gov.br\/index.php?rest_route=\/wp\/v2\/posts\/3059\/revisions"}],"predecessor-version":[{"id":3086,"href":"https:\/\/pc.sc.gov.br\/index.php?rest_route=\/wp\/v2\/posts\/3059\/revisions\/3086"}],"wp:featuredmedia":[{"embeddable":true,"href":"https:\/\/pc.sc.gov.br\/index.php?rest_route=\/wp\/v2\/media\/3061"}],"wp:attachment":[{"href":"https:\/\/pc.sc.gov.br\/index.php?rest_route=%2Fwp%2Fv2%2Fmedia&parent=3059"}],"wp:term":[{"taxonomy":"category","embeddable":true,"href":"https:\/\/pc.sc.gov.br\/index.php?rest_route=%2Fwp%2Fv2%2Fcategories&post=3059"},{"taxonomy":"post_tag","embeddable":true,"href":"https:\/\/pc.sc.gov.br\/index.php?rest_route=%2Fwp%2Fv2%2Ftags&post=3059"}],"curies":[{"name":"wp","href":"https:\/\/api.w.org\/{rel}","templated":true}]}}