{"id":30612,"date":"2025-08-05T13:43:56","date_gmt":"2025-08-05T16:43:56","guid":{"rendered":"https:\/\/pc.sc.gov.br\/?p=30612"},"modified":"2025-08-05T13:50:27","modified_gmt":"2025-08-05T16:50:27","slug":"policia-civil-participa-de-operacao-de-combate-ao-trafico-de-drogas-e-lavagem-de-dinheiro-em-cinco-estados-brasileiros","status":"publish","type":"post","link":"https:\/\/pc.sc.gov.br\/?p=30612","title":{"rendered":"Pol\u00edcia Civil participa de opera\u00e7\u00e3o de combate ao tr\u00e1fico de drogas e lavagem de dinheiro em cinco estados brasileiros"},"content":{"rendered":"\t\t<div data-elementor-type=\"wp-post\" data-elementor-id=\"30612\" class=\"elementor elementor-30612\" data-elementor-post-type=\"post\">\n\t\t\t\t\t\t<section class=\"elementor-section elementor-top-section elementor-element elementor-element-3648d984 elementor-section-boxed elementor-section-height-default elementor-section-height-default\" data-id=\"3648d984\" data-element_type=\"section\">\n\t\t\t\t\t\t<div class=\"elementor-container elementor-column-gap-default\">\n\t\t\t\t\t<div class=\"elementor-column elementor-col-100 elementor-top-column elementor-element elementor-element-72adf009\" data-id=\"72adf009\" data-element_type=\"column\">\n\t\t\t<div class=\"elementor-widget-wrap elementor-element-populated\">\n\t\t\t\t\t\t<div class=\"elementor-element elementor-element-cf554fd elementor-widget elementor-widget-heading\" data-id=\"cf554fd\" data-element_type=\"widget\" data-widget_type=\"heading.default\">\n\t\t\t\t<div class=\"elementor-widget-container\">\n\t\t\t\t\t<h2 class=\"elementor-heading-title elementor-size-default\">Pol\u00edcia Civil participa de opera\u00e7\u00e3o de combate ao tr\u00e1fico de drogas e lavagem de dinheiro em cinco estados brasileiros<\/h2>\t\t\t\t<\/div>\n\t\t\t\t<\/div>\n\t\t\t\t<div class=\"elementor-element elementor-element-73921c82 elementor-widget elementor-widget-text-editor\" data-id=\"73921c82\" data-element_type=\"widget\" data-widget_type=\"text-editor.default\">\n\t\t\t\t<div class=\"elementor-widget-container\">\n\t\t\t\t\t\t\t\t\t\n<figure class=\"wp-block-image size-large\"><img decoding=\"async\" src=\"https:\/\/pc.sc.gov.br\/wp-content\/uploads\/2025\/08\/WhatsApp-Image-2025-08-05-at-08.59.37-e1754412226580-688x1024.jpeg\" alt=\"\" class=\"wp-image-30613\"\/><\/figure>\n\t\t\t\t\t\t\t\t<\/div>\n\t\t\t\t<\/div>\n\t\t\t\t\t<\/div>\n\t\t<\/div>\n\t\t\t\t\t<\/div>\n\t\t<\/section>\n\t\t\t\t<section class=\"elementor-section elementor-top-section elementor-element elementor-element-e9aa5f9 elementor-section-boxed elementor-section-height-default elementor-section-height-default\" data-id=\"e9aa5f9\" data-element_type=\"section\">\n\t\t\t\t\t\t<div class=\"elementor-container elementor-column-gap-default\">\n\t\t\t\t\t<div class=\"elementor-column elementor-col-100 elementor-top-column elementor-element elementor-element-2c8aca5\" data-id=\"2c8aca5\" data-element_type=\"column\">\n\t\t\t<div class=\"elementor-widget-wrap elementor-element-populated\">\n\t\t\t\t\t\t<div class=\"elementor-element elementor-element-8004d3d elementor-widget elementor-widget-post-info\" data-id=\"8004d3d\" data-element_type=\"widget\" data-widget_type=\"post-info.default\">\n\t\t\t\t<div class=\"elementor-widget-container\">\n\t\t\t\t\t\t\t<ul class=\"elementor-inline-items elementor-icon-list-items elementor-post-info\">\n\t\t\t\t\t\t\t\t<li class=\"elementor-icon-list-item elementor-repeater-item-6361d24 elementor-inline-item\" itemprop=\"author\">\n\t\t\t\t\t\t<a href=\"https:\/\/pc.sc.gov.br\/?author=5\">\n\t\t\t\t\t\t\t\t\t\t\t<span class=\"elementor-icon-list-icon\">\n\t\t\t\t\t\t\t\t<i aria-hidden=\"true\" class=\"far fa-user-circle\"><\/i>\t\t\t\t\t\t\t<\/span>\n\t\t\t\t\t\t\t\t\t<span class=\"elementor-icon-list-text elementor-post-info__item elementor-post-info__item--type-author\">\n\t\t\t\t\t\t\t\t\t\tStefany de Souza Alves\t\t\t\t\t<\/span>\n\t\t\t\t\t\t\t\t\t<\/a>\n\t\t\t\t<\/li>\n\t\t\t\t<li class=\"elementor-icon-list-item elementor-repeater-item-ce9df45 elementor-inline-item\" itemprop=\"datePublished\">\n\t\t\t\t\t\t<a href=\"https:\/\/pc.sc.gov.br\/?m=20250805\">\n\t\t\t\t\t\t\t\t\t\t\t<span class=\"elementor-icon-list-icon\">\n\t\t\t\t\t\t\t\t<i aria-hidden=\"true\" class=\"fas fa-calendar\"><\/i>\t\t\t\t\t\t\t<\/span>\n\t\t\t\t\t\t\t\t\t<span class=\"elementor-icon-list-text elementor-post-info__item elementor-post-info__item--type-date\">\n\t\t\t\t\t\t\t\t\t\t<time>agosto 5, 2025<\/time>\t\t\t\t\t<\/span>\n\t\t\t\t\t\t\t\t\t<\/a>\n\t\t\t\t<\/li>\n\t\t\t\t<li class=\"elementor-icon-list-item elementor-repeater-item-3f79f92 elementor-inline-item\">\n\t\t\t\t\t\t\t\t\t\t<span class=\"elementor-icon-list-icon\">\n\t\t\t\t\t\t\t\t<i aria-hidden=\"true\" class=\"far fa-clock\"><\/i>\t\t\t\t\t\t\t<\/span>\n\t\t\t\t\t\t\t\t\t<span class=\"elementor-icon-list-text elementor-post-info__item elementor-post-info__item--type-time\">\n\t\t\t\t\t\t\t\t\t\t<time>1:43 pm<\/time>\t\t\t\t\t<\/span>\n\t\t\t\t\t\t\t\t<\/li>\n\t\t\t\t<\/ul>\n\t\t\t\t\t\t<\/div>\n\t\t\t\t<\/div>\n\t\t\t\t<div class=\"elementor-element elementor-element-af3ef75 elementor-widget elementor-widget-text-editor\" data-id=\"af3ef75\" data-element_type=\"widget\" data-widget_type=\"text-editor.default\">\n\t\t\t\t<div class=\"elementor-widget-container\">\n\t\t\t\t\t\t\t\t\t<p>A Pol\u00edcia Civil de Santa Catarina participou por meio da For\u00e7a Integrada de Combate ao Crime Organizado em Santa Catarina (FICCO\/SC), da opera\u00e7\u00e3o \u201c\u00c9 Tetra\u201d, com o objetivo de desarticular fac\u00e7\u00f5es criminosas envolvidas com o tr\u00e1fico de drogas e a lavagem de dinheiro em Santa Catarina, Paran\u00e1, Rio Grande do Sul, S\u00e3o Paulo e Mato Grosso.<\/p>\n<p>Na a\u00e7\u00e3o, est\u00e3o sendo cumpridos 35 mandados de busca e apreens\u00e3o. Al\u00e9m disso, a Justi\u00e7a ainda determinou o sequestro sobre bens e valores dos investigados e das pessoas jur\u00eddicas vinculadas aos suspeitos, at\u00e9 o montante de R$ 35 milh\u00f5es.<\/p>\n<p>As investiga\u00e7\u00f5es tiveram in\u00edcio em setembro de 2023, ap\u00f3s an\u00e1lise de dados apreendidos no cumprimento de mandado de busca e apreens\u00e3o e pris\u00e3o de um condenado de uma opera\u00e7\u00e3o da PF denominada Trinca de Ases, que se encontrava foragido e residindo no interior de S\u00e3o Paulo, inclusive utilizando documento falso.<\/p>\n<p>No dia 16\/4\/2024, durante uma a\u00e7\u00e3o da PF, uma pessoa, ligada ao mesmo esquema criminoso, foi presa em flagrante delito, quando transportava 33kg de coca\u00edna.<\/p>\n<p>No decorrer da apura\u00e7\u00e3o foi constatada expressiva movimenta\u00e7\u00e3o financeira com ind\u00edcios de origem il\u00edcita, em uma complexa estrutura de pessoas f\u00edsicas e jur\u00eddicas voltadas \u00e0 pr\u00e1tica de lavagem de dinheiro.<\/p>\n<p>A FICCO\/SC \u00e9 uma for\u00e7a-tarefa composta atualmente pela Pol\u00edcia Civil\/SC, Pol\u00edcia Federal e Secretaria de Justi\u00e7a e Reintegra\u00e7\u00e3o Social de Santa Catarina, que atua de forma integrada no enfrentamento ao crime organizado.<\/p>\n<p>Mandados de Busca Apreens\u00e3o:<\/p>\n<p>SANTA CATARINA<\/p>\n<p>Crici\u00fama\/SC \u2013 05<\/p>\n<p>I\u00e7ara\/SC \u2013 02<\/p>\n<p>Tubar\u00e3o\/SC &#8211; 02<\/p>\n<p>Grande Florian\u00f3polis\/SC \u2013 01<\/p>\n<p>Itapema\/SC &#8211; 01<\/p>\n<p>Balne\u00e1rio Cambori\u00fa\/SC -03<\/p>\n<p>Cambori\u00fa\/SC \u2013 02<\/p>\n<p>S\u00e3o Francisco do Sul\/SC &#8211; 02<\/p>\n<p>Campo Alegre\/SC &#8211; 01<\/p>\n<p>Penha\/SC 01<\/p>\n<p>RIO GRANDE DO SUL<\/p>\n<p>Porto Alegre\/RS \u2013 01<\/p>\n<p>S\u00c3O PAULO<\/p>\n<p>Osasco\/SP 03<\/p>\n<p>Americana\/SP 01<\/p>\n<p>S\u00e3o Roque \/SP 01<\/p>\n<p>S\u00e3o Jos\u00e9 dos Campos\/SP 01<\/p>\n<p>PARAN\u00c1<\/p>\n<p>Curitiba\/PR 03<\/p>\n<p>GOI\u00c1S<\/p>\n<p>Goi\u00e2nia\/GO 03<\/p>\n<p>MATO GROSSO DO SUL<\/p>\n<p>Itaquira\u00ed\/MS 02<\/p>\t\t\t\t\t\t\t\t<\/div>\n\t\t\t\t<\/div>\n\t\t\t\t\t<\/div>\n\t\t<\/div>\n\t\t\t\t\t<\/div>\n\t\t<\/section>\n\t\t\t\t<section class=\"elementor-section elementor-top-section elementor-element elementor-element-aadc7f6 elementor-section-boxed elementor-section-height-default elementor-section-height-default\" data-id=\"aadc7f6\" data-element_type=\"section\">\n\t\t\t\t\t\t<div class=\"elementor-container elementor-column-gap-default\">\n\t\t\t\t\t<div class=\"elementor-column elementor-col-100 elementor-top-column elementor-element elementor-element-a33dca3\" data-id=\"a33dca3\" data-element_type=\"column\">\n\t\t\t<div class=\"elementor-widget-wrap elementor-element-populated\">\n\t\t\t\t\t\t<div class=\"elementor-element elementor-element-8b69e6d elementor-widget elementor-widget-gallery\" data-id=\"8b69e6d\" data-element_type=\"widget\" data-settings=\"{&quot;columns&quot;:5,&quot;lazyload&quot;:&quot;yes&quot;,&quot;gallery_layout&quot;:&quot;grid&quot;,&quot;columns_tablet&quot;:2,&quot;columns_mobile&quot;:1,&quot;gap&quot;:{&quot;unit&quot;:&quot;px&quot;,&quot;size&quot;:10,&quot;sizes&quot;:[]},&quot;gap_tablet&quot;:{&quot;unit&quot;:&quot;px&quot;,&quot;size&quot;:10,&quot;sizes&quot;:[]},&quot;gap_mobile&quot;:{&quot;unit&quot;:&quot;px&quot;,&quot;size&quot;:10,&quot;sizes&quot;:[]},&quot;link_to&quot;:&quot;file&quot;,&quot;aspect_ratio&quot;:&quot;3:2&quot;,&quot;overlay_background&quot;:&quot;yes&quot;,&quot;content_hover_animation&quot;:&quot;fade-in&quot;}\" data-widget_type=\"gallery.default\">\n\t\t\t\t<div class=\"elementor-widget-container\">\n\t\t\t\t\t\t\t<div class=\"elementor-gallery__container\">\n\t\t\t\t\t\t\t<a class=\"e-gallery-item elementor-gallery-item elementor-animated-content\" href=\"https:\/\/pc.sc.gov.br\/\/wp-content\/uploads\/2025\/08\/WhatsApp-Image-2025-08-05-at-08.36.14.jpeg\" data-elementor-open-lightbox=\"yes\" data-elementor-lightbox-slideshow=\"8b69e6d\" data-elementor-lightbox-title=\"WhatsApp Image 2025-08-05 at 08.36.14\" data-e-action-hash=\"#elementor-action%3Aaction%3Dlightbox%26settings%3DeyJpZCI6MzA2MjIsInVybCI6Imh0dHBzOlwvXC9wYy5zYy5nb3YuYnJcL1wvd3AtY29udGVudFwvdXBsb2Fkc1wvMjAyNVwvMDhcL1doYXRzQXBwLUltYWdlLTIwMjUtMDgtMDUtYXQtMDguMzYuMTQuanBlZyIsInNsaWRlc2hvdyI6IjhiNjllNmQifQ%3D%3D\">\n\t\t\t\t\t<div class=\"e-gallery-image elementor-gallery-item__image\" data-thumbnail=\"https:\/\/pc.sc.gov.br\/\/wp-content\/uploads\/2025\/08\/WhatsApp-Image-2025-08-05-at-08.36.14-300x202.jpeg\" data-width=\"300\" data-height=\"202\" aria-label=\"\" role=\"img\" ><\/div>\n\t\t\t\t\t\t\t\t\t\t\t<div class=\"elementor-gallery-item__overlay\"><\/div>\n\t\t\t\t\t\t\t\t\t\t\t\t\t\t<\/a>\n\t\t\t\t\t\t\t<a class=\"e-gallery-item elementor-gallery-item elementor-animated-content\" href=\"https:\/\/pc.sc.gov.br\/\/wp-content\/uploads\/2025\/08\/WhatsApp-Image-2025-08-05-at-08.59.37-e1754412620864.jpeg\" data-elementor-open-lightbox=\"yes\" data-elementor-lightbox-slideshow=\"8b69e6d\" data-elementor-lightbox-title=\"WhatsApp Image 2025-08-05 at 08.59.37\" data-e-action-hash=\"#elementor-action%3Aaction%3Dlightbox%26settings%3DeyJpZCI6MzA2MTMsInVybCI6Imh0dHBzOlwvXC9wYy5zYy5nb3YuYnJcL1wvd3AtY29udGVudFwvdXBsb2Fkc1wvMjAyNVwvMDhcL1doYXRzQXBwLUltYWdlLTIwMjUtMDgtMDUtYXQtMDguNTkuMzctZTE3NTQ0MTI2MjA4NjQuanBlZyIsInNsaWRlc2hvdyI6IjhiNjllNmQifQ%3D%3D\">\n\t\t\t\t\t<div class=\"e-gallery-image elementor-gallery-item__image\" data-thumbnail=\"https:\/\/pc.sc.gov.br\/\/wp-content\/uploads\/2025\/08\/WhatsApp-Image-2025-08-05-at-08.59.37-e1754412620864-219x300.jpeg\" data-width=\"219\" data-height=\"300\" aria-label=\"\" role=\"img\" ><\/div>\n\t\t\t\t\t\t\t\t\t\t\t<div class=\"elementor-gallery-item__overlay\"><\/div>\n\t\t\t\t\t\t\t\t\t\t\t\t\t\t<\/a>\n\t\t\t\t\t\t\t<a class=\"e-gallery-item elementor-gallery-item elementor-animated-content\" href=\"https:\/\/pc.sc.gov.br\/\/wp-content\/uploads\/2025\/08\/WhatsApp-Image-2025-08-05-at-08.36.09.jpeg\" data-elementor-open-lightbox=\"yes\" data-elementor-lightbox-slideshow=\"8b69e6d\" data-elementor-lightbox-title=\"WhatsApp Image 2025-08-05 at 08.36.09\" data-e-action-hash=\"#elementor-action%3Aaction%3Dlightbox%26settings%3DeyJpZCI6MzA2MjEsInVybCI6Imh0dHBzOlwvXC9wYy5zYy5nb3YuYnJcL1wvd3AtY29udGVudFwvdXBsb2Fkc1wvMjAyNVwvMDhcL1doYXRzQXBwLUltYWdlLTIwMjUtMDgtMDUtYXQtMDguMzYuMDkuanBlZyIsInNsaWRlc2hvdyI6IjhiNjllNmQifQ%3D%3D\">\n\t\t\t\t\t<div class=\"e-gallery-image elementor-gallery-item__image\" data-thumbnail=\"https:\/\/pc.sc.gov.br\/\/wp-content\/uploads\/2025\/08\/WhatsApp-Image-2025-08-05-at-08.36.09-225x300.jpeg\" data-width=\"225\" data-height=\"300\" aria-label=\"\" role=\"img\" ><\/div>\n\t\t\t\t\t\t\t\t\t\t\t<div class=\"elementor-gallery-item__overlay\"><\/div>\n\t\t\t\t\t\t\t\t\t\t\t\t\t\t<\/a>\n\t\t\t\t\t\t\t<a class=\"e-gallery-item elementor-gallery-item elementor-animated-content\" href=\"https:\/\/pc.sc.gov.br\/\/wp-content\/uploads\/2025\/08\/WhatsApp-Image-2025-08-05-at-08.59.36.jpeg\" data-elementor-open-lightbox=\"yes\" data-elementor-lightbox-slideshow=\"8b69e6d\" data-elementor-lightbox-title=\"WhatsApp Image 2025-08-05 at 08.59.36\" data-e-action-hash=\"#elementor-action%3Aaction%3Dlightbox%26settings%3DeyJpZCI6MzA2MjMsInVybCI6Imh0dHBzOlwvXC9wYy5zYy5nb3YuYnJcL1wvd3AtY29udGVudFwvdXBsb2Fkc1wvMjAyNVwvMDhcL1doYXRzQXBwLUltYWdlLTIwMjUtMDgtMDUtYXQtMDguNTkuMzYuanBlZyIsInNsaWRlc2hvdyI6IjhiNjllNmQifQ%3D%3D\">\n\t\t\t\t\t<div class=\"e-gallery-image elementor-gallery-item__image\" data-thumbnail=\"https:\/\/pc.sc.gov.br\/\/wp-content\/uploads\/2025\/08\/WhatsApp-Image-2025-08-05-at-08.59.36-169x300.jpeg\" data-width=\"169\" data-height=\"300\" aria-label=\"\" role=\"img\" ><\/div>\n\t\t\t\t\t\t\t\t\t\t\t<div class=\"elementor-gallery-item__overlay\"><\/div>\n\t\t\t\t\t\t\t\t\t\t\t\t\t\t<\/a>\n\t\t\t\t\t\t\t<a class=\"e-gallery-item elementor-gallery-item elementor-animated-content\" href=\"https:\/\/pc.sc.gov.br\/\/wp-content\/uploads\/2025\/08\/WhatsApp-Image-2025-08-05-at-08.36.10.jpeg\" data-elementor-open-lightbox=\"yes\" data-elementor-lightbox-slideshow=\"8b69e6d\" data-elementor-lightbox-title=\"WhatsApp Image 2025-08-05 at 08.36.10\" data-e-action-hash=\"#elementor-action%3Aaction%3Dlightbox%26settings%3DeyJpZCI6MzA2MjAsInVybCI6Imh0dHBzOlwvXC9wYy5zYy5nb3YuYnJcL1wvd3AtY29udGVudFwvdXBsb2Fkc1wvMjAyNVwvMDhcL1doYXRzQXBwLUltYWdlLTIwMjUtMDgtMDUtYXQtMDguMzYuMTAuanBlZyIsInNsaWRlc2hvdyI6IjhiNjllNmQifQ%3D%3D\">\n\t\t\t\t\t<div class=\"e-gallery-image elementor-gallery-item__image\" data-thumbnail=\"https:\/\/pc.sc.gov.br\/\/wp-content\/uploads\/2025\/08\/WhatsApp-Image-2025-08-05-at-08.36.10-225x300.jpeg\" data-width=\"225\" data-height=\"300\" aria-label=\"\" role=\"img\" ><\/div>\n\t\t\t\t\t\t\t\t\t\t\t<div class=\"elementor-gallery-item__overlay\"><\/div>\n\t\t\t\t\t\t\t\t\t\t\t\t\t\t<\/a>\n\t\t\t\t\t\t\t<a class=\"e-gallery-item elementor-gallery-item elementor-animated-content\" href=\"https:\/\/pc.sc.gov.br\/\/wp-content\/uploads\/2025\/08\/WhatsApp-Image-2025-08-05-at-08.36.11.jpeg\" data-elementor-open-lightbox=\"yes\" data-elementor-lightbox-slideshow=\"8b69e6d\" data-elementor-lightbox-title=\"WhatsApp Image 2025-08-05 at 08.36.11\" data-e-action-hash=\"#elementor-action%3Aaction%3Dlightbox%26settings%3DeyJpZCI6MzA2MTksInVybCI6Imh0dHBzOlwvXC9wYy5zYy5nb3YuYnJcL1wvd3AtY29udGVudFwvdXBsb2Fkc1wvMjAyNVwvMDhcL1doYXRzQXBwLUltYWdlLTIwMjUtMDgtMDUtYXQtMDguMzYuMTEuanBlZyIsInNsaWRlc2hvdyI6IjhiNjllNmQifQ%3D%3D\">\n\t\t\t\t\t<div class=\"e-gallery-image elementor-gallery-item__image\" data-thumbnail=\"https:\/\/pc.sc.gov.br\/\/wp-content\/uploads\/2025\/08\/WhatsApp-Image-2025-08-05-at-08.36.11-169x300.jpeg\" data-width=\"169\" data-height=\"300\" aria-label=\"\" role=\"img\" ><\/div>\n\t\t\t\t\t\t\t\t\t\t\t<div class=\"elementor-gallery-item__overlay\"><\/div>\n\t\t\t\t\t\t\t\t\t\t\t\t\t\t<\/a>\n\t\t\t\t\t\t\t<a class=\"e-gallery-item elementor-gallery-item elementor-animated-content\" href=\"https:\/\/pc.sc.gov.br\/\/wp-content\/uploads\/2025\/08\/WhatsApp-Image-2025-08-05-at-08.36.11-1.jpeg\" data-elementor-open-lightbox=\"yes\" data-elementor-lightbox-slideshow=\"8b69e6d\" data-elementor-lightbox-title=\"WhatsApp Image 2025-08-05 at 08.36.11 (1)\" data-e-action-hash=\"#elementor-action%3Aaction%3Dlightbox%26settings%3DeyJpZCI6MzA2MTgsInVybCI6Imh0dHBzOlwvXC9wYy5zYy5nb3YuYnJcL1wvd3AtY29udGVudFwvdXBsb2Fkc1wvMjAyNVwvMDhcL1doYXRzQXBwLUltYWdlLTIwMjUtMDgtMDUtYXQtMDguMzYuMTEtMS5qcGVnIiwic2xpZGVzaG93IjoiOGI2OWU2ZCJ9\">\n\t\t\t\t\t<div class=\"e-gallery-image elementor-gallery-item__image\" data-thumbnail=\"https:\/\/pc.sc.gov.br\/\/wp-content\/uploads\/2025\/08\/WhatsApp-Image-2025-08-05-at-08.36.11-1-169x300.jpeg\" data-width=\"169\" data-height=\"300\" aria-label=\"\" role=\"img\" ><\/div>\n\t\t\t\t\t\t\t\t\t\t\t<div class=\"elementor-gallery-item__overlay\"><\/div>\n\t\t\t\t\t\t\t\t\t\t\t\t\t\t<\/a>\n\t\t\t\t\t\t\t<a class=\"e-gallery-item elementor-gallery-item elementor-animated-content\" href=\"https:\/\/pc.sc.gov.br\/\/wp-content\/uploads\/2025\/08\/WhatsApp-Image-2025-08-05-at-08.36.12.jpeg\" data-elementor-open-lightbox=\"yes\" data-elementor-lightbox-slideshow=\"8b69e6d\" data-elementor-lightbox-title=\"WhatsApp Image 2025-08-05 at 08.36.12\" data-e-action-hash=\"#elementor-action%3Aaction%3Dlightbox%26settings%3DeyJpZCI6MzA2MTcsInVybCI6Imh0dHBzOlwvXC9wYy5zYy5nb3YuYnJcL1wvd3AtY29udGVudFwvdXBsb2Fkc1wvMjAyNVwvMDhcL1doYXRzQXBwLUltYWdlLTIwMjUtMDgtMDUtYXQtMDguMzYuMTIuanBlZyIsInNsaWRlc2hvdyI6IjhiNjllNmQifQ%3D%3D\">\n\t\t\t\t\t<div class=\"e-gallery-image elementor-gallery-item__image\" data-thumbnail=\"https:\/\/pc.sc.gov.br\/\/wp-content\/uploads\/2025\/08\/WhatsApp-Image-2025-08-05-at-08.36.12-169x300.jpeg\" data-width=\"169\" data-height=\"300\" aria-label=\"\" role=\"img\" ><\/div>\n\t\t\t\t\t\t\t\t\t\t\t<div class=\"elementor-gallery-item__overlay\"><\/div>\n\t\t\t\t\t\t\t\t\t\t\t\t\t\t<\/a>\n\t\t\t\t\t\t\t<a class=\"e-gallery-item elementor-gallery-item elementor-animated-content\" href=\"https:\/\/pc.sc.gov.br\/\/wp-content\/uploads\/2025\/08\/WhatsApp-Image-2025-08-05-at-08.36.12-1.jpeg\" data-elementor-open-lightbox=\"yes\" data-elementor-lightbox-slideshow=\"8b69e6d\" data-elementor-lightbox-title=\"WhatsApp Image 2025-08-05 at 08.36.12 (1)\" data-e-action-hash=\"#elementor-action%3Aaction%3Dlightbox%26settings%3DeyJpZCI6MzA2MTYsInVybCI6Imh0dHBzOlwvXC9wYy5zYy5nb3YuYnJcL1wvd3AtY29udGVudFwvdXBsb2Fkc1wvMjAyNVwvMDhcL1doYXRzQXBwLUltYWdlLTIwMjUtMDgtMDUtYXQtMDguMzYuMTItMS5qcGVnIiwic2xpZGVzaG93IjoiOGI2OWU2ZCJ9\">\n\t\t\t\t\t<div class=\"e-gallery-image elementor-gallery-item__image\" data-thumbnail=\"https:\/\/pc.sc.gov.br\/\/wp-content\/uploads\/2025\/08\/WhatsApp-Image-2025-08-05-at-08.36.12-1-169x300.jpeg\" data-width=\"169\" data-height=\"300\" aria-label=\"\" role=\"img\" ><\/div>\n\t\t\t\t\t\t\t\t\t\t\t<div class=\"elementor-gallery-item__overlay\"><\/div>\n\t\t\t\t\t\t\t\t\t\t\t\t\t\t<\/a>\n\t\t\t\t\t\t\t<a class=\"e-gallery-item elementor-gallery-item elementor-animated-content\" href=\"https:\/\/pc.sc.gov.br\/\/wp-content\/uploads\/2025\/08\/WhatsApp-Image-2025-08-05-at-08.36.12-2.jpeg\" data-elementor-open-lightbox=\"yes\" data-elementor-lightbox-slideshow=\"8b69e6d\" data-elementor-lightbox-title=\"WhatsApp Image 2025-08-05 at 08.36.12 (2)\" data-e-action-hash=\"#elementor-action%3Aaction%3Dlightbox%26settings%3DeyJpZCI6MzA2MTUsInVybCI6Imh0dHBzOlwvXC9wYy5zYy5nb3YuYnJcL1wvd3AtY29udGVudFwvdXBsb2Fkc1wvMjAyNVwvMDhcL1doYXRzQXBwLUltYWdlLTIwMjUtMDgtMDUtYXQtMDguMzYuMTItMi5qcGVnIiwic2xpZGVzaG93IjoiOGI2OWU2ZCJ9\">\n\t\t\t\t\t<div class=\"e-gallery-image elementor-gallery-item__image\" data-thumbnail=\"https:\/\/pc.sc.gov.br\/\/wp-content\/uploads\/2025\/08\/WhatsApp-Image-2025-08-05-at-08.36.12-2-289x300.jpeg\" data-width=\"289\" data-height=\"300\" aria-label=\"\" role=\"img\" ><\/div>\n\t\t\t\t\t\t\t\t\t\t\t<div class=\"elementor-gallery-item__overlay\"><\/div>\n\t\t\t\t\t\t\t\t\t\t\t\t\t\t<\/a>\n\t\t\t\t\t<\/div>\n\t\t\t\t\t<\/div>\n\t\t\t\t<\/div>\n\t\t\t\t\t<\/div>\n\t\t<\/div>\n\t\t\t\t\t<\/div>\n\t\t<\/section>\n\t\t\t\t<\/div>\n\t\t","protected":false},"excerpt":{"rendered":"<p>Pol\u00edcia Civil participa de opera\u00e7\u00e3o de combate ao tr\u00e1fico de drogas e lavagem de dinheiro em cinco estados brasileiros A Pol\u00edcia Civil de Santa Catarina participou por meio da For\u00e7a Integrada de Combate ao Crime Organizado em Santa Catarina (FICCO\/SC), da opera\u00e7\u00e3o \u201c\u00c9 Tetra\u201d, com o objetivo de desarticular fac\u00e7\u00f5es criminosas envolvidas com o tr\u00e1fico [&hellip;]<\/p>\n","protected":false},"author":5,"featured_media":30613,"comment_status":"closed","ping_status":"open","sticky":false,"template":"","format":"standard","meta":{"_monsterinsights_skip_tracking":false,"_monsterinsights_sitenote_active":false,"_monsterinsights_sitenote_note":"","_monsterinsights_sitenote_category":0,"footnotes":""},"categories":[1],"tags":[],"class_list":["post-30612","post","type-post","status-publish","format-standard","has-post-thumbnail","hentry","category-sem-categoria"],"_links":{"self":[{"href":"https:\/\/pc.sc.gov.br\/index.php?rest_route=\/wp\/v2\/posts\/30612","targetHints":{"allow":["GET"]}}],"collection":[{"href":"https:\/\/pc.sc.gov.br\/index.php?rest_route=\/wp\/v2\/posts"}],"about":[{"href":"https:\/\/pc.sc.gov.br\/index.php?rest_route=\/wp\/v2\/types\/post"}],"author":[{"embeddable":true,"href":"https:\/\/pc.sc.gov.br\/index.php?rest_route=\/wp\/v2\/users\/5"}],"replies":[{"embeddable":true,"href":"https:\/\/pc.sc.gov.br\/index.php?rest_route=%2Fwp%2Fv2%2Fcomments&post=30612"}],"version-history":[{"count":7,"href":"https:\/\/pc.sc.gov.br\/index.php?rest_route=\/wp\/v2\/posts\/30612\/revisions"}],"predecessor-version":[{"id":30630,"href":"https:\/\/pc.sc.gov.br\/index.php?rest_route=\/wp\/v2\/posts\/30612\/revisions\/30630"}],"wp:featuredmedia":[{"embeddable":true,"href":"https:\/\/pc.sc.gov.br\/index.php?rest_route=\/wp\/v2\/media\/30613"}],"wp:attachment":[{"href":"https:\/\/pc.sc.gov.br\/index.php?rest_route=%2Fwp%2Fv2%2Fmedia&parent=30612"}],"wp:term":[{"taxonomy":"category","embeddable":true,"href":"https:\/\/pc.sc.gov.br\/index.php?rest_route=%2Fwp%2Fv2%2Fcategories&post=30612"},{"taxonomy":"post_tag","embeddable":true,"href":"https:\/\/pc.sc.gov.br\/index.php?rest_route=%2Fwp%2Fv2%2Ftags&post=30612"}],"curies":[{"name":"wp","href":"https:\/\/api.w.org\/{rel}","templated":true}]}}