{"id":30643,"date":"2025-08-05T15:23:27","date_gmt":"2025-08-05T18:23:27","guid":{"rendered":"https:\/\/pc.sc.gov.br\/?p=30643"},"modified":"2025-08-05T15:33:08","modified_gmt":"2025-08-05T18:33:08","slug":"policia-civil-deflagra-3a-fase-da-operacao-identidade-oculta-em-palhoca","status":"publish","type":"post","link":"https:\/\/pc.sc.gov.br\/?p=30643","title":{"rendered":"Pol\u00edcia Civil deflagra 3\u00aa fase da Opera\u00e7\u00e3o Identidade Oculta em Palho\u00e7a"},"content":{"rendered":"\t\t<div data-elementor-type=\"wp-post\" data-elementor-id=\"30643\" class=\"elementor elementor-30643\" data-elementor-post-type=\"post\">\n\t\t\t\t\t\t<section class=\"elementor-section elementor-top-section elementor-element elementor-element-52b446cf elementor-section-boxed elementor-section-height-default elementor-section-height-default\" data-id=\"52b446cf\" data-element_type=\"section\">\n\t\t\t\t\t\t<div class=\"elementor-container elementor-column-gap-default\">\n\t\t\t\t\t<div class=\"elementor-column elementor-col-100 elementor-top-column elementor-element elementor-element-e9ab0c8\" data-id=\"e9ab0c8\" data-element_type=\"column\">\n\t\t\t<div class=\"elementor-widget-wrap elementor-element-populated\">\n\t\t\t\t\t\t<div class=\"elementor-element elementor-element-071cf49 elementor-widget elementor-widget-heading\" data-id=\"071cf49\" data-element_type=\"widget\" data-widget_type=\"heading.default\">\n\t\t\t\t<div class=\"elementor-widget-container\">\n\t\t\t\t\t<h2 class=\"elementor-heading-title elementor-size-default\">Pol\u00edcia Civil deflagra 3\u00aa fase da Opera\u00e7\u00e3o Identidade Oculta em Palho\u00e7a<\/h2>\t\t\t\t<\/div>\n\t\t\t\t<\/div>\n\t\t\t\t<div class=\"elementor-element elementor-element-557198d4 elementor-widget elementor-widget-text-editor\" data-id=\"557198d4\" data-element_type=\"widget\" data-widget_type=\"text-editor.default\">\n\t\t\t\t<div class=\"elementor-widget-container\">\n\t\t\t\t\t\t\t\t\t\n<figure class=\"wp-block-image size-large\"><img decoding=\"async\" src=\"https:\/\/pc.sc.gov.br\/wp-content\/uploads\/2023\/06\/VIATURA_000000000028-1-e1753825622805-696x1024.jpg\" alt=\"\" class=\"wp-image-10113\"\/><\/figure>\n\t\t\t\t\t\t\t\t<\/div>\n\t\t\t\t<\/div>\n\t\t\t\t\t<\/div>\n\t\t<\/div>\n\t\t\t\t\t<\/div>\n\t\t<\/section>\n\t\t\t\t<section class=\"elementor-section elementor-top-section elementor-element elementor-element-2b5aedf elementor-section-boxed elementor-section-height-default elementor-section-height-default\" data-id=\"2b5aedf\" data-element_type=\"section\">\n\t\t\t\t\t\t<div class=\"elementor-container elementor-column-gap-default\">\n\t\t\t\t\t<div class=\"elementor-column elementor-col-100 elementor-top-column elementor-element elementor-element-f3569c4\" data-id=\"f3569c4\" data-element_type=\"column\">\n\t\t\t<div class=\"elementor-widget-wrap elementor-element-populated\">\n\t\t\t\t\t\t<div class=\"elementor-element elementor-element-06ed10f elementor-widget elementor-widget-post-info\" data-id=\"06ed10f\" data-element_type=\"widget\" data-widget_type=\"post-info.default\">\n\t\t\t\t<div class=\"elementor-widget-container\">\n\t\t\t\t\t\t\t<ul class=\"elementor-inline-items elementor-icon-list-items elementor-post-info\">\n\t\t\t\t\t\t\t\t<li class=\"elementor-icon-list-item elementor-repeater-item-2707f00 elementor-inline-item\" itemprop=\"author\">\n\t\t\t\t\t\t<a href=\"https:\/\/pc.sc.gov.br\/?author=5\">\n\t\t\t\t\t\t\t\t\t\t\t<span class=\"elementor-icon-list-icon\">\n\t\t\t\t\t\t\t\t<i aria-hidden=\"true\" class=\"far fa-user-circle\"><\/i>\t\t\t\t\t\t\t<\/span>\n\t\t\t\t\t\t\t\t\t<span class=\"elementor-icon-list-text elementor-post-info__item elementor-post-info__item--type-author\">\n\t\t\t\t\t\t\t\t\t\tStefany de Souza Alves\t\t\t\t\t<\/span>\n\t\t\t\t\t\t\t\t\t<\/a>\n\t\t\t\t<\/li>\n\t\t\t\t<li class=\"elementor-icon-list-item elementor-repeater-item-f9bcedb elementor-inline-item\" itemprop=\"datePublished\">\n\t\t\t\t\t\t<a href=\"https:\/\/pc.sc.gov.br\/?m=20250805\">\n\t\t\t\t\t\t\t\t\t\t\t<span class=\"elementor-icon-list-icon\">\n\t\t\t\t\t\t\t\t<i aria-hidden=\"true\" class=\"fas fa-calendar\"><\/i>\t\t\t\t\t\t\t<\/span>\n\t\t\t\t\t\t\t\t\t<span class=\"elementor-icon-list-text elementor-post-info__item elementor-post-info__item--type-date\">\n\t\t\t\t\t\t\t\t\t\t<time>agosto 5, 2025<\/time>\t\t\t\t\t<\/span>\n\t\t\t\t\t\t\t\t\t<\/a>\n\t\t\t\t<\/li>\n\t\t\t\t<li class=\"elementor-icon-list-item elementor-repeater-item-80e792b elementor-inline-item\">\n\t\t\t\t\t\t\t\t\t\t<span class=\"elementor-icon-list-icon\">\n\t\t\t\t\t\t\t\t<i aria-hidden=\"true\" class=\"far fa-clock\"><\/i>\t\t\t\t\t\t\t<\/span>\n\t\t\t\t\t\t\t\t\t<span class=\"elementor-icon-list-text elementor-post-info__item elementor-post-info__item--type-time\">\n\t\t\t\t\t\t\t\t\t\t<time>3:23 pm<\/time>\t\t\t\t\t<\/span>\n\t\t\t\t\t\t\t\t<\/li>\n\t\t\t\t<\/ul>\n\t\t\t\t\t\t<\/div>\n\t\t\t\t<\/div>\n\t\t\t\t<div class=\"elementor-element elementor-element-5cd53c6 elementor-widget elementor-widget-text-editor\" data-id=\"5cd53c6\" data-element_type=\"widget\" data-widget_type=\"text-editor.default\">\n\t\t\t\t<div class=\"elementor-widget-container\">\n\t\t\t\t\t\t\t\t\t<p>A Pol\u00edcia Civil de Santa Catarina, por meio da Delegacia de Homic\u00eddios (DIC\/DH) de Palho\u00e7a, deflagrou, na data de ontem (04\/08), a terceira fase da Opera\u00e7\u00e3o Identidade Oculta, dando cumprimento a dois mandados de busca e apreens\u00e3o e um mandado de pris\u00e3o expedidos pela 1\u00aa Vara Criminal da Comarca de Palho\u00e7a.<\/p>\n<p>A a\u00e7\u00e3o integra as investiga\u00e7\u00f5es de um homic\u00eddio cuja v\u00edtima, at\u00e9 o momento, permanece sem identifica\u00e7\u00e3o. O corpo, encontrado carbonizado em 30 de setembro de 2024, em uma \u00e1rea de invas\u00e3o na Comunidade Brejaru, teve o crime novamente atribu\u00eddo a uma organiza\u00e7\u00e3o criminosa.<\/p>\n<p>Na primeira fase da opera\u00e7\u00e3o, foram cumpridos mandados de busca e apreens\u00e3o que resultaram na arrecada\u00e7\u00e3o de objetos de interesse para a investiga\u00e7\u00e3o. A an\u00e1lise dos aparelhos eletr\u00f4nicos apreendidos, aliada \u00e0 ado\u00e7\u00e3o de outras medidas cautelares, permitiu o avan\u00e7o das dilig\u00eancias, inclusive com a identifica\u00e7\u00e3o de outro homic\u00eddio \u2014 cujo corpo ainda n\u00e3o foi localizado \u2014 e de crimes de tortura com v\u00edtimas identificadas.<\/p>\n<p>Apesar da realiza\u00e7\u00e3o de exames comparativos de DNA, a v\u00edtima encontrada carbonizada ainda n\u00e3o foi formalmente identificada.<\/p>\n<p>Na presente fase, tamb\u00e9m foi dado cumprimento ao mandado de pris\u00e3o de um indiv\u00edduo pelos crimes de tr\u00e1fico de drogas e organiza\u00e7\u00e3o criminosa.<\/p>\n<p>A Opera\u00e7\u00e3o contou com o apoio da Pol\u00edcia Militar de Santa Catarina, por meio da Ag\u00eancia de Intelig\u00eancia do 16\u00ba BPM, e a DPCO de Palho\u00e7a.<\/p>\n<p>\u00a0<\/p>\t\t\t\t\t\t\t\t<\/div>\n\t\t\t\t<\/div>\n\t\t\t\t\t<\/div>\n\t\t<\/div>\n\t\t\t\t\t<\/div>\n\t\t<\/section>\n\t\t\t\t<\/div>\n\t\t","protected":false},"excerpt":{"rendered":"<p>Pol\u00edcia Civil deflagra 3\u00aa fase da Opera\u00e7\u00e3o Identidade Oculta em Palho\u00e7a A Pol\u00edcia Civil de Santa Catarina, por meio da Delegacia de Homic\u00eddios (DIC\/DH) de Palho\u00e7a, deflagrou, na data de ontem (04\/08), a terceira fase da Opera\u00e7\u00e3o Identidade Oculta, dando cumprimento a dois mandados de busca e apreens\u00e3o e um mandado de pris\u00e3o expedidos pela [&hellip;]<\/p>\n","protected":false},"author":5,"featured_media":10113,"comment_status":"closed","ping_status":"open","sticky":false,"template":"","format":"standard","meta":{"_monsterinsights_skip_tracking":false,"_monsterinsights_sitenote_active":false,"_monsterinsights_sitenote_note":"","_monsterinsights_sitenote_category":0,"footnotes":""},"categories":[1],"tags":[],"class_list":["post-30643","post","type-post","status-publish","format-standard","has-post-thumbnail","hentry","category-sem-categoria"],"_links":{"self":[{"href":"https:\/\/pc.sc.gov.br\/index.php?rest_route=\/wp\/v2\/posts\/30643","targetHints":{"allow":["GET"]}}],"collection":[{"href":"https:\/\/pc.sc.gov.br\/index.php?rest_route=\/wp\/v2\/posts"}],"about":[{"href":"https:\/\/pc.sc.gov.br\/index.php?rest_route=\/wp\/v2\/types\/post"}],"author":[{"embeddable":true,"href":"https:\/\/pc.sc.gov.br\/index.php?rest_route=\/wp\/v2\/users\/5"}],"replies":[{"embeddable":true,"href":"https:\/\/pc.sc.gov.br\/index.php?rest_route=%2Fwp%2Fv2%2Fcomments&post=30643"}],"version-history":[{"count":7,"href":"https:\/\/pc.sc.gov.br\/index.php?rest_route=\/wp\/v2\/posts\/30643\/revisions"}],"predecessor-version":[{"id":30650,"href":"https:\/\/pc.sc.gov.br\/index.php?rest_route=\/wp\/v2\/posts\/30643\/revisions\/30650"}],"wp:featuredmedia":[{"embeddable":true,"href":"https:\/\/pc.sc.gov.br\/index.php?rest_route=\/wp\/v2\/media\/10113"}],"wp:attachment":[{"href":"https:\/\/pc.sc.gov.br\/index.php?rest_route=%2Fwp%2Fv2%2Fmedia&parent=30643"}],"wp:term":[{"taxonomy":"category","embeddable":true,"href":"https:\/\/pc.sc.gov.br\/index.php?rest_route=%2Fwp%2Fv2%2Fcategories&post=30643"},{"taxonomy":"post_tag","embeddable":true,"href":"https:\/\/pc.sc.gov.br\/index.php?rest_route=%2Fwp%2Fv2%2Ftags&post=30643"}],"curies":[{"name":"wp","href":"https:\/\/api.w.org\/{rel}","templated":true}]}}