{"id":3101,"date":"2022-12-26T16:13:08","date_gmt":"2022-12-26T19:13:08","guid":{"rendered":"https:\/\/pc.sc.gov.br\/?p=3101"},"modified":"2022-12-26T16:13:11","modified_gmt":"2022-12-26T19:13:11","slug":"policia-civil-identifica-suspeito-de-roubo-armado-em-comercio-em-criciuma","status":"publish","type":"post","link":"https:\/\/pc.sc.gov.br\/?p=3101","title":{"rendered":"Pol\u00edcia Civil identifica suspeito de roubo armado em com\u00e9rcio em Crici\u00fama"},"content":{"rendered":"\t\t<div data-elementor-type=\"wp-post\" data-elementor-id=\"3101\" class=\"elementor elementor-3101\" data-elementor-post-type=\"post\">\n\t\t\t\t\t\t<section class=\"elementor-section elementor-top-section elementor-element elementor-element-61cd2db elementor-section-boxed elementor-section-height-default elementor-section-height-default\" data-id=\"61cd2db\" data-element_type=\"section\">\n\t\t\t\t\t\t<div class=\"elementor-container elementor-column-gap-default\">\n\t\t\t\t\t<div class=\"elementor-column elementor-col-100 elementor-top-column elementor-element elementor-element-559bf43\" data-id=\"559bf43\" data-element_type=\"column\">\n\t\t\t<div class=\"elementor-widget-wrap elementor-element-populated\">\n\t\t\t\t\t\t<div class=\"elementor-element elementor-element-807dcf3 elementor-widget elementor-widget-heading\" data-id=\"807dcf3\" data-element_type=\"widget\" data-widget_type=\"heading.default\">\n\t\t\t\t<div class=\"elementor-widget-container\">\n\t\t\t\t\t<h2 class=\"elementor-heading-title elementor-size-default\">Pol\u00edcia Civil identifica suspeito de roubo armado em com\u00e9rcio em Crici\u00fama<\/h2>\t\t\t\t<\/div>\n\t\t\t\t<\/div>\n\t\t\t\t<div class=\"elementor-element elementor-element-042b7b0 elementor-widget elementor-widget-image\" data-id=\"042b7b0\" data-element_type=\"widget\" data-widget_type=\"image.default\">\n\t\t\t\t<div class=\"elementor-widget-container\">\n\t\t\t\t\t\t\t\t\t\t\t\t\t\t\t<img fetchpriority=\"high\" decoding=\"async\" width=\"696\" height=\"326\" src=\"https:\/\/pc.sc.gov.br\/\/wp-content\/uploads\/2022\/12\/PC_SDNSKFNDKLFND-KGFDNMKGCBFHCNGFJHHGJVGFDDDDDSASADSFGHF-1024x479.jpg\" class=\"attachment-large size-large wp-image-3102\" alt=\"\" srcset=\"https:\/\/pc.sc.gov.br\/\/wp-content\/uploads\/2022\/12\/PC_SDNSKFNDKLFND-KGFDNMKGCBFHCNGFJHHGJVGFDDDDDSASADSFGHF-1024x479.jpg 1024w, https:\/\/pc.sc.gov.br\/\/wp-content\/uploads\/2022\/12\/PC_SDNSKFNDKLFND-KGFDNMKGCBFHCNGFJHHGJVGFDDDDDSASADSFGHF-300x140.jpg 300w, https:\/\/pc.sc.gov.br\/\/wp-content\/uploads\/2022\/12\/PC_SDNSKFNDKLFND-KGFDNMKGCBFHCNGFJHHGJVGFDDDDDSASADSFGHF-768x359.jpg 768w, https:\/\/pc.sc.gov.br\/\/wp-content\/uploads\/2022\/12\/PC_SDNSKFNDKLFND-KGFDNMKGCBFHCNGFJHHGJVGFDDDDDSASADSFGHF.jpg 1280w\" sizes=\"(max-width: 696px) 100vw, 696px\" \/>\t\t\t\t\t\t\t\t\t\t\t\t\t\t\t<\/div>\n\t\t\t\t<\/div>\n\t\t\t\t<div class=\"elementor-element elementor-element-19cd02b elementor-widget elementor-widget-text-editor\" data-id=\"19cd02b\" data-element_type=\"widget\" data-widget_type=\"text-editor.default\">\n\t\t\t\t<div class=\"elementor-widget-container\">\n\t\t\t\t\t\t\t\t\t<p>A Pol\u00edcia Civil, por meio da Divis\u00e3o de Repress\u00e3o a Roubos (DRR\/DIC) de Crici\u00fama), realizou o indiciamento de um homem por roubo armado em uma loja de celulares no bairro Santa Luzia, em Crici\u00fama, Sul do Estado.<\/p><p>O crime ocorreu em agosto, na parte da manh\u00e3, quando o suspeito ingressou no local e anunciou o roubo. A funcion\u00e1ria acatou as exig\u00eancias e entregou valores e objetos da loja ao homem, que fugiu em seguida. Ap\u00f3s dilig\u00eancias, os policiais civis realizaram a identifica\u00e7\u00e3o do homem.<\/p><p>O investigado foi indiciado pelo crime de roubo majorado pelo uso de arma de fogo. Ele possui hist\u00f3rico em delitos desta natureza, tendo sido preso em flagrante em outro roubo no bairro Santa B\u00e1rbara, em setembro deste ano. Ele permanece preso no Pres\u00eddio Regional de Crici\u00fama aguardando julgamento pelo Poder Judici\u00e1rio.<\/p>\t\t\t\t\t\t\t\t<\/div>\n\t\t\t\t<\/div>\n\t\t\t\t\t<\/div>\n\t\t<\/div>\n\t\t\t\t\t<\/div>\n\t\t<\/section>\n\t\t\t\t<\/div>\n\t\t","protected":false},"excerpt":{"rendered":"<p>Pol\u00edcia Civil identifica suspeito de roubo armado em com\u00e9rcio em Crici\u00fama A Pol\u00edcia Civil, por meio da Divis\u00e3o de Repress\u00e3o a Roubos (DRR\/DIC) de Crici\u00fama), realizou o indiciamento de um homem por roubo armado em uma loja de celulares no bairro Santa Luzia, em Crici\u00fama, Sul do Estado. O crime ocorreu em agosto, na parte [&hellip;]<\/p>\n","protected":false},"author":5,"featured_media":3102,"comment_status":"closed","ping_status":"open","sticky":false,"template":"","format":"standard","meta":{"_monsterinsights_skip_tracking":false,"_monsterinsights_sitenote_active":false,"_monsterinsights_sitenote_note":"","_monsterinsights_sitenote_category":0,"footnotes":""},"categories":[1],"tags":[],"class_list":["post-3101","post","type-post","status-publish","format-standard","has-post-thumbnail","hentry","category-sem-categoria"],"_links":{"self":[{"href":"https:\/\/pc.sc.gov.br\/index.php?rest_route=\/wp\/v2\/posts\/3101","targetHints":{"allow":["GET"]}}],"collection":[{"href":"https:\/\/pc.sc.gov.br\/index.php?rest_route=\/wp\/v2\/posts"}],"about":[{"href":"https:\/\/pc.sc.gov.br\/index.php?rest_route=\/wp\/v2\/types\/post"}],"author":[{"embeddable":true,"href":"https:\/\/pc.sc.gov.br\/index.php?rest_route=\/wp\/v2\/users\/5"}],"replies":[{"embeddable":true,"href":"https:\/\/pc.sc.gov.br\/index.php?rest_route=%2Fwp%2Fv2%2Fcomments&post=3101"}],"version-history":[{"count":4,"href":"https:\/\/pc.sc.gov.br\/index.php?rest_route=\/wp\/v2\/posts\/3101\/revisions"}],"predecessor-version":[{"id":3106,"href":"https:\/\/pc.sc.gov.br\/index.php?rest_route=\/wp\/v2\/posts\/3101\/revisions\/3106"}],"wp:featuredmedia":[{"embeddable":true,"href":"https:\/\/pc.sc.gov.br\/index.php?rest_route=\/wp\/v2\/media\/3102"}],"wp:attachment":[{"href":"https:\/\/pc.sc.gov.br\/index.php?rest_route=%2Fwp%2Fv2%2Fmedia&parent=3101"}],"wp:term":[{"taxonomy":"category","embeddable":true,"href":"https:\/\/pc.sc.gov.br\/index.php?rest_route=%2Fwp%2Fv2%2Fcategories&post=3101"},{"taxonomy":"post_tag","embeddable":true,"href":"https:\/\/pc.sc.gov.br\/index.php?rest_route=%2Fwp%2Fv2%2Ftags&post=3101"}],"curies":[{"name":"wp","href":"https:\/\/api.w.org\/{rel}","templated":true}]}}