{"id":31108,"date":"2025-08-15T13:56:34","date_gmt":"2025-08-15T16:56:34","guid":{"rendered":"https:\/\/pc.sc.gov.br\/?p=31108"},"modified":"2025-08-15T13:57:46","modified_gmt":"2025-08-15T16:57:46","slug":"acao-conjunta-entre-pcsc-e-pcpr-resulta-na-prisao-de-dois-homens-em-camboriu","status":"publish","type":"post","link":"https:\/\/pc.sc.gov.br\/?p=31108","title":{"rendered":"A\u00e7\u00e3o conjunta entre PCSC e PCPR resulta na pris\u00e3o de dois homens em Cambori\u00fa"},"content":{"rendered":"\t\t<div data-elementor-type=\"wp-post\" data-elementor-id=\"31108\" class=\"elementor elementor-31108\" data-elementor-post-type=\"post\">\n\t\t\t\t\t\t<section class=\"elementor-section elementor-top-section elementor-element elementor-element-8d6e815 elementor-section-boxed elementor-section-height-default elementor-section-height-default\" data-id=\"8d6e815\" data-element_type=\"section\">\n\t\t\t\t\t\t<div class=\"elementor-container elementor-column-gap-default\">\n\t\t\t\t\t<div class=\"elementor-column elementor-col-100 elementor-top-column elementor-element elementor-element-8c9d60b\" data-id=\"8c9d60b\" data-element_type=\"column\">\n\t\t\t<div class=\"elementor-widget-wrap elementor-element-populated\">\n\t\t\t\t\t\t<div class=\"elementor-element elementor-element-8860f58 elementor-widget elementor-widget-heading\" data-id=\"8860f58\" data-element_type=\"widget\" data-widget_type=\"heading.default\">\n\t\t\t\t<div class=\"elementor-widget-container\">\n\t\t\t\t\t<h2 class=\"elementor-heading-title elementor-size-default\">A\u00e7\u00e3o conjunta entre PCSC e PCPR resulta na pris\u00e3o de dois homens em Cambori\u00fa <\/h2>\t\t\t\t<\/div>\n\t\t\t\t<\/div>\n\t\t\t\t\t<\/div>\n\t\t<\/div>\n\t\t\t\t\t<\/div>\n\t\t<\/section>\n\t\t\t\t<section class=\"elementor-section elementor-top-section elementor-element elementor-element-1be232f elementor-section-boxed elementor-section-height-default elementor-section-height-default\" data-id=\"1be232f\" data-element_type=\"section\">\n\t\t\t\t\t\t<div class=\"elementor-container elementor-column-gap-default\">\n\t\t\t\t\t<div class=\"elementor-column elementor-col-100 elementor-top-column elementor-element elementor-element-754db50\" data-id=\"754db50\" data-element_type=\"column\">\n\t\t\t<div class=\"elementor-widget-wrap elementor-element-populated\">\n\t\t\t\t\t\t<div class=\"elementor-element elementor-element-2da19f3 elementor-widget elementor-widget-image\" data-id=\"2da19f3\" data-element_type=\"widget\" data-widget_type=\"image.default\">\n\t\t\t\t<div class=\"elementor-widget-container\">\n\t\t\t\t\t\t\t\t\t\t\t\t\t\t\t<img decoding=\"async\" src=\"https:\/\/pc.sc.gov.br\/\/wp-content\/uploads\/2025\/08\/WhatsApp-Image-2025-08-15-at-08.40.11-e1755276961508.jpeg\" title=\"WhatsApp Image 2025-08-15 at 08.40.11\" alt=\"WhatsApp Image 2025-08-15 at 08.40.11\" loading=\"lazy\" \/>\t\t\t\t\t\t\t\t\t\t\t\t\t\t\t<\/div>\n\t\t\t\t<\/div>\n\t\t\t\t\t<\/div>\n\t\t<\/div>\n\t\t\t\t\t<\/div>\n\t\t<\/section>\n\t\t\t\t<section class=\"elementor-section elementor-top-section elementor-element elementor-element-a3c1942 elementor-section-boxed elementor-section-height-default elementor-section-height-default\" data-id=\"a3c1942\" data-element_type=\"section\">\n\t\t\t\t\t\t<div class=\"elementor-container elementor-column-gap-default\">\n\t\t\t\t\t<div class=\"elementor-column elementor-col-100 elementor-top-column elementor-element elementor-element-6f6a2cd\" data-id=\"6f6a2cd\" data-element_type=\"column\">\n\t\t\t<div class=\"elementor-widget-wrap elementor-element-populated\">\n\t\t\t\t\t\t<div class=\"elementor-element elementor-element-5e1b233 elementor-widget elementor-widget-text-editor\" data-id=\"5e1b233\" data-element_type=\"widget\" data-widget_type=\"text-editor.default\">\n\t\t\t\t<div class=\"elementor-widget-container\">\n\t\t\t\t\t\t\t\t\t<p>Na manh\u00e3 desta sexta-feira (15\/08), a Pol\u00edcia Civil de Santa Catarina, por meio da Delegacia de Pol\u00edcia da Comarca de Cambori\u00fa, em a\u00e7\u00e3o integrada com a Pol\u00edcia Civil do Paran\u00e1, cumpriu mandados de pris\u00e3o contra dois homens procurados na cidade de Cascavel\/PR. Os indiv\u00edduos, considerados de alta periculosidade, foram localizados escondidos no bairro Areias, em Cambori\u00fa\/SC. Durante as dilig\u00eancias, foram apreendidas duas pistolas e diversas muni\u00e7\u00f5es em posse dos suspeitos.<\/p><p>A opera\u00e7\u00e3o contou ainda com buscas nos munic\u00edpios de Navegantes e Cambori\u00fa, ambos em Santa Catarina, e em Cascavel, no Paran\u00e1. As a\u00e7\u00f5es foram coordenadas pela Delegacia de Homic\u00eddios, com o objetivo de esclarecer crimes de execu\u00e7\u00e3o e apurar o poss\u00edvel envolvimento dos detidos com o tr\u00e1fico de entorpecentes.<\/p>\t\t\t\t\t\t\t\t<\/div>\n\t\t\t\t<\/div>\n\t\t\t\t\t<\/div>\n\t\t<\/div>\n\t\t\t\t\t<\/div>\n\t\t<\/section>\n\t\t\t\t<\/div>\n\t\t","protected":false},"excerpt":{"rendered":"<p>A\u00e7\u00e3o conjunta entre PCSC e PCPR resulta na pris\u00e3o de dois homens em Cambori\u00fa Na manh\u00e3 desta sexta-feira (15\/08), a Pol\u00edcia Civil de Santa Catarina, por meio da Delegacia de Pol\u00edcia da Comarca de Cambori\u00fa, em a\u00e7\u00e3o integrada com a Pol\u00edcia Civil do Paran\u00e1, cumpriu mandados de pris\u00e3o contra dois homens procurados na cidade de [&hellip;]<\/p>\n","protected":false},"author":5,"featured_media":31109,"comment_status":"closed","ping_status":"open","sticky":false,"template":"","format":"standard","meta":{"_monsterinsights_skip_tracking":false,"_monsterinsights_sitenote_active":false,"_monsterinsights_sitenote_note":"","_monsterinsights_sitenote_category":0,"footnotes":""},"categories":[1],"tags":[],"class_list":["post-31108","post","type-post","status-publish","format-standard","has-post-thumbnail","hentry","category-sem-categoria"],"_links":{"self":[{"href":"https:\/\/pc.sc.gov.br\/index.php?rest_route=\/wp\/v2\/posts\/31108","targetHints":{"allow":["GET"]}}],"collection":[{"href":"https:\/\/pc.sc.gov.br\/index.php?rest_route=\/wp\/v2\/posts"}],"about":[{"href":"https:\/\/pc.sc.gov.br\/index.php?rest_route=\/wp\/v2\/types\/post"}],"author":[{"embeddable":true,"href":"https:\/\/pc.sc.gov.br\/index.php?rest_route=\/wp\/v2\/users\/5"}],"replies":[{"embeddable":true,"href":"https:\/\/pc.sc.gov.br\/index.php?rest_route=%2Fwp%2Fv2%2Fcomments&post=31108"}],"version-history":[{"count":4,"href":"https:\/\/pc.sc.gov.br\/index.php?rest_route=\/wp\/v2\/posts\/31108\/revisions"}],"predecessor-version":[{"id":31113,"href":"https:\/\/pc.sc.gov.br\/index.php?rest_route=\/wp\/v2\/posts\/31108\/revisions\/31113"}],"wp:featuredmedia":[{"embeddable":true,"href":"https:\/\/pc.sc.gov.br\/index.php?rest_route=\/wp\/v2\/media\/31109"}],"wp:attachment":[{"href":"https:\/\/pc.sc.gov.br\/index.php?rest_route=%2Fwp%2Fv2%2Fmedia&parent=31108"}],"wp:term":[{"taxonomy":"category","embeddable":true,"href":"https:\/\/pc.sc.gov.br\/index.php?rest_route=%2Fwp%2Fv2%2Fcategories&post=31108"},{"taxonomy":"post_tag","embeddable":true,"href":"https:\/\/pc.sc.gov.br\/index.php?rest_route=%2Fwp%2Fv2%2Ftags&post=31108"}],"curies":[{"name":"wp","href":"https:\/\/api.w.org\/{rel}","templated":true}]}}