{"id":31131,"date":"2025-08-15T14:48:48","date_gmt":"2025-08-15T17:48:48","guid":{"rendered":"https:\/\/pc.sc.gov.br\/?p=31131"},"modified":"2025-08-15T14:49:58","modified_gmt":"2025-08-15T17:49:58","slug":"policia-civil-apreende-drogas-durante-fiscalizacao-no-ambito-na-operacao-envio-seguro","status":"publish","type":"post","link":"https:\/\/pc.sc.gov.br\/?p=31131","title":{"rendered":"Pol\u00edcia Civil apreende drogas durante fiscaliza\u00e7\u00e3o no \u00e2mbito na opera\u00e7\u00e3o \u201cEnvio Seguro\u201d"},"content":{"rendered":"\t\t<div data-elementor-type=\"wp-post\" data-elementor-id=\"31131\" class=\"elementor elementor-31131\" data-elementor-post-type=\"post\">\n\t\t\t\t\t\t<section class=\"elementor-section elementor-top-section elementor-element elementor-element-12cd21c elementor-section-boxed elementor-section-height-default elementor-section-height-default\" data-id=\"12cd21c\" data-element_type=\"section\">\n\t\t\t\t\t\t<div class=\"elementor-container elementor-column-gap-default\">\n\t\t\t\t\t<div class=\"elementor-column elementor-col-100 elementor-top-column elementor-element elementor-element-a0996b0\" data-id=\"a0996b0\" data-element_type=\"column\">\n\t\t\t<div class=\"elementor-widget-wrap elementor-element-populated\">\n\t\t\t\t\t\t<div class=\"elementor-element elementor-element-49eab34 elementor-widget elementor-widget-heading\" data-id=\"49eab34\" data-element_type=\"widget\" data-widget_type=\"heading.default\">\n\t\t\t\t<div class=\"elementor-widget-container\">\n\t\t\t\t\t<h2 class=\"elementor-heading-title elementor-size-default\">Pol\u00edcia Civil apreende drogas durante fiscaliza\u00e7\u00e3o no \u00e2mbito na opera\u00e7\u00e3o \u201cEnvio Seguro\u201d <\/h2>\t\t\t\t<\/div>\n\t\t\t\t<\/div>\n\t\t\t\t\t<\/div>\n\t\t<\/div>\n\t\t\t\t\t<\/div>\n\t\t<\/section>\n\t\t\t\t<section class=\"elementor-section elementor-top-section elementor-element elementor-element-54f1384 elementor-section-boxed elementor-section-height-default elementor-section-height-default\" data-id=\"54f1384\" data-element_type=\"section\">\n\t\t\t\t\t\t<div class=\"elementor-container elementor-column-gap-default\">\n\t\t\t\t\t<div class=\"elementor-column elementor-col-100 elementor-top-column elementor-element elementor-element-2cf3ca8\" data-id=\"2cf3ca8\" data-element_type=\"column\">\n\t\t\t<div class=\"elementor-widget-wrap elementor-element-populated\">\n\t\t\t\t\t\t<div class=\"elementor-element elementor-element-c17155f elementor-widget elementor-widget-image\" data-id=\"c17155f\" data-element_type=\"widget\" data-widget_type=\"image.default\">\n\t\t\t\t<div class=\"elementor-widget-container\">\n\t\t\t\t\t\t\t\t\t\t\t\t\t\t\t<img fetchpriority=\"high\" decoding=\"async\" width=\"696\" height=\"928\" src=\"https:\/\/pc.sc.gov.br\/\/wp-content\/uploads\/2025\/08\/WhatsApp-Image-2025-08-15-at-14.23.32-768x1024.jpeg\" class=\"attachment-large size-large wp-image-31133\" alt=\"\" srcset=\"https:\/\/pc.sc.gov.br\/\/wp-content\/uploads\/2025\/08\/WhatsApp-Image-2025-08-15-at-14.23.32-768x1024.jpeg 768w, https:\/\/pc.sc.gov.br\/\/wp-content\/uploads\/2025\/08\/WhatsApp-Image-2025-08-15-at-14.23.32-225x300.jpeg 225w, https:\/\/pc.sc.gov.br\/\/wp-content\/uploads\/2025\/08\/WhatsApp-Image-2025-08-15-at-14.23.32-1152x1536.jpeg 1152w, https:\/\/pc.sc.gov.br\/\/wp-content\/uploads\/2025\/08\/WhatsApp-Image-2025-08-15-at-14.23.32.jpeg 1200w\" sizes=\"(max-width: 696px) 100vw, 696px\" \/>\t\t\t\t\t\t\t\t\t\t\t\t\t\t\t<\/div>\n\t\t\t\t<\/div>\n\t\t\t\t<div class=\"elementor-element elementor-element-63868b7 elementor-widget elementor-widget-post-info\" data-id=\"63868b7\" data-element_type=\"widget\" data-widget_type=\"post-info.default\">\n\t\t\t\t<div class=\"elementor-widget-container\">\n\t\t\t\t\t\t\t<ul class=\"elementor-inline-items elementor-icon-list-items elementor-post-info\">\n\t\t\t\t\t\t\t\t<li class=\"elementor-icon-list-item elementor-repeater-item-64b1b54 elementor-inline-item\" itemprop=\"author\">\n\t\t\t\t\t\t<a href=\"https:\/\/pc.sc.gov.br\/?author=5\">\n\t\t\t\t\t\t\t\t\t\t\t<span class=\"elementor-icon-list-icon\">\n\t\t\t\t\t\t\t\t<i aria-hidden=\"true\" class=\"far fa-user-circle\"><\/i>\t\t\t\t\t\t\t<\/span>\n\t\t\t\t\t\t\t\t\t<span class=\"elementor-icon-list-text elementor-post-info__item elementor-post-info__item--type-author\">\n\t\t\t\t\t\t\t\t\t\tStefany de Souza Alves\t\t\t\t\t<\/span>\n\t\t\t\t\t\t\t\t\t<\/a>\n\t\t\t\t<\/li>\n\t\t\t\t<li class=\"elementor-icon-list-item elementor-repeater-item-38602a7 elementor-inline-item\" itemprop=\"datePublished\">\n\t\t\t\t\t\t<a href=\"https:\/\/pc.sc.gov.br\/?m=20250815\">\n\t\t\t\t\t\t\t\t\t\t\t<span class=\"elementor-icon-list-icon\">\n\t\t\t\t\t\t\t\t<i aria-hidden=\"true\" class=\"fas fa-calendar\"><\/i>\t\t\t\t\t\t\t<\/span>\n\t\t\t\t\t\t\t\t\t<span class=\"elementor-icon-list-text elementor-post-info__item elementor-post-info__item--type-date\">\n\t\t\t\t\t\t\t\t\t\t<time>agosto 15, 2025<\/time>\t\t\t\t\t<\/span>\n\t\t\t\t\t\t\t\t\t<\/a>\n\t\t\t\t<\/li>\n\t\t\t\t<li class=\"elementor-icon-list-item elementor-repeater-item-82b2afb elementor-inline-item\">\n\t\t\t\t\t\t\t\t\t\t<span class=\"elementor-icon-list-icon\">\n\t\t\t\t\t\t\t\t<i aria-hidden=\"true\" class=\"far fa-clock\"><\/i>\t\t\t\t\t\t\t<\/span>\n\t\t\t\t\t\t\t\t\t<span class=\"elementor-icon-list-text elementor-post-info__item elementor-post-info__item--type-time\">\n\t\t\t\t\t\t\t\t\t\t<time>2:48 pm<\/time>\t\t\t\t\t<\/span>\n\t\t\t\t\t\t\t\t<\/li>\n\t\t\t\t<\/ul>\n\t\t\t\t\t\t<\/div>\n\t\t\t\t<\/div>\n\t\t\t\t\t<\/div>\n\t\t<\/div>\n\t\t\t\t\t<\/div>\n\t\t<\/section>\n\t\t\t\t<section class=\"elementor-section elementor-top-section elementor-element elementor-element-4335f60 elementor-section-boxed elementor-section-height-default elementor-section-height-default\" data-id=\"4335f60\" data-element_type=\"section\">\n\t\t\t\t\t\t<div class=\"elementor-container elementor-column-gap-default\">\n\t\t\t\t\t<div class=\"elementor-column elementor-col-100 elementor-top-column elementor-element elementor-element-9951b2a\" data-id=\"9951b2a\" data-element_type=\"column\">\n\t\t\t<div class=\"elementor-widget-wrap elementor-element-populated\">\n\t\t\t\t\t\t<div class=\"elementor-element elementor-element-33aa5a0 elementor-widget elementor-widget-text-editor\" data-id=\"33aa5a0\" data-element_type=\"widget\" data-widget_type=\"text-editor.default\">\n\t\t\t\t<div class=\"elementor-widget-container\">\n\t\t\t\t\t\t\t\t\t<p>A Pol\u00edcia Civil de Santa Catarina, por meio da Delegacia de Combate \u00e0s Drogas do Departamento de Investiga\u00e7\u00e3o Criminal de Florian\u00f3polis (DECOD\/DIC), informa que, na data de ontem (14\/08), durante a\u00e7\u00f5es de fiscaliza\u00e7\u00e3o cont\u00ednua no \u00e2mbito da opera\u00e7\u00e3o \u201cEnvio Seguro\u201d \u2014 a\u00e7\u00e3o integrada da Receita Federal, DECOD\/DIC, Coordenadoria de Opera\u00e7\u00f5es Policiais com C\u00e3es (COPC) e Servi\u00e7o de Seguran\u00e7a dos Correios \u2014 foram apreendidos dez quilos de maconha e 300 gramas de skunk.<\/p><p>A opera\u00e7\u00e3o visa combater o tr\u00e1fico interestadual e regional de drogas por meio de intercepta\u00e7\u00f5es em remessas postais e outras modalidades de transporte, unindo esfor\u00e7os e compet\u00eancias dos \u00f3rg\u00e3os envolvidos. Os respons\u00e1veis por esta remessa seguem sendo investigados, e as dilig\u00eancias permanecem em andamento na DECOD, com o objetivo de responsabilizar criminalmente todos os envolvidos.<\/p><p>A DECOD reitera o convite \u00e0 popula\u00e7\u00e3o para que participe. As informa\u00e7\u00f5es podem ser enviadas anonimamente por meio do n\u00famero 181, pelo WhatsApp da Pol\u00edcia Civil de Santa Catarina (48 98844-0011), ou diretamente \u00e0 DECOD no WhatsApp 3664-2948 (completamente sigiloso).<\/p>\t\t\t\t\t\t\t\t<\/div>\n\t\t\t\t<\/div>\n\t\t\t\t\t<\/div>\n\t\t<\/div>\n\t\t\t\t\t<\/div>\n\t\t<\/section>\n\t\t\t\t<\/div>\n\t\t","protected":false},"excerpt":{"rendered":"<p>Pol\u00edcia Civil apreende drogas durante fiscaliza\u00e7\u00e3o no \u00e2mbito na opera\u00e7\u00e3o \u201cEnvio Seguro\u201d A Pol\u00edcia Civil de Santa Catarina, por meio da Delegacia de Combate \u00e0s Drogas do Departamento de Investiga\u00e7\u00e3o Criminal de Florian\u00f3polis (DECOD\/DIC), informa que, na data de ontem (14\/08), durante a\u00e7\u00f5es de fiscaliza\u00e7\u00e3o cont\u00ednua no \u00e2mbito da opera\u00e7\u00e3o \u201cEnvio Seguro\u201d \u2014 a\u00e7\u00e3o integrada [&hellip;]<\/p>\n","protected":false},"author":5,"featured_media":31133,"comment_status":"closed","ping_status":"open","sticky":false,"template":"","format":"standard","meta":{"_monsterinsights_skip_tracking":false,"_monsterinsights_sitenote_active":false,"_monsterinsights_sitenote_note":"","_monsterinsights_sitenote_category":0,"footnotes":""},"categories":[1],"tags":[],"class_list":["post-31131","post","type-post","status-publish","format-standard","has-post-thumbnail","hentry","category-sem-categoria"],"_links":{"self":[{"href":"https:\/\/pc.sc.gov.br\/index.php?rest_route=\/wp\/v2\/posts\/31131","targetHints":{"allow":["GET"]}}],"collection":[{"href":"https:\/\/pc.sc.gov.br\/index.php?rest_route=\/wp\/v2\/posts"}],"about":[{"href":"https:\/\/pc.sc.gov.br\/index.php?rest_route=\/wp\/v2\/types\/post"}],"author":[{"embeddable":true,"href":"https:\/\/pc.sc.gov.br\/index.php?rest_route=\/wp\/v2\/users\/5"}],"replies":[{"embeddable":true,"href":"https:\/\/pc.sc.gov.br\/index.php?rest_route=%2Fwp%2Fv2%2Fcomments&post=31131"}],"version-history":[{"count":7,"href":"https:\/\/pc.sc.gov.br\/index.php?rest_route=\/wp\/v2\/posts\/31131\/revisions"}],"predecessor-version":[{"id":31143,"href":"https:\/\/pc.sc.gov.br\/index.php?rest_route=\/wp\/v2\/posts\/31131\/revisions\/31143"}],"wp:featuredmedia":[{"embeddable":true,"href":"https:\/\/pc.sc.gov.br\/index.php?rest_route=\/wp\/v2\/media\/31133"}],"wp:attachment":[{"href":"https:\/\/pc.sc.gov.br\/index.php?rest_route=%2Fwp%2Fv2%2Fmedia&parent=31131"}],"wp:term":[{"taxonomy":"category","embeddable":true,"href":"https:\/\/pc.sc.gov.br\/index.php?rest_route=%2Fwp%2Fv2%2Fcategories&post=31131"},{"taxonomy":"post_tag","embeddable":true,"href":"https:\/\/pc.sc.gov.br\/index.php?rest_route=%2Fwp%2Fv2%2Ftags&post=31131"}],"curies":[{"name":"wp","href":"https:\/\/api.w.org\/{rel}","templated":true}]}}