{"id":3114,"date":"2022-12-27T13:51:29","date_gmt":"2022-12-27T16:51:29","guid":{"rendered":"https:\/\/pc.sc.gov.br\/?p=3114"},"modified":"2022-12-27T14:59:24","modified_gmt":"2022-12-27T17:59:24","slug":"saer-sul-da-policia-civil-apresenta-numeros-dos-trabalhos-realizados-em-2022","status":"publish","type":"post","link":"https:\/\/pc.sc.gov.br\/?p=3114","title":{"rendered":"SAER Sul da Pol\u00edcia Civil apresenta n\u00fameros dos trabalhos realizados em 2022"},"content":{"rendered":"\t\t<div data-elementor-type=\"wp-post\" data-elementor-id=\"3114\" class=\"elementor elementor-3114\" data-elementor-post-type=\"post\">\n\t\t\t\t\t\t<section class=\"elementor-section elementor-top-section elementor-element elementor-element-79398e5 elementor-section-boxed elementor-section-height-default elementor-section-height-default\" data-id=\"79398e5\" data-element_type=\"section\">\n\t\t\t\t\t\t<div class=\"elementor-container elementor-column-gap-default\">\n\t\t\t\t\t<div class=\"elementor-column elementor-col-100 elementor-top-column elementor-element elementor-element-ad2a7eb\" data-id=\"ad2a7eb\" data-element_type=\"column\">\n\t\t\t<div class=\"elementor-widget-wrap elementor-element-populated\">\n\t\t\t\t\t\t<div class=\"elementor-element elementor-element-dd89c6e elementor-widget elementor-widget-heading\" data-id=\"dd89c6e\" data-element_type=\"widget\" data-widget_type=\"heading.default\">\n\t\t\t\t<div class=\"elementor-widget-container\">\n\t\t\t\t\t<h2 class=\"elementor-heading-title elementor-size-default\">SAER Sul da Pol\u00edcia Civil apresenta n\u00fameros dos trabalhos realizados em 2022<\/h2>\t\t\t\t<\/div>\n\t\t\t\t<\/div>\n\t\t\t\t<div class=\"elementor-element elementor-element-cbd74eb elementor-widget elementor-widget-image\" data-id=\"cbd74eb\" data-element_type=\"widget\" data-widget_type=\"image.default\">\n\t\t\t\t<div class=\"elementor-widget-container\">\n\t\t\t\t\t\t\t\t\t\t\t\t\t\t\t<img fetchpriority=\"high\" decoding=\"async\" width=\"696\" height=\"418\" src=\"https:\/\/pc.sc.gov.br\/\/wp-content\/uploads\/2022\/12\/PC_SDNSNMKGCBFHCNGFJHHGJVGFDDDDDSASADSFGHF-1024x615.jpg\" class=\"attachment-large size-large wp-image-3116\" alt=\"\" srcset=\"https:\/\/pc.sc.gov.br\/\/wp-content\/uploads\/2022\/12\/PC_SDNSNMKGCBFHCNGFJHHGJVGFDDDDDSASADSFGHF-1024x615.jpg 1024w, https:\/\/pc.sc.gov.br\/\/wp-content\/uploads\/2022\/12\/PC_SDNSNMKGCBFHCNGFJHHGJVGFDDDDDSASADSFGHF-300x180.jpg 300w, https:\/\/pc.sc.gov.br\/\/wp-content\/uploads\/2022\/12\/PC_SDNSNMKGCBFHCNGFJHHGJVGFDDDDDSASADSFGHF-768x461.jpg 768w, https:\/\/pc.sc.gov.br\/\/wp-content\/uploads\/2022\/12\/PC_SDNSNMKGCBFHCNGFJHHGJVGFDDDDDSASADSFGHF.jpg 1483w\" sizes=\"(max-width: 696px) 100vw, 696px\" \/>\t\t\t\t\t\t\t\t\t\t\t\t\t\t\t<\/div>\n\t\t\t\t<\/div>\n\t\t\t\t<div class=\"elementor-element elementor-element-b0409c8 elementor-widget elementor-widget-text-editor\" data-id=\"b0409c8\" data-element_type=\"widget\" data-widget_type=\"text-editor.default\">\n\t\t\t\t<div class=\"elementor-widget-container\">\n\t\t\t\t\t\t\t\t\t<p>A equipe do Servi\u00e7o Aeropolicial Sul (SAER SUL\/PCSC) da Pol\u00edcia Civil de Santa Catarina, sediada no Sul do Estado, apresentou nesta ter\u00e7a-feira (27) o balan\u00e7o dos trabalhos realizados no ano de 2022. Foram efetuadas 424 miss\u00f5es a\u00e9reas, entre a\u00e7\u00f5es policiais e aerom\u00e9dicas.<\/p><p><span style=\"font-family: var( --e-global-typography-primary-font-family ), Sans-serif; font-size: var( --e-global-typography-primary-font-size ); font-weight: var( --e-global-typography-primary-font-weight ); letter-spacing: var( --e-global-typography-primary-letter-spacing );\">As miss\u00f5es aerom\u00e9dicas totalizaram 183, todas em conjunto com a equipe de sa\u00fade do SARASUL, que \u00e9 o Servi\u00e7o de Resgate Aerom\u00e9dico da Regi\u00e3o Sul, implantado em 2020 atrav\u00e9s do acordo de coopera\u00e7\u00e3o t\u00e9cnica envolvendo a Pol\u00edcia Civil e o CIM-AMREC.<\/span><\/p><p><span style=\"font-family: var( --e-global-typography-primary-font-family ), Sans-serif; font-size: var( --e-global-typography-primary-font-size ); font-weight: var( --e-global-typography-primary-font-weight ); letter-spacing: var( --e-global-typography-primary-letter-spacing );\">Foram ao todo 56 munic\u00edpios diretamente atendidos, sendo o maior n\u00famero da regi\u00e3o Sul do Estado, \u00e1rea de atua\u00e7\u00e3o do Servi\u00e7o Aeropolicial Sul, SAER SUL. Al\u00e9m destas miss\u00f5es, o SAER SUL tamb\u00e9m atuou em miss\u00f5es de apoio \u00e0 Defesa Civil Municipal e Estadual e \u00e0 SC Transplantes no transporte de \u00f3rg\u00e3os e equipes m\u00e9dicas.<\/span><\/p><p><span style=\"font-family: var( --e-global-typography-primary-font-family ), Sans-serif; font-size: var( --e-global-typography-primary-font-size ); font-weight: var( --e-global-typography-primary-font-weight ); letter-spacing: var( --e-global-typography-primary-letter-spacing );\">O SAER SUL contabiliza 365 horas de voo empregadas em todas as miss\u00f5es realizadas no ano de 2022.<\/span><\/p>\t\t\t\t\t\t\t\t<\/div>\n\t\t\t\t<\/div>\n\t\t\t\t<div class=\"elementor-element elementor-element-3343832 elementor-widget elementor-widget-image\" data-id=\"3343832\" data-element_type=\"widget\" data-widget_type=\"image.default\">\n\t\t\t\t<div class=\"elementor-widget-container\">\n\t\t\t\t\t\t\t\t\t\t\t\t\t\t\t<img decoding=\"async\" width=\"696\" height=\"522\" src=\"https:\/\/pc.sc.gov.br\/\/wp-content\/uploads\/2022\/12\/PC_SDNSNMKGCBFHCNGFJHHGJVGFDDDDDSASADSFGHFfddfdfdf-1024x768.jpg\" class=\"attachment-large size-large wp-image-3117\" alt=\"\" srcset=\"https:\/\/pc.sc.gov.br\/\/wp-content\/uploads\/2022\/12\/PC_SDNSNMKGCBFHCNGFJHHGJVGFDDDDDSASADSFGHFfddfdfdf-1024x768.jpg 1024w, https:\/\/pc.sc.gov.br\/\/wp-content\/uploads\/2022\/12\/PC_SDNSNMKGCBFHCNGFJHHGJVGFDDDDDSASADSFGHFfddfdfdf-300x225.jpg 300w, https:\/\/pc.sc.gov.br\/\/wp-content\/uploads\/2022\/12\/PC_SDNSNMKGCBFHCNGFJHHGJVGFDDDDDSASADSFGHFfddfdfdf-768x576.jpg 768w, https:\/\/pc.sc.gov.br\/\/wp-content\/uploads\/2022\/12\/PC_SDNSNMKGCBFHCNGFJHHGJVGFDDDDDSASADSFGHFfddfdfdf.jpg 1032w\" sizes=\"(max-width: 696px) 100vw, 696px\" \/>\t\t\t\t\t\t\t\t\t\t\t\t\t\t\t<\/div>\n\t\t\t\t<\/div>\n\t\t\t\t\t<\/div>\n\t\t<\/div>\n\t\t\t\t\t<\/div>\n\t\t<\/section>\n\t\t\t\t<\/div>\n\t\t","protected":false},"excerpt":{"rendered":"<p>SAER Sul da Pol\u00edcia Civil apresenta n\u00fameros dos trabalhos realizados em 2022 A equipe do Servi\u00e7o Aeropolicial Sul (SAER SUL\/PCSC) da Pol\u00edcia Civil de Santa Catarina, sediada no Sul do Estado, apresentou nesta ter\u00e7a-feira (27) o balan\u00e7o dos trabalhos realizados no ano de 2022. Foram efetuadas 424 miss\u00f5es a\u00e9reas, entre a\u00e7\u00f5es policiais e aerom\u00e9dicas. As [&hellip;]<\/p>\n","protected":false},"author":5,"featured_media":3116,"comment_status":"closed","ping_status":"open","sticky":false,"template":"","format":"standard","meta":{"_monsterinsights_skip_tracking":false,"_monsterinsights_sitenote_active":false,"_monsterinsights_sitenote_note":"","_monsterinsights_sitenote_category":0,"footnotes":""},"categories":[1],"tags":[],"class_list":["post-3114","post","type-post","status-publish","format-standard","has-post-thumbnail","hentry","category-sem-categoria"],"_links":{"self":[{"href":"https:\/\/pc.sc.gov.br\/index.php?rest_route=\/wp\/v2\/posts\/3114","targetHints":{"allow":["GET"]}}],"collection":[{"href":"https:\/\/pc.sc.gov.br\/index.php?rest_route=\/wp\/v2\/posts"}],"about":[{"href":"https:\/\/pc.sc.gov.br\/index.php?rest_route=\/wp\/v2\/types\/post"}],"author":[{"embeddable":true,"href":"https:\/\/pc.sc.gov.br\/index.php?rest_route=\/wp\/v2\/users\/5"}],"replies":[{"embeddable":true,"href":"https:\/\/pc.sc.gov.br\/index.php?rest_route=%2Fwp%2Fv2%2Fcomments&post=3114"}],"version-history":[{"count":11,"href":"https:\/\/pc.sc.gov.br\/index.php?rest_route=\/wp\/v2\/posts\/3114\/revisions"}],"predecessor-version":[{"id":3129,"href":"https:\/\/pc.sc.gov.br\/index.php?rest_route=\/wp\/v2\/posts\/3114\/revisions\/3129"}],"wp:featuredmedia":[{"embeddable":true,"href":"https:\/\/pc.sc.gov.br\/index.php?rest_route=\/wp\/v2\/media\/3116"}],"wp:attachment":[{"href":"https:\/\/pc.sc.gov.br\/index.php?rest_route=%2Fwp%2Fv2%2Fmedia&parent=3114"}],"wp:term":[{"taxonomy":"category","embeddable":true,"href":"https:\/\/pc.sc.gov.br\/index.php?rest_route=%2Fwp%2Fv2%2Fcategories&post=3114"},{"taxonomy":"post_tag","embeddable":true,"href":"https:\/\/pc.sc.gov.br\/index.php?rest_route=%2Fwp%2Fv2%2Ftags&post=3114"}],"curies":[{"name":"wp","href":"https:\/\/api.w.org\/{rel}","templated":true}]}}