{"id":3122,"date":"2022-12-27T14:59:18","date_gmt":"2022-12-27T17:59:18","guid":{"rendered":"https:\/\/pc.sc.gov.br\/?p=3122"},"modified":"2022-12-27T15:02:50","modified_gmt":"2022-12-27T18:02:50","slug":"policia-civil-cumpre-mandado-de-prisao-em-navegantes-de-suspeito-de-homicidio-ocorrido-no-rio-grande-do-sul","status":"publish","type":"post","link":"https:\/\/pc.sc.gov.br\/?p=3122","title":{"rendered":"Pol\u00edcia Civil cumpre mandado de pris\u00e3o em Navegantes de suspeito de homic\u00eddio ocorrido no Rio Grande do Sul"},"content":{"rendered":"\t\t<div data-elementor-type=\"wp-post\" data-elementor-id=\"3122\" class=\"elementor elementor-3122\" data-elementor-post-type=\"post\">\n\t\t\t\t\t\t<section class=\"elementor-section elementor-top-section elementor-element elementor-element-65de53c elementor-section-boxed elementor-section-height-default elementor-section-height-default\" data-id=\"65de53c\" data-element_type=\"section\">\n\t\t\t\t\t\t<div class=\"elementor-container elementor-column-gap-default\">\n\t\t\t\t\t<div class=\"elementor-column elementor-col-100 elementor-top-column elementor-element elementor-element-0a238c0\" data-id=\"0a238c0\" data-element_type=\"column\">\n\t\t\t<div class=\"elementor-widget-wrap elementor-element-populated\">\n\t\t\t\t\t\t<div class=\"elementor-element elementor-element-72dd655 elementor-widget elementor-widget-heading\" data-id=\"72dd655\" data-element_type=\"widget\" data-widget_type=\"heading.default\">\n\t\t\t\t<div class=\"elementor-widget-container\">\n\t\t\t\t\t<h2 class=\"elementor-heading-title elementor-size-default\">Pol\u00edcia Civil cumpre mandado de pris\u00e3o em Navegantes de suspeito de homic\u00eddio ocorrido no Rio Grande do Sul<\/h2>\t\t\t\t<\/div>\n\t\t\t\t<\/div>\n\t\t\t\t<div class=\"elementor-element elementor-element-6e9820e elementor-widget elementor-widget-image\" data-id=\"6e9820e\" data-element_type=\"widget\" data-widget_type=\"image.default\">\n\t\t\t\t<div class=\"elementor-widget-container\">\n\t\t\t\t\t\t\t\t\t\t\t\t\t\t\t<img fetchpriority=\"high\" decoding=\"async\" width=\"474\" height=\"1024\" src=\"https:\/\/pc.sc.gov.br\/\/wp-content\/uploads\/2022\/12\/PC_SDNSNMKGCBFHDSDSDSADSADASDSACNGFJHHGJVGFDDDDDSASADSFGHF-474x1024.jpg\" class=\"attachment-large size-large wp-image-3123\" alt=\"\" srcset=\"https:\/\/pc.sc.gov.br\/\/wp-content\/uploads\/2022\/12\/PC_SDNSNMKGCBFHDSDSDSADSADASDSACNGFJHHGJVGFDDDDDSASADSFGHF-474x1024.jpg 474w, https:\/\/pc.sc.gov.br\/\/wp-content\/uploads\/2022\/12\/PC_SDNSNMKGCBFHDSDSDSADSADASDSACNGFJHHGJVGFDDDDDSASADSFGHF-139x300.jpg 139w, https:\/\/pc.sc.gov.br\/\/wp-content\/uploads\/2022\/12\/PC_SDNSNMKGCBFHDSDSDSADSADASDSACNGFJHHGJVGFDDDDDSASADSFGHF-711x1536.jpg 711w, https:\/\/pc.sc.gov.br\/\/wp-content\/uploads\/2022\/12\/PC_SDNSNMKGCBFHDSDSDSADSADASDSACNGFJHHGJVGFDDDDDSASADSFGHF.jpg 716w\" sizes=\"(max-width: 474px) 100vw, 474px\" \/>\t\t\t\t\t\t\t\t\t\t\t\t\t\t\t<\/div>\n\t\t\t\t<\/div>\n\t\t\t\t<div class=\"elementor-element elementor-element-2bdbbec elementor-widget elementor-widget-text-editor\" data-id=\"2bdbbec\" data-element_type=\"widget\" data-widget_type=\"text-editor.default\">\n\t\t\t\t<div class=\"elementor-widget-container\">\n\t\t\t\t\t\t\t\t\t<p>A Pol\u00edcia Civil, por meio da Delegacia de Pol\u00edcia da Comarca de Navegantes, cumpriu na segunda-feira (26) um mandado de pris\u00e3o preventiva expedido pela Justi\u00e7a do Rio Grande do Sul contra um suspeito de um homic\u00eddio ocorrido no munic\u00edpio de Rio Grande (RS).<\/p><p>A pris\u00e3o foi realizada ap\u00f3s a troca de informa\u00e7\u00f5es entre policiais civis de Navegantes e de Rio Grande (RS), respons\u00e1vel pela apura\u00e7\u00e3o. Foram realizadas dilig\u00eancias que possibilitaram dar cumprimento \u00e0 ordem judicial e localizar o foragido.<\/p><p>Na resid\u00eancia em que ele foi localizado, o foragido estava na companhia de outro homem, com passagem por tr\u00e1fico, tamb\u00e9m na cidade ga\u00facha. Foram encontradas, ainda, uma arma de fogo, com a numera\u00e7\u00e3o suprimida, e muni\u00e7\u00f5es.<\/p><p>Os homens foram conduzidos \u00e0 Delegacia de Pol\u00edcia de Navegantes. Eles informaram que a arma era para prote\u00e7\u00e3o de ambos, que residiam juntos e alegaram temer repres\u00e1lias de desafetos, ligados a uma fac\u00e7\u00e3o criminosa rival. Os suspeitos foram presos em flagrante e encaminhados ao sistema penitenci\u00e1rio, em Itaja\u00ed, onde permanecer\u00e3o \u00e0 disposi\u00e7\u00e3o da Justi\u00e7a.<\/p>\t\t\t\t\t\t\t\t<\/div>\n\t\t\t\t<\/div>\n\t\t\t\t\t<\/div>\n\t\t<\/div>\n\t\t\t\t\t<\/div>\n\t\t<\/section>\n\t\t\t\t<\/div>\n\t\t","protected":false},"excerpt":{"rendered":"<p>Pol\u00edcia Civil cumpre mandado de pris\u00e3o em Navegantes de suspeito de homic\u00eddio ocorrido no Rio Grande do Sul A Pol\u00edcia Civil, por meio da Delegacia de Pol\u00edcia da Comarca de Navegantes, cumpriu na segunda-feira (26) um mandado de pris\u00e3o preventiva expedido pela Justi\u00e7a do Rio Grande do Sul contra um suspeito de um homic\u00eddio ocorrido [&hellip;]<\/p>\n","protected":false},"author":5,"featured_media":2885,"comment_status":"closed","ping_status":"open","sticky":false,"template":"","format":"standard","meta":{"_monsterinsights_skip_tracking":false,"_monsterinsights_sitenote_active":false,"_monsterinsights_sitenote_note":"","_monsterinsights_sitenote_category":0,"footnotes":""},"categories":[1],"tags":[],"class_list":["post-3122","post","type-post","status-publish","format-standard","has-post-thumbnail","hentry","category-sem-categoria"],"_links":{"self":[{"href":"https:\/\/pc.sc.gov.br\/index.php?rest_route=\/wp\/v2\/posts\/3122","targetHints":{"allow":["GET"]}}],"collection":[{"href":"https:\/\/pc.sc.gov.br\/index.php?rest_route=\/wp\/v2\/posts"}],"about":[{"href":"https:\/\/pc.sc.gov.br\/index.php?rest_route=\/wp\/v2\/types\/post"}],"author":[{"embeddable":true,"href":"https:\/\/pc.sc.gov.br\/index.php?rest_route=\/wp\/v2\/users\/5"}],"replies":[{"embeddable":true,"href":"https:\/\/pc.sc.gov.br\/index.php?rest_route=%2Fwp%2Fv2%2Fcomments&post=3122"}],"version-history":[{"count":4,"href":"https:\/\/pc.sc.gov.br\/index.php?rest_route=\/wp\/v2\/posts\/3122\/revisions"}],"predecessor-version":[{"id":3133,"href":"https:\/\/pc.sc.gov.br\/index.php?rest_route=\/wp\/v2\/posts\/3122\/revisions\/3133"}],"wp:featuredmedia":[{"embeddable":true,"href":"https:\/\/pc.sc.gov.br\/index.php?rest_route=\/wp\/v2\/media\/2885"}],"wp:attachment":[{"href":"https:\/\/pc.sc.gov.br\/index.php?rest_route=%2Fwp%2Fv2%2Fmedia&parent=3122"}],"wp:term":[{"taxonomy":"category","embeddable":true,"href":"https:\/\/pc.sc.gov.br\/index.php?rest_route=%2Fwp%2Fv2%2Fcategories&post=3122"},{"taxonomy":"post_tag","embeddable":true,"href":"https:\/\/pc.sc.gov.br\/index.php?rest_route=%2Fwp%2Fv2%2Ftags&post=3122"}],"curies":[{"name":"wp","href":"https:\/\/api.w.org\/{rel}","templated":true}]}}