{"id":3140,"date":"2022-12-27T17:35:29","date_gmt":"2022-12-27T20:35:29","guid":{"rendered":"https:\/\/pc.sc.gov.br\/?p=3140"},"modified":"2022-12-27T17:41:30","modified_gmt":"2022-12-27T20:41:30","slug":"suspeito-de-fraudes-em-sao-lourenco-do-oeste-e-preso-em-joinville-pela-policia-civil","status":"publish","type":"post","link":"https:\/\/pc.sc.gov.br\/?p=3140","title":{"rendered":"Suspeito de fraudes em S\u00e3o Louren\u00e7o do Oeste \u00e9 preso em Joinville pela Pol\u00edcia Civil"},"content":{"rendered":"\t\t<div data-elementor-type=\"wp-post\" data-elementor-id=\"3140\" class=\"elementor elementor-3140\" data-elementor-post-type=\"post\">\n\t\t\t\t\t\t<section class=\"elementor-section elementor-top-section elementor-element elementor-element-ffcd444 elementor-section-boxed elementor-section-height-default elementor-section-height-default\" data-id=\"ffcd444\" data-element_type=\"section\">\n\t\t\t\t\t\t<div class=\"elementor-container elementor-column-gap-default\">\n\t\t\t\t\t<div class=\"elementor-column elementor-col-100 elementor-top-column elementor-element elementor-element-fd6380e\" data-id=\"fd6380e\" data-element_type=\"column\">\n\t\t\t<div class=\"elementor-widget-wrap elementor-element-populated\">\n\t\t\t\t\t\t<div class=\"elementor-element elementor-element-f8123a2 elementor-widget elementor-widget-heading\" data-id=\"f8123a2\" data-element_type=\"widget\" data-widget_type=\"heading.default\">\n\t\t\t\t<div class=\"elementor-widget-container\">\n\t\t\t\t\t<h2 class=\"elementor-heading-title elementor-size-default\">Suspeito de fraudes em S\u00e3o Louren\u00e7o do Oeste \u00e9 preso em Joinville pela Pol\u00edcia Civil<\/h2>\t\t\t\t<\/div>\n\t\t\t\t<\/div>\n\t\t\t\t<div class=\"elementor-element elementor-element-ce9bf45 elementor-widget elementor-widget-image\" data-id=\"ce9bf45\" data-element_type=\"widget\" data-widget_type=\"image.default\">\n\t\t\t\t<div class=\"elementor-widget-container\">\n\t\t\t\t\t\t\t\t\t\t\t\t\t\t\t<img fetchpriority=\"high\" decoding=\"async\" width=\"680\" height=\"568\" src=\"https:\/\/pc.sc.gov.br\/\/wp-content\/uploads\/2022\/12\/VIATURAS_2.jpg\" class=\"attachment-large size-large wp-image-2544\" alt=\"viatura atr\u00e1s de outra viatura em auto estrada\" srcset=\"https:\/\/pc.sc.gov.br\/\/wp-content\/uploads\/2022\/12\/VIATURAS_2.jpg 680w, https:\/\/pc.sc.gov.br\/\/wp-content\/uploads\/2022\/12\/VIATURAS_2-300x251.jpg 300w\" sizes=\"(max-width: 680px) 100vw, 680px\" \/>\t\t\t\t\t\t\t\t\t\t\t\t\t\t\t<\/div>\n\t\t\t\t<\/div>\n\t\t\t\t<div class=\"elementor-element elementor-element-398944b elementor-widget elementor-widget-text-editor\" data-id=\"398944b\" data-element_type=\"widget\" data-widget_type=\"text-editor.default\">\n\t\t\t\t<div class=\"elementor-widget-container\">\n\t\t\t\t\t\t\t\t\t<p>Na tarde desta ter\u00e7a-feira (27), a Pol\u00edcia Civil, atrav\u00e9s da Divis\u00e3o de Investiga\u00e7\u00e3o Criminal (DIC\/PCSC) de Joinville, cumpriu um mandado de pris\u00e3o preventiva expedido pelo Poder Judici\u00e1rio da Comarca de S\u00e3o Louren\u00e7o do Oeste.<\/p><p>O homem suspeito vinha sendo investigado pela Delegacia de Pol\u00edcia de Fronteira de S\u00e3o Louren\u00e7o do Oeste, havendo ind\u00edcios da pr\u00e1tica de diversos estelionatos no Oeste catarinense, incluindo n\u00e3o apenas S\u00e3o Louren\u00e7o do Oeste, mas tamb\u00e9m Chapec\u00f3, Conc\u00f3rdia, Irani, Guatambu, Xanxer\u00ea, entre outras cidades.<\/p><p>As investiga\u00e7\u00f5es apontaram que, valendo-se da credibilidade de uma garagem de ve\u00edculos at\u00e9 ent\u00e3o existente, o suspeito realizou a venda de ve\u00edculos que n\u00e3o dispunha e que nunca foram entregues, causando preju\u00edzos \u00e0s v\u00edtimas no montante aproximado de R$ 1.900.000,00 (um milh\u00e3o e novecentos mil reais). Ainda, que aproximadamente desde o m\u00eas de maio de 2022, o suspeito vinha se ocultando dos \u00f3rg\u00e3os de persecu\u00e7\u00e3o penal, tornando tamb\u00e9m in\u00f3cuas dezenas de a\u00e7\u00f5es c\u00edveis movidas por v\u00edtima com objetivo de repara\u00e7\u00e3o.<\/p>\t\t\t\t\t\t\t\t<\/div>\n\t\t\t\t<\/div>\n\t\t\t\t\t<\/div>\n\t\t<\/div>\n\t\t\t\t\t<\/div>\n\t\t<\/section>\n\t\t\t\t<\/div>\n\t\t","protected":false},"excerpt":{"rendered":"<p>Suspeito de fraudes em S\u00e3o Louren\u00e7o do Oeste \u00e9 preso em Joinville pela Pol\u00edcia Civil Na tarde desta ter\u00e7a-feira (27), a Pol\u00edcia Civil, atrav\u00e9s da Divis\u00e3o de Investiga\u00e7\u00e3o Criminal (DIC\/PCSC) de Joinville, cumpriu um mandado de pris\u00e3o preventiva expedido pelo Poder Judici\u00e1rio da Comarca de S\u00e3o Louren\u00e7o do Oeste. O homem suspeito vinha sendo investigado [&hellip;]<\/p>\n","protected":false},"author":5,"featured_media":2544,"comment_status":"closed","ping_status":"open","sticky":false,"template":"","format":"standard","meta":{"_monsterinsights_skip_tracking":false,"_monsterinsights_sitenote_active":false,"_monsterinsights_sitenote_note":"","_monsterinsights_sitenote_category":0,"footnotes":""},"categories":[1],"tags":[],"class_list":["post-3140","post","type-post","status-publish","format-standard","has-post-thumbnail","hentry","category-sem-categoria"],"_links":{"self":[{"href":"https:\/\/pc.sc.gov.br\/index.php?rest_route=\/wp\/v2\/posts\/3140","targetHints":{"allow":["GET"]}}],"collection":[{"href":"https:\/\/pc.sc.gov.br\/index.php?rest_route=\/wp\/v2\/posts"}],"about":[{"href":"https:\/\/pc.sc.gov.br\/index.php?rest_route=\/wp\/v2\/types\/post"}],"author":[{"embeddable":true,"href":"https:\/\/pc.sc.gov.br\/index.php?rest_route=\/wp\/v2\/users\/5"}],"replies":[{"embeddable":true,"href":"https:\/\/pc.sc.gov.br\/index.php?rest_route=%2Fwp%2Fv2%2Fcomments&post=3140"}],"version-history":[{"count":4,"href":"https:\/\/pc.sc.gov.br\/index.php?rest_route=\/wp\/v2\/posts\/3140\/revisions"}],"predecessor-version":[{"id":3144,"href":"https:\/\/pc.sc.gov.br\/index.php?rest_route=\/wp\/v2\/posts\/3140\/revisions\/3144"}],"wp:featuredmedia":[{"embeddable":true,"href":"https:\/\/pc.sc.gov.br\/index.php?rest_route=\/wp\/v2\/media\/2544"}],"wp:attachment":[{"href":"https:\/\/pc.sc.gov.br\/index.php?rest_route=%2Fwp%2Fv2%2Fmedia&parent=3140"}],"wp:term":[{"taxonomy":"category","embeddable":true,"href":"https:\/\/pc.sc.gov.br\/index.php?rest_route=%2Fwp%2Fv2%2Fcategories&post=3140"},{"taxonomy":"post_tag","embeddable":true,"href":"https:\/\/pc.sc.gov.br\/index.php?rest_route=%2Fwp%2Fv2%2Ftags&post=3140"}],"curies":[{"name":"wp","href":"https:\/\/api.w.org\/{rel}","templated":true}]}}