{"id":31445,"date":"2025-08-22T13:17:16","date_gmt":"2025-08-22T16:17:16","guid":{"rendered":"https:\/\/pc.sc.gov.br\/?p=31445"},"modified":"2025-08-22T13:18:14","modified_gmt":"2025-08-22T16:18:14","slug":"policia-civil-cumpre-mandados-e-prende-tres-pessoas-investigadas-por-homicidios-e-organizacao-criminosa-em-lages","status":"publish","type":"post","link":"https:\/\/pc.sc.gov.br\/?p=31445","title":{"rendered":"Pol\u00edcia Civil cumpre mandados e prende tr\u00eas pessoas investigadas por homic\u00eddios e organiza\u00e7\u00e3o criminosa em Lages"},"content":{"rendered":"\t\t<div data-elementor-type=\"wp-post\" data-elementor-id=\"31445\" class=\"elementor elementor-31445\" data-elementor-post-type=\"post\">\n\t\t\t\t\t\t<section class=\"elementor-section elementor-top-section elementor-element elementor-element-d304e7c elementor-section-boxed elementor-section-height-default elementor-section-height-default\" data-id=\"d304e7c\" data-element_type=\"section\">\n\t\t\t\t\t\t<div class=\"elementor-container elementor-column-gap-default\">\n\t\t\t\t\t<div class=\"elementor-column elementor-col-100 elementor-top-column elementor-element elementor-element-9870ea3\" data-id=\"9870ea3\" data-element_type=\"column\">\n\t\t\t<div class=\"elementor-widget-wrap elementor-element-populated\">\n\t\t\t\t\t\t<div class=\"elementor-element elementor-element-f899768 elementor-widget elementor-widget-heading\" data-id=\"f899768\" data-element_type=\"widget\" data-widget_type=\"heading.default\">\n\t\t\t\t<div class=\"elementor-widget-container\">\n\t\t\t\t\t<h2 class=\"elementor-heading-title elementor-size-default\">Pol\u00edcia Civil cumpre mandados e prende tr\u00eas pessoas investigadas por homic\u00eddios e organiza\u00e7\u00e3o criminosa em Lages<\/h2>\t\t\t\t<\/div>\n\t\t\t\t<\/div>\n\t\t\t\t\t<\/div>\n\t\t<\/div>\n\t\t\t\t\t<\/div>\n\t\t<\/section>\n\t\t\t\t<section class=\"elementor-section elementor-top-section elementor-element elementor-element-cc13408 elementor-section-boxed elementor-section-height-default elementor-section-height-default\" data-id=\"cc13408\" data-element_type=\"section\">\n\t\t\t\t\t\t<div class=\"elementor-container elementor-column-gap-default\">\n\t\t\t\t\t<div class=\"elementor-column elementor-col-100 elementor-top-column elementor-element elementor-element-842a047\" data-id=\"842a047\" data-element_type=\"column\">\n\t\t\t<div class=\"elementor-widget-wrap elementor-element-populated\">\n\t\t\t\t\t\t<div class=\"elementor-element elementor-element-28d4fa2 elementor-widget elementor-widget-image\" data-id=\"28d4fa2\" data-element_type=\"widget\" data-widget_type=\"image.default\">\n\t\t\t\t<div class=\"elementor-widget-container\">\n\t\t\t\t\t\t\t\t\t\t\t\t\t\t\t<img fetchpriority=\"high\" decoding=\"async\" width=\"696\" height=\"479\" src=\"https:\/\/pc.sc.gov.br\/\/wp-content\/uploads\/2023\/08\/dic-joinville-1.jpg\" class=\"attachment-large size-large wp-image-12199\" alt=\"\" srcset=\"https:\/\/pc.sc.gov.br\/\/wp-content\/uploads\/2023\/08\/dic-joinville-1.jpg 768w, https:\/\/pc.sc.gov.br\/\/wp-content\/uploads\/2023\/08\/dic-joinville-1-300x207.jpg 300w\" sizes=\"(max-width: 696px) 100vw, 696px\" \/>\t\t\t\t\t\t\t\t\t\t\t\t\t\t\t<\/div>\n\t\t\t\t<\/div>\n\t\t\t\t\t<\/div>\n\t\t<\/div>\n\t\t\t\t\t<\/div>\n\t\t<\/section>\n\t\t\t\t<section class=\"elementor-section elementor-top-section elementor-element elementor-element-d6b3c99 elementor-section-boxed elementor-section-height-default elementor-section-height-default\" data-id=\"d6b3c99\" data-element_type=\"section\">\n\t\t\t\t\t\t<div class=\"elementor-container elementor-column-gap-default\">\n\t\t\t\t\t<div class=\"elementor-column elementor-col-100 elementor-top-column elementor-element elementor-element-141f049\" data-id=\"141f049\" data-element_type=\"column\">\n\t\t\t<div class=\"elementor-widget-wrap elementor-element-populated\">\n\t\t\t\t\t\t<div class=\"elementor-element elementor-element-5c1df50 elementor-widget elementor-widget-post-info\" data-id=\"5c1df50\" data-element_type=\"widget\" data-widget_type=\"post-info.default\">\n\t\t\t\t<div class=\"elementor-widget-container\">\n\t\t\t\t\t\t\t<ul class=\"elementor-inline-items elementor-icon-list-items elementor-post-info\">\n\t\t\t\t\t\t\t\t<li class=\"elementor-icon-list-item elementor-repeater-item-9cc0c38 elementor-inline-item\" itemprop=\"author\">\n\t\t\t\t\t\t<a href=\"https:\/\/pc.sc.gov.br\/?author=5\">\n\t\t\t\t\t\t\t\t\t\t\t<span class=\"elementor-icon-list-icon\">\n\t\t\t\t\t\t\t\t<i aria-hidden=\"true\" class=\"far fa-user-circle\"><\/i>\t\t\t\t\t\t\t<\/span>\n\t\t\t\t\t\t\t\t\t<span class=\"elementor-icon-list-text elementor-post-info__item elementor-post-info__item--type-author\">\n\t\t\t\t\t\t\t\t\t\tStefany de Souza Alves\t\t\t\t\t<\/span>\n\t\t\t\t\t\t\t\t\t<\/a>\n\t\t\t\t<\/li>\n\t\t\t\t<li class=\"elementor-icon-list-item elementor-repeater-item-eeaab05 elementor-inline-item\" itemprop=\"datePublished\">\n\t\t\t\t\t\t<a href=\"https:\/\/pc.sc.gov.br\/?m=20250822\">\n\t\t\t\t\t\t\t\t\t\t\t<span class=\"elementor-icon-list-icon\">\n\t\t\t\t\t\t\t\t<i aria-hidden=\"true\" class=\"fas fa-calendar\"><\/i>\t\t\t\t\t\t\t<\/span>\n\t\t\t\t\t\t\t\t\t<span class=\"elementor-icon-list-text elementor-post-info__item elementor-post-info__item--type-date\">\n\t\t\t\t\t\t\t\t\t\t<time>agosto 22, 2025<\/time>\t\t\t\t\t<\/span>\n\t\t\t\t\t\t\t\t\t<\/a>\n\t\t\t\t<\/li>\n\t\t\t\t<li class=\"elementor-icon-list-item elementor-repeater-item-cdbdd97 elementor-inline-item\">\n\t\t\t\t\t\t\t\t\t\t<span class=\"elementor-icon-list-icon\">\n\t\t\t\t\t\t\t\t<i aria-hidden=\"true\" class=\"far fa-clock\"><\/i>\t\t\t\t\t\t\t<\/span>\n\t\t\t\t\t\t\t\t\t<span class=\"elementor-icon-list-text elementor-post-info__item elementor-post-info__item--type-time\">\n\t\t\t\t\t\t\t\t\t\t<time>1:17 pm<\/time>\t\t\t\t\t<\/span>\n\t\t\t\t\t\t\t\t<\/li>\n\t\t\t\t<\/ul>\n\t\t\t\t\t\t<\/div>\n\t\t\t\t<\/div>\n\t\t\t\t<div class=\"elementor-element elementor-element-dff10f7 elementor-widget elementor-widget-text-editor\" data-id=\"dff10f7\" data-element_type=\"widget\" data-widget_type=\"text-editor.default\">\n\t\t\t\t<div class=\"elementor-widget-container\">\n\t\t\t\t\t\t\t\t\t<p>A Pol\u00edcia Civil de Santa Catarina, por meio da Delegacia de Investiga\u00e7\u00e3o Criminal (DIC) de Lages, deflagrou, na manh\u00e3 desta sexta-feira (22\/08), opera\u00e7\u00f5es policiais para cumprimento de mandados de pris\u00e3o e de busca e apreens\u00e3o em diferentes bairros da cidade. As a\u00e7\u00f5es resultaram na pris\u00e3o de tr\u00eas pessoas investigadas por crimes de homic\u00eddio qualificado, integrar organiza\u00e7\u00e3o criminosa armada e tr\u00e1fico de drogas.<\/p><p data-start=\"635\" data-end=\"1221\">No bairro Habita\u00e7\u00e3o, as dilig\u00eancias foram relacionadas \u00e0 investiga\u00e7\u00e3o que apura a autoria, motiva\u00e7\u00e3o e circunst\u00e2ncias do homic\u00eddio qualificado ocorrido em 12 de mar\u00e7o de 2025, na Avenida das Bracatingas, em Lages, que teve como v\u00edtima um homem de 42 anos, natural de Caxias do Sul\/RS.<\/p><p>Foram presos dois indiv\u00edduos apontados como lideran\u00e7as de uma organiza\u00e7\u00e3o criminosa armada. Durante o cumprimento de um dos mandados de busca, a Pol\u00edcia Civil apreendeu coca\u00edna e uma balan\u00e7a de precis\u00e3o, configurando o crime de tr\u00e1fico de drogas, pelo qual um dos presos foi autuado em flagrante.<\/p><p data-start=\"1223\" data-end=\"1590\">J\u00e1 no bairro Jardim Cepar, a DIC de Lages deu apoio \u00e0 Pol\u00edcia Civil do Rio Grande do Sul no cumprimento de mandados contra uma mulher de 19 anos, natural de Caxias do Sul\/RS, investigada por homic\u00eddio qualificado e considerada foragida da Justi\u00e7a ga\u00facha. A pris\u00e3o foi realizada em cumprimento a ordem expedida pela Primeira Vara Criminal de Caxias do Sul\/RS.<\/p><p data-start=\"1592\" data-end=\"1688\">Ap\u00f3s os procedimentos policiais, os tr\u00eas investigados foram encaminhados ao Pres\u00eddio de Lages.<\/p>\t\t\t\t\t\t\t\t<\/div>\n\t\t\t\t<\/div>\n\t\t\t\t\t<\/div>\n\t\t<\/div>\n\t\t\t\t\t<\/div>\n\t\t<\/section>\n\t\t\t\t<\/div>\n\t\t","protected":false},"excerpt":{"rendered":"<p>Pol\u00edcia Civil cumpre mandados e prende tr\u00eas pessoas investigadas por homic\u00eddios e organiza\u00e7\u00e3o criminosa em Lages A Pol\u00edcia Civil de Santa Catarina, por meio da Delegacia de Investiga\u00e7\u00e3o Criminal (DIC) de Lages, deflagrou, na manh\u00e3 desta sexta-feira (22\/08), opera\u00e7\u00f5es policiais para cumprimento de mandados de pris\u00e3o e de busca e apreens\u00e3o em diferentes bairros da [&hellip;]<\/p>\n","protected":false},"author":5,"featured_media":13840,"comment_status":"closed","ping_status":"open","sticky":false,"template":"","format":"standard","meta":{"_monsterinsights_skip_tracking":false,"_monsterinsights_sitenote_active":false,"_monsterinsights_sitenote_note":"","_monsterinsights_sitenote_category":0,"footnotes":""},"categories":[1],"tags":[],"class_list":["post-31445","post","type-post","status-publish","format-standard","has-post-thumbnail","hentry","category-sem-categoria"],"_links":{"self":[{"href":"https:\/\/pc.sc.gov.br\/index.php?rest_route=\/wp\/v2\/posts\/31445","targetHints":{"allow":["GET"]}}],"collection":[{"href":"https:\/\/pc.sc.gov.br\/index.php?rest_route=\/wp\/v2\/posts"}],"about":[{"href":"https:\/\/pc.sc.gov.br\/index.php?rest_route=\/wp\/v2\/types\/post"}],"author":[{"embeddable":true,"href":"https:\/\/pc.sc.gov.br\/index.php?rest_route=\/wp\/v2\/users\/5"}],"replies":[{"embeddable":true,"href":"https:\/\/pc.sc.gov.br\/index.php?rest_route=%2Fwp%2Fv2%2Fcomments&post=31445"}],"version-history":[{"count":4,"href":"https:\/\/pc.sc.gov.br\/index.php?rest_route=\/wp\/v2\/posts\/31445\/revisions"}],"predecessor-version":[{"id":31449,"href":"https:\/\/pc.sc.gov.br\/index.php?rest_route=\/wp\/v2\/posts\/31445\/revisions\/31449"}],"wp:featuredmedia":[{"embeddable":true,"href":"https:\/\/pc.sc.gov.br\/index.php?rest_route=\/wp\/v2\/media\/13840"}],"wp:attachment":[{"href":"https:\/\/pc.sc.gov.br\/index.php?rest_route=%2Fwp%2Fv2%2Fmedia&parent=31445"}],"wp:term":[{"taxonomy":"category","embeddable":true,"href":"https:\/\/pc.sc.gov.br\/index.php?rest_route=%2Fwp%2Fv2%2Fcategories&post=31445"},{"taxonomy":"post_tag","embeddable":true,"href":"https:\/\/pc.sc.gov.br\/index.php?rest_route=%2Fwp%2Fv2%2Ftags&post=31445"}],"curies":[{"name":"wp","href":"https:\/\/api.w.org\/{rel}","templated":true}]}}