{"id":31482,"date":"2025-08-22T16:32:49","date_gmt":"2025-08-22T19:32:49","guid":{"rendered":"https:\/\/pc.sc.gov.br\/?p=31482"},"modified":"2025-08-22T16:34:02","modified_gmt":"2025-08-22T19:34:02","slug":"policia-civil-prende-preventivamente-suspeito-de-pelo-menos-quatro-furtos-em-estabelecimentos-comerciais-de-tubarao","status":"publish","type":"post","link":"https:\/\/pc.sc.gov.br\/?p=31482","title":{"rendered":"Pol\u00edcia Civil prende preventivamente suspeito de pelo menos quatro furtos em estabelecimentos comerciais de Tubar\u00e3o"},"content":{"rendered":"\t\t<div data-elementor-type=\"wp-post\" data-elementor-id=\"31482\" class=\"elementor elementor-31482\" data-elementor-post-type=\"post\">\n\t\t\t\t\t\t<section class=\"elementor-section elementor-top-section elementor-element elementor-element-c1398c5 elementor-section-boxed elementor-section-height-default elementor-section-height-default\" data-id=\"c1398c5\" data-element_type=\"section\">\n\t\t\t\t\t\t<div class=\"elementor-container elementor-column-gap-default\">\n\t\t\t\t\t<div class=\"elementor-column elementor-col-100 elementor-top-column elementor-element elementor-element-1276f40\" data-id=\"1276f40\" data-element_type=\"column\">\n\t\t\t<div class=\"elementor-widget-wrap elementor-element-populated\">\n\t\t\t\t\t\t<div class=\"elementor-element elementor-element-2d9dce9 elementor-widget elementor-widget-heading\" data-id=\"2d9dce9\" data-element_type=\"widget\" data-widget_type=\"heading.default\">\n\t\t\t\t<div class=\"elementor-widget-container\">\n\t\t\t\t\t<h2 class=\"elementor-heading-title elementor-size-default\">Pol\u00edcia Civil prende preventivamente suspeito de pelo menos quatro furtos em estabelecimentos comerciais de Tubar\u00e3o<\/h2>\t\t\t\t<\/div>\n\t\t\t\t<\/div>\n\t\t\t\t\t<\/div>\n\t\t<\/div>\n\t\t\t\t\t<\/div>\n\t\t<\/section>\n\t\t\t\t<section class=\"elementor-section elementor-top-section elementor-element elementor-element-271feaa elementor-section-boxed elementor-section-height-default elementor-section-height-default\" data-id=\"271feaa\" data-element_type=\"section\">\n\t\t\t\t\t\t<div class=\"elementor-container elementor-column-gap-default\">\n\t\t\t\t\t<div class=\"elementor-column elementor-col-100 elementor-top-column elementor-element elementor-element-a87c8ba\" data-id=\"a87c8ba\" data-element_type=\"column\">\n\t\t\t<div class=\"elementor-widget-wrap elementor-element-populated\">\n\t\t\t\t\t\t<div class=\"elementor-element elementor-element-69f1610 elementor-widget elementor-widget-image\" data-id=\"69f1610\" data-element_type=\"widget\" data-widget_type=\"image.default\">\n\t\t\t\t<div class=\"elementor-widget-container\">\n\t\t\t\t\t\t\t\t\t\t\t\t\t\t\t<img fetchpriority=\"high\" decoding=\"async\" width=\"540\" height=\"318\" src=\"https:\/\/pc.sc.gov.br\/\/wp-content\/uploads\/2025\/08\/WhatsApp-Image-2025-08-22-at-16.16.07-1.jpeg\" class=\"attachment-large size-large wp-image-31483\" alt=\"\" srcset=\"https:\/\/pc.sc.gov.br\/\/wp-content\/uploads\/2025\/08\/WhatsApp-Image-2025-08-22-at-16.16.07-1.jpeg 540w, https:\/\/pc.sc.gov.br\/\/wp-content\/uploads\/2025\/08\/WhatsApp-Image-2025-08-22-at-16.16.07-1-300x177.jpeg 300w\" sizes=\"(max-width: 540px) 100vw, 540px\" \/>\t\t\t\t\t\t\t\t\t\t\t\t\t\t\t<\/div>\n\t\t\t\t<\/div>\n\t\t\t\t\t<\/div>\n\t\t<\/div>\n\t\t\t\t\t<\/div>\n\t\t<\/section>\n\t\t\t\t<section class=\"elementor-section elementor-top-section elementor-element elementor-element-aa2327e elementor-section-boxed elementor-section-height-default elementor-section-height-default\" data-id=\"aa2327e\" data-element_type=\"section\">\n\t\t\t\t\t\t<div class=\"elementor-container elementor-column-gap-default\">\n\t\t\t\t\t<div class=\"elementor-column elementor-col-100 elementor-top-column elementor-element elementor-element-fb5bc2e\" data-id=\"fb5bc2e\" data-element_type=\"column\">\n\t\t\t<div class=\"elementor-widget-wrap elementor-element-populated\">\n\t\t\t\t\t\t<div class=\"elementor-element elementor-element-bfdf6b6 elementor-widget elementor-widget-post-info\" data-id=\"bfdf6b6\" data-element_type=\"widget\" data-widget_type=\"post-info.default\">\n\t\t\t\t<div class=\"elementor-widget-container\">\n\t\t\t\t\t\t\t<ul class=\"elementor-inline-items elementor-icon-list-items elementor-post-info\">\n\t\t\t\t\t\t\t\t<li class=\"elementor-icon-list-item elementor-repeater-item-53ccc37 elementor-inline-item\" itemprop=\"author\">\n\t\t\t\t\t\t<a href=\"https:\/\/pc.sc.gov.br\/?author=5\">\n\t\t\t\t\t\t\t\t\t\t\t<span class=\"elementor-icon-list-icon\">\n\t\t\t\t\t\t\t\t<i aria-hidden=\"true\" class=\"far fa-user-circle\"><\/i>\t\t\t\t\t\t\t<\/span>\n\t\t\t\t\t\t\t\t\t<span class=\"elementor-icon-list-text elementor-post-info__item elementor-post-info__item--type-author\">\n\t\t\t\t\t\t\t\t\t\tStefany de Souza Alves\t\t\t\t\t<\/span>\n\t\t\t\t\t\t\t\t\t<\/a>\n\t\t\t\t<\/li>\n\t\t\t\t<li class=\"elementor-icon-list-item elementor-repeater-item-9bc148e elementor-inline-item\" itemprop=\"datePublished\">\n\t\t\t\t\t\t<a href=\"https:\/\/pc.sc.gov.br\/?m=20250822\">\n\t\t\t\t\t\t\t\t\t\t\t<span class=\"elementor-icon-list-icon\">\n\t\t\t\t\t\t\t\t<i aria-hidden=\"true\" class=\"fas fa-calendar\"><\/i>\t\t\t\t\t\t\t<\/span>\n\t\t\t\t\t\t\t\t\t<span class=\"elementor-icon-list-text elementor-post-info__item elementor-post-info__item--type-date\">\n\t\t\t\t\t\t\t\t\t\t<time>agosto 22, 2025<\/time>\t\t\t\t\t<\/span>\n\t\t\t\t\t\t\t\t\t<\/a>\n\t\t\t\t<\/li>\n\t\t\t\t<li class=\"elementor-icon-list-item elementor-repeater-item-1e6ff5a elementor-inline-item\">\n\t\t\t\t\t\t\t\t\t\t<span class=\"elementor-icon-list-icon\">\n\t\t\t\t\t\t\t\t<i aria-hidden=\"true\" class=\"far fa-clock\"><\/i>\t\t\t\t\t\t\t<\/span>\n\t\t\t\t\t\t\t\t\t<span class=\"elementor-icon-list-text elementor-post-info__item elementor-post-info__item--type-time\">\n\t\t\t\t\t\t\t\t\t\t<time>4:32 pm<\/time>\t\t\t\t\t<\/span>\n\t\t\t\t\t\t\t\t<\/li>\n\t\t\t\t<\/ul>\n\t\t\t\t\t\t<\/div>\n\t\t\t\t<\/div>\n\t\t\t\t<div class=\"elementor-element elementor-element-5f103c8 elementor-widget elementor-widget-text-editor\" data-id=\"5f103c8\" data-element_type=\"widget\" data-widget_type=\"text-editor.default\">\n\t\t\t\t<div class=\"elementor-widget-container\">\n\t\t\t\t\t\t\t\t\t<p>A Pol\u00edcia Civil de Santa Catarina, por meio da Delegacia de Investiga\u00e7\u00e3o Criminal (DIC de Tubar\u00e3o), tomou conhecimento de uma sequ\u00eancia de furtos em estabelecimentos comerciais da cidade de Tubar\u00e3o ocorrida no in\u00edcio deste m\u00eas.<\/p><p>Assim que tomaram conhecimento dos fatos, os investigadores procederam em dilig\u00eancias e identificaram o autor como sendo um homem de 51 anos, contumaz na pr\u00e1tica de furtos. Houve a importante contribui\u00e7\u00e3o da Pol\u00edcia Municipal de Tubar\u00e3o na troca de informa\u00e7\u00f5es.<\/p><p>Instaurado o competente inqu\u00e9rito, foi coletado robusto conjunto probat\u00f3rio, e ent\u00e3o a autoridade policial representou pela pris\u00e3o preventiva do investigado, pedido que foi deferido pelo Ju\u00edzo das Garantias de Tubar\u00e3o.<\/p><p>Na tarde de hoje (22\/08), a DIC deu cumprimento ao mandado de pris\u00e3o.<\/p>\t\t\t\t\t\t\t\t<\/div>\n\t\t\t\t<\/div>\n\t\t\t\t\t<\/div>\n\t\t<\/div>\n\t\t\t\t\t<\/div>\n\t\t<\/section>\n\t\t\t\t<section class=\"elementor-section elementor-top-section elementor-element elementor-element-4268671 elementor-section-boxed elementor-section-height-default elementor-section-height-default\" data-id=\"4268671\" data-element_type=\"section\">\n\t\t\t\t\t\t<div class=\"elementor-container elementor-column-gap-default\">\n\t\t\t\t\t<div class=\"elementor-column elementor-col-100 elementor-top-column elementor-element elementor-element-3e0a015\" data-id=\"3e0a015\" data-element_type=\"column\">\n\t\t\t<div class=\"elementor-widget-wrap elementor-element-populated\">\n\t\t\t\t\t\t<div class=\"elementor-element elementor-element-3099c56 elementor-widget elementor-widget-image\" data-id=\"3099c56\" data-element_type=\"widget\" data-widget_type=\"image.default\">\n\t\t\t\t<div class=\"elementor-widget-container\">\n\t\t\t\t\t\t\t\t\t\t\t\t\t\t\t<img decoding=\"async\" width=\"696\" height=\"505\" src=\"https:\/\/pc.sc.gov.br\/\/wp-content\/uploads\/2025\/08\/WhatsApp-Image-2025-08-22-at-16.16.07-1024x743.jpeg\" class=\"attachment-large size-large wp-image-31484\" alt=\"\" srcset=\"https:\/\/pc.sc.gov.br\/\/wp-content\/uploads\/2025\/08\/WhatsApp-Image-2025-08-22-at-16.16.07-1024x743.jpeg 1024w, https:\/\/pc.sc.gov.br\/\/wp-content\/uploads\/2025\/08\/WhatsApp-Image-2025-08-22-at-16.16.07-300x218.jpeg 300w, https:\/\/pc.sc.gov.br\/\/wp-content\/uploads\/2025\/08\/WhatsApp-Image-2025-08-22-at-16.16.07-768x557.jpeg 768w, https:\/\/pc.sc.gov.br\/\/wp-content\/uploads\/2025\/08\/WhatsApp-Image-2025-08-22-at-16.16.07.jpeg 1440w\" sizes=\"(max-width: 696px) 100vw, 696px\" \/>\t\t\t\t\t\t\t\t\t\t\t\t\t\t\t<\/div>\n\t\t\t\t<\/div>\n\t\t\t\t\t<\/div>\n\t\t<\/div>\n\t\t\t\t\t<\/div>\n\t\t<\/section>\n\t\t\t\t<\/div>\n\t\t","protected":false},"excerpt":{"rendered":"<p>Pol\u00edcia Civil prende preventivamente suspeito de pelo menos quatro furtos em estabelecimentos comerciais de Tubar\u00e3o A Pol\u00edcia Civil de Santa Catarina, por meio da Delegacia de Investiga\u00e7\u00e3o Criminal (DIC de Tubar\u00e3o), tomou conhecimento de uma sequ\u00eancia de furtos em estabelecimentos comerciais da cidade de Tubar\u00e3o ocorrida no in\u00edcio deste m\u00eas. Assim que tomaram conhecimento dos [&hellip;]<\/p>\n","protected":false},"author":5,"featured_media":31483,"comment_status":"closed","ping_status":"open","sticky":false,"template":"","format":"standard","meta":{"_monsterinsights_skip_tracking":false,"_monsterinsights_sitenote_active":false,"_monsterinsights_sitenote_note":"","_monsterinsights_sitenote_category":0,"footnotes":""},"categories":[1],"tags":[],"class_list":["post-31482","post","type-post","status-publish","format-standard","has-post-thumbnail","hentry","category-sem-categoria"],"_links":{"self":[{"href":"https:\/\/pc.sc.gov.br\/index.php?rest_route=\/wp\/v2\/posts\/31482","targetHints":{"allow":["GET"]}}],"collection":[{"href":"https:\/\/pc.sc.gov.br\/index.php?rest_route=\/wp\/v2\/posts"}],"about":[{"href":"https:\/\/pc.sc.gov.br\/index.php?rest_route=\/wp\/v2\/types\/post"}],"author":[{"embeddable":true,"href":"https:\/\/pc.sc.gov.br\/index.php?rest_route=\/wp\/v2\/users\/5"}],"replies":[{"embeddable":true,"href":"https:\/\/pc.sc.gov.br\/index.php?rest_route=%2Fwp%2Fv2%2Fcomments&post=31482"}],"version-history":[{"count":4,"href":"https:\/\/pc.sc.gov.br\/index.php?rest_route=\/wp\/v2\/posts\/31482\/revisions"}],"predecessor-version":[{"id":31488,"href":"https:\/\/pc.sc.gov.br\/index.php?rest_route=\/wp\/v2\/posts\/31482\/revisions\/31488"}],"wp:featuredmedia":[{"embeddable":true,"href":"https:\/\/pc.sc.gov.br\/index.php?rest_route=\/wp\/v2\/media\/31483"}],"wp:attachment":[{"href":"https:\/\/pc.sc.gov.br\/index.php?rest_route=%2Fwp%2Fv2%2Fmedia&parent=31482"}],"wp:term":[{"taxonomy":"category","embeddable":true,"href":"https:\/\/pc.sc.gov.br\/index.php?rest_route=%2Fwp%2Fv2%2Fcategories&post=31482"},{"taxonomy":"post_tag","embeddable":true,"href":"https:\/\/pc.sc.gov.br\/index.php?rest_route=%2Fwp%2Fv2%2Ftags&post=31482"}],"curies":[{"name":"wp","href":"https:\/\/api.w.org\/{rel}","templated":true}]}}