{"id":31500,"date":"2025-08-25T17:33:15","date_gmt":"2025-08-25T20:33:15","guid":{"rendered":"https:\/\/pc.sc.gov.br\/?p=31500"},"modified":"2025-08-25T17:37:19","modified_gmt":"2025-08-25T20:37:19","slug":"novo-acordo-de-cooperacao-tecnica-incluiu-pm-e-senappen-na-forca-integrada-de-combate-ao-crime-organizado-ficco-sc","status":"publish","type":"post","link":"https:\/\/pc.sc.gov.br\/?p=31500","title":{"rendered":"Novo Acordo de Coopera\u00e7\u00e3o T\u00e9cnica incluiu PM e Senappen na For\u00e7a Integrada de Combate ao Crime Organizado (FICCO-SC)"},"content":{"rendered":"\t\t<div data-elementor-type=\"wp-post\" data-elementor-id=\"31500\" class=\"elementor elementor-31500\" data-elementor-post-type=\"post\">\n\t\t\t\t\t\t<section class=\"elementor-section elementor-top-section elementor-element elementor-element-17f0916 elementor-section-boxed elementor-section-height-default elementor-section-height-default\" data-id=\"17f0916\" data-element_type=\"section\">\n\t\t\t\t\t\t<div class=\"elementor-container elementor-column-gap-default\">\n\t\t\t\t\t<div class=\"elementor-column elementor-col-100 elementor-top-column elementor-element elementor-element-4662420\" data-id=\"4662420\" data-element_type=\"column\">\n\t\t\t<div class=\"elementor-widget-wrap elementor-element-populated\">\n\t\t\t\t\t\t<div class=\"elementor-element elementor-element-cd99016 elementor-widget elementor-widget-heading\" data-id=\"cd99016\" data-element_type=\"widget\" data-widget_type=\"heading.default\">\n\t\t\t\t<div class=\"elementor-widget-container\">\n\t\t\t\t\t<h2 class=\"elementor-heading-title elementor-size-default\">Novo Acordo de Coopera\u00e7\u00e3o T\u00e9cnica incluiu PM e Senappen na For\u00e7a Integrada de Combate ao Crime Organizado (FICCO-SC)<\/h2>\t\t\t\t<\/div>\n\t\t\t\t<\/div>\n\t\t\t\t\t<\/div>\n\t\t<\/div>\n\t\t\t\t\t<\/div>\n\t\t<\/section>\n\t\t\t\t<section class=\"elementor-section elementor-top-section elementor-element elementor-element-575e773 elementor-section-boxed elementor-section-height-default elementor-section-height-default\" data-id=\"575e773\" data-element_type=\"section\">\n\t\t\t\t\t\t<div class=\"elementor-container elementor-column-gap-default\">\n\t\t\t\t\t<div class=\"elementor-column elementor-col-100 elementor-top-column elementor-element elementor-element-380d1ed\" data-id=\"380d1ed\" data-element_type=\"column\">\n\t\t\t<div class=\"elementor-widget-wrap elementor-element-populated\">\n\t\t\t\t\t\t<div class=\"elementor-element elementor-element-85dbffd elementor-widget elementor-widget-image\" data-id=\"85dbffd\" data-element_type=\"widget\" data-widget_type=\"image.default\">\n\t\t\t\t<div class=\"elementor-widget-container\">\n\t\t\t\t\t\t\t\t\t\t\t\t\t\t\t<img fetchpriority=\"high\" decoding=\"async\" width=\"696\" height=\"428\" src=\"https:\/\/pc.sc.gov.br\/\/wp-content\/uploads\/2025\/08\/WhatsApp-Image-2025-08-25-at-17.16.47-e1756153344627-1024x629.jpeg\" class=\"attachment-large size-large wp-image-31501\" alt=\"\" srcset=\"https:\/\/pc.sc.gov.br\/\/wp-content\/uploads\/2025\/08\/WhatsApp-Image-2025-08-25-at-17.16.47-e1756153344627-1024x629.jpeg 1024w, https:\/\/pc.sc.gov.br\/\/wp-content\/uploads\/2025\/08\/WhatsApp-Image-2025-08-25-at-17.16.47-e1756153344627-300x184.jpeg 300w, https:\/\/pc.sc.gov.br\/\/wp-content\/uploads\/2025\/08\/WhatsApp-Image-2025-08-25-at-17.16.47-e1756153344627-768x472.jpeg 768w, https:\/\/pc.sc.gov.br\/\/wp-content\/uploads\/2025\/08\/WhatsApp-Image-2025-08-25-at-17.16.47-e1756153344627.jpeg 1152w\" sizes=\"(max-width: 696px) 100vw, 696px\" \/>\t\t\t\t\t\t\t\t\t\t\t\t\t\t\t<\/div>\n\t\t\t\t<\/div>\n\t\t\t\t\t<\/div>\n\t\t<\/div>\n\t\t\t\t\t<\/div>\n\t\t<\/section>\n\t\t\t\t<section class=\"elementor-section elementor-top-section elementor-element elementor-element-2a82ccf elementor-section-boxed elementor-section-height-default elementor-section-height-default\" data-id=\"2a82ccf\" data-element_type=\"section\">\n\t\t\t\t\t\t<div class=\"elementor-container elementor-column-gap-default\">\n\t\t\t\t\t<div class=\"elementor-column elementor-col-100 elementor-top-column elementor-element elementor-element-9181900\" data-id=\"9181900\" data-element_type=\"column\">\n\t\t\t<div class=\"elementor-widget-wrap elementor-element-populated\">\n\t\t\t\t\t\t<div class=\"elementor-element elementor-element-77df4ab elementor-widget elementor-widget-post-info\" data-id=\"77df4ab\" data-element_type=\"widget\" data-widget_type=\"post-info.default\">\n\t\t\t\t<div class=\"elementor-widget-container\">\n\t\t\t\t\t\t\t<ul class=\"elementor-inline-items elementor-icon-list-items elementor-post-info\">\n\t\t\t\t\t\t\t\t<li class=\"elementor-icon-list-item elementor-repeater-item-80d8852 elementor-inline-item\" itemprop=\"author\">\n\t\t\t\t\t\t<a href=\"https:\/\/pc.sc.gov.br\/?author=5\">\n\t\t\t\t\t\t\t\t\t\t\t<span class=\"elementor-icon-list-icon\">\n\t\t\t\t\t\t\t\t<i aria-hidden=\"true\" class=\"far fa-user-circle\"><\/i>\t\t\t\t\t\t\t<\/span>\n\t\t\t\t\t\t\t\t\t<span class=\"elementor-icon-list-text elementor-post-info__item elementor-post-info__item--type-author\">\n\t\t\t\t\t\t\t\t\t\tStefany de Souza Alves\t\t\t\t\t<\/span>\n\t\t\t\t\t\t\t\t\t<\/a>\n\t\t\t\t<\/li>\n\t\t\t\t<li class=\"elementor-icon-list-item elementor-repeater-item-9fb792d elementor-inline-item\" itemprop=\"datePublished\">\n\t\t\t\t\t\t<a href=\"https:\/\/pc.sc.gov.br\/?m=20250825\">\n\t\t\t\t\t\t\t\t\t\t\t<span class=\"elementor-icon-list-icon\">\n\t\t\t\t\t\t\t\t<i aria-hidden=\"true\" class=\"fas fa-calendar\"><\/i>\t\t\t\t\t\t\t<\/span>\n\t\t\t\t\t\t\t\t\t<span class=\"elementor-icon-list-text elementor-post-info__item elementor-post-info__item--type-date\">\n\t\t\t\t\t\t\t\t\t\t<time>agosto 25, 2025<\/time>\t\t\t\t\t<\/span>\n\t\t\t\t\t\t\t\t\t<\/a>\n\t\t\t\t<\/li>\n\t\t\t\t<li class=\"elementor-icon-list-item elementor-repeater-item-c5acc5b elementor-inline-item\">\n\t\t\t\t\t\t\t\t\t\t<span class=\"elementor-icon-list-icon\">\n\t\t\t\t\t\t\t\t<i aria-hidden=\"true\" class=\"far fa-clock\"><\/i>\t\t\t\t\t\t\t<\/span>\n\t\t\t\t\t\t\t\t\t<span class=\"elementor-icon-list-text elementor-post-info__item elementor-post-info__item--type-time\">\n\t\t\t\t\t\t\t\t\t\t<time>5:33 pm<\/time>\t\t\t\t\t<\/span>\n\t\t\t\t\t\t\t\t<\/li>\n\t\t\t\t<\/ul>\n\t\t\t\t\t\t<\/div>\n\t\t\t\t<\/div>\n\t\t\t\t<div class=\"elementor-element elementor-element-4d3a81a elementor-widget elementor-widget-text-editor\" data-id=\"4d3a81a\" data-element_type=\"widget\" data-widget_type=\"text-editor.default\">\n\t\t\t\t<div class=\"elementor-widget-container\">\n\t\t\t\t\t\t\t\t\t<p>Foi realizada, na tarde desta segunda-feira (25\/8), no audit\u00f3rio da Superintend\u00eancia Regional em Santa Catarina, a Solenidade de Assinatura do Termo Aditivo ao Acordo de Coopera\u00e7\u00e3o T\u00e9cnica da For\u00e7a Integrada de Combate ao Crime Organizado \u2013 FICCO-SC.<\/p><p>O evento oficializou a ades\u00e3o da Pol\u00edcia Militar de Santa Catarina e a integra\u00e7\u00e3o, de fato, da Secretaria Nacional de Pol\u00edticas Penais (Senapen) na FICCO SC, ampliando a atua\u00e7\u00e3o conjunta das for\u00e7as de seguran\u00e7a no enfrentamento \u00e0s organiza\u00e7\u00f5es criminosas que representam grave amea\u00e7a \u00e0 ordem p\u00fablica em Santa Catarina.<\/p><p>\u00a0V\u00e1rias autoridades federais, estaduais e municipais estiveram presentes ao ato. Compuseram a mesa de honra da solenidade a Superintendente Regional da Pol\u00edcia Federal em Santa Catarina, Aletea Vega Marona Kunde; a Secret\u00e1ria de Estado de Justi\u00e7a e Reintegra\u00e7\u00e3o Social de Santa Catarina, Danielle Amorim Silva; o Comandante-Geral da Pol\u00edcia Militar de Santa Catarina, Coronel PM Emerson Fernandes; o Policial Penal Federal Jonas Rodrigues, representante da Secretaria Nacional de Pol\u00edticas Penais; o Delegado Pedro Henrique de Paula e Silva Mendes, representante da Pol\u00edcia Civil da Grande Florian\u00f3polis; e o Delegado Nelson Confortin Napp, coordenador da FICCO-SC. Durante a solenidade, foram colhidas presencialmente as assinaturas dos representantes das institui\u00e7\u00f5es part\u00edcipes.<\/p><p>Em sua fala, a Superintendente Regional da PF em Santa Catarina, Delegada Aletea Marona, destacou que a \u201cFICCO-SC n\u00e3o \u00e9 apenas uma for\u00e7a-tarefa. \u00c9 um s\u00edmbolo de maturidade institucional, de supera\u00e7\u00e3o de barreiras burocr\u00e1ticas e de alinhamento estrat\u00e9gico entre diferentes esferas de governo. \u00c9 a demonstra\u00e7\u00e3o de que, quando o interesse p\u00fablico est\u00e1 em primeiro lugar, as solu\u00e7\u00f5es aparecem, os resultados v\u00eam e a sociedade \u00e9 protegida\u201d.<\/p><p>&#8220;A atua\u00e7\u00e3o conjunta da FICCO-SC fortalece o enfrentamento \u00e0s fac\u00e7\u00f5es criminosas, ao tr\u00e1fico de drogas e armas, aos crimes patrimoniais e financeiros, e \u00e0 lavagem de dinheiro, promovendo maior prote\u00e7\u00e3o \u00e0 sociedade catarinense e \u00e0 seguran\u00e7a p\u00fablica nacional.&#8221;<\/p><p>A partir de hoje, a for\u00e7a-tarefa da FICCO SC passa a ser composta pela Pol\u00edcia Federal, Pol\u00edcia Civil de Santa Catarina, Pol\u00edcia Militar de Santa Catarina, Secretaria Nacional de Pol\u00edticas Penais e Secretaria de Estado de Justi\u00e7a e Reintegra\u00e7\u00e3o Social de Santa Catarina.<\/p><p><strong><em>*com informa\u00e7\u00f5es da Pol\u00edcia Federal<\/em><\/strong><\/p>\t\t\t\t\t\t\t\t<\/div>\n\t\t\t\t<\/div>\n\t\t\t\t\t<\/div>\n\t\t<\/div>\n\t\t\t\t\t<\/div>\n\t\t<\/section>\n\t\t\t\t<\/div>\n\t\t","protected":false},"excerpt":{"rendered":"<p>Novo Acordo de Coopera\u00e7\u00e3o T\u00e9cnica incluiu PM e Senappen na For\u00e7a Integrada de Combate ao Crime Organizado (FICCO-SC) Foi realizada, na tarde desta segunda-feira (25\/8), no audit\u00f3rio da Superintend\u00eancia Regional em Santa Catarina, a Solenidade de Assinatura do Termo Aditivo ao Acordo de Coopera\u00e7\u00e3o T\u00e9cnica da For\u00e7a Integrada de Combate ao Crime Organizado \u2013 FICCO-SC. [&hellip;]<\/p>\n","protected":false},"author":5,"featured_media":31501,"comment_status":"closed","ping_status":"open","sticky":false,"template":"","format":"standard","meta":{"_monsterinsights_skip_tracking":false,"_monsterinsights_sitenote_active":false,"_monsterinsights_sitenote_note":"","_monsterinsights_sitenote_category":0,"footnotes":""},"categories":[1],"tags":[],"class_list":["post-31500","post","type-post","status-publish","format-standard","has-post-thumbnail","hentry","category-sem-categoria"],"_links":{"self":[{"href":"https:\/\/pc.sc.gov.br\/index.php?rest_route=\/wp\/v2\/posts\/31500","targetHints":{"allow":["GET"]}}],"collection":[{"href":"https:\/\/pc.sc.gov.br\/index.php?rest_route=\/wp\/v2\/posts"}],"about":[{"href":"https:\/\/pc.sc.gov.br\/index.php?rest_route=\/wp\/v2\/types\/post"}],"author":[{"embeddable":true,"href":"https:\/\/pc.sc.gov.br\/index.php?rest_route=\/wp\/v2\/users\/5"}],"replies":[{"embeddable":true,"href":"https:\/\/pc.sc.gov.br\/index.php?rest_route=%2Fwp%2Fv2%2Fcomments&post=31500"}],"version-history":[{"count":4,"href":"https:\/\/pc.sc.gov.br\/index.php?rest_route=\/wp\/v2\/posts\/31500\/revisions"}],"predecessor-version":[{"id":31505,"href":"https:\/\/pc.sc.gov.br\/index.php?rest_route=\/wp\/v2\/posts\/31500\/revisions\/31505"}],"wp:featuredmedia":[{"embeddable":true,"href":"https:\/\/pc.sc.gov.br\/index.php?rest_route=\/wp\/v2\/media\/31501"}],"wp:attachment":[{"href":"https:\/\/pc.sc.gov.br\/index.php?rest_route=%2Fwp%2Fv2%2Fmedia&parent=31500"}],"wp:term":[{"taxonomy":"category","embeddable":true,"href":"https:\/\/pc.sc.gov.br\/index.php?rest_route=%2Fwp%2Fv2%2Fcategories&post=31500"},{"taxonomy":"post_tag","embeddable":true,"href":"https:\/\/pc.sc.gov.br\/index.php?rest_route=%2Fwp%2Fv2%2Ftags&post=31500"}],"curies":[{"name":"wp","href":"https:\/\/api.w.org\/{rel}","templated":true}]}}