{"id":31506,"date":"2025-08-25T18:06:18","date_gmt":"2025-08-25T21:06:18","guid":{"rendered":"https:\/\/pc.sc.gov.br\/?p=31506"},"modified":"2025-08-25T18:07:39","modified_gmt":"2025-08-25T21:07:39","slug":"policia-civil-prende-preventivamente-casal-suspeito-de-homicidio-na-cidade-de-jardinopolis","status":"publish","type":"post","link":"https:\/\/pc.sc.gov.br\/?p=31506","title":{"rendered":"Pol\u00edcia Civil prende preventivamente casal suspeito de homic\u00eddio na cidade de Jardin\u00f3polis"},"content":{"rendered":"\t\t<div data-elementor-type=\"wp-post\" data-elementor-id=\"31506\" class=\"elementor elementor-31506\" data-elementor-post-type=\"post\">\n\t\t\t\t\t\t<section class=\"elementor-section elementor-top-section elementor-element elementor-element-d9926e7 elementor-section-boxed elementor-section-height-default elementor-section-height-default\" data-id=\"d9926e7\" data-element_type=\"section\">\n\t\t\t\t\t\t<div class=\"elementor-container elementor-column-gap-default\">\n\t\t\t\t\t<div class=\"elementor-column elementor-col-100 elementor-top-column elementor-element elementor-element-7d6146a\" data-id=\"7d6146a\" data-element_type=\"column\">\n\t\t\t<div class=\"elementor-widget-wrap elementor-element-populated\">\n\t\t\t\t\t\t<div class=\"elementor-element elementor-element-442aba9 elementor-widget elementor-widget-heading\" data-id=\"442aba9\" data-element_type=\"widget\" data-widget_type=\"heading.default\">\n\t\t\t\t<div class=\"elementor-widget-container\">\n\t\t\t\t\t<h2 class=\"elementor-heading-title elementor-size-default\">Pol\u00edcia Civil prende preventivamente casal suspeito de homic\u00eddio na cidade de Jardin\u00f3polis<\/h2>\t\t\t\t<\/div>\n\t\t\t\t<\/div>\n\t\t\t\t\t<\/div>\n\t\t<\/div>\n\t\t\t\t\t<\/div>\n\t\t<\/section>\n\t\t\t\t<section class=\"elementor-section elementor-top-section elementor-element elementor-element-946064d elementor-section-boxed elementor-section-height-default elementor-section-height-default\" data-id=\"946064d\" data-element_type=\"section\">\n\t\t\t\t\t\t<div class=\"elementor-container elementor-column-gap-default\">\n\t\t\t\t\t<div class=\"elementor-column elementor-col-100 elementor-top-column elementor-element elementor-element-a2ae151\" data-id=\"a2ae151\" data-element_type=\"column\">\n\t\t\t<div class=\"elementor-widget-wrap elementor-element-populated\">\n\t\t\t\t\t\t<div class=\"elementor-element elementor-element-55f354a elementor-widget elementor-widget-image\" data-id=\"55f354a\" data-element_type=\"widget\" data-widget_type=\"image.default\">\n\t\t\t\t<div class=\"elementor-widget-container\">\n\t\t\t\t\t\t\t\t\t\t\t\t\t\t\t<img fetchpriority=\"high\" decoding=\"async\" width=\"575\" height=\"450\" src=\"https:\/\/pc.sc.gov.br\/\/wp-content\/uploads\/2025\/08\/WhatsApp-Image-2025-08-25-at-18.01.14-e1756155971659.jpeg\" class=\"attachment-large size-large wp-image-31507\" alt=\"\" srcset=\"https:\/\/pc.sc.gov.br\/\/wp-content\/uploads\/2025\/08\/WhatsApp-Image-2025-08-25-at-18.01.14-e1756155971659.jpeg 575w, https:\/\/pc.sc.gov.br\/\/wp-content\/uploads\/2025\/08\/WhatsApp-Image-2025-08-25-at-18.01.14-e1756155971659-300x235.jpeg 300w\" sizes=\"(max-width: 575px) 100vw, 575px\" \/>\t\t\t\t\t\t\t\t\t\t\t\t\t\t\t<\/div>\n\t\t\t\t<\/div>\n\t\t\t\t\t<\/div>\n\t\t<\/div>\n\t\t\t\t\t<\/div>\n\t\t<\/section>\n\t\t\t\t<section class=\"elementor-section elementor-top-section elementor-element elementor-element-9f67d5d elementor-section-boxed elementor-section-height-default elementor-section-height-default\" data-id=\"9f67d5d\" data-element_type=\"section\">\n\t\t\t\t\t\t<div class=\"elementor-container elementor-column-gap-default\">\n\t\t\t\t\t<div class=\"elementor-column elementor-col-100 elementor-top-column elementor-element elementor-element-c0e2225\" data-id=\"c0e2225\" data-element_type=\"column\">\n\t\t\t<div class=\"elementor-widget-wrap elementor-element-populated\">\n\t\t\t\t\t\t<div class=\"elementor-element elementor-element-498bb06 elementor-widget elementor-widget-post-info\" data-id=\"498bb06\" data-element_type=\"widget\" data-widget_type=\"post-info.default\">\n\t\t\t\t<div class=\"elementor-widget-container\">\n\t\t\t\t\t\t\t<ul class=\"elementor-inline-items elementor-icon-list-items elementor-post-info\">\n\t\t\t\t\t\t\t\t<li class=\"elementor-icon-list-item elementor-repeater-item-53d8077 elementor-inline-item\" itemprop=\"author\">\n\t\t\t\t\t\t<a href=\"https:\/\/pc.sc.gov.br\/?author=5\">\n\t\t\t\t\t\t\t\t\t\t\t<span class=\"elementor-icon-list-icon\">\n\t\t\t\t\t\t\t\t<i aria-hidden=\"true\" class=\"far fa-user-circle\"><\/i>\t\t\t\t\t\t\t<\/span>\n\t\t\t\t\t\t\t\t\t<span class=\"elementor-icon-list-text elementor-post-info__item elementor-post-info__item--type-author\">\n\t\t\t\t\t\t\t\t\t\tStefany de Souza Alves\t\t\t\t\t<\/span>\n\t\t\t\t\t\t\t\t\t<\/a>\n\t\t\t\t<\/li>\n\t\t\t\t<li class=\"elementor-icon-list-item elementor-repeater-item-91a40f1 elementor-inline-item\" itemprop=\"datePublished\">\n\t\t\t\t\t\t<a href=\"https:\/\/pc.sc.gov.br\/?m=20250825\">\n\t\t\t\t\t\t\t\t\t\t\t<span class=\"elementor-icon-list-icon\">\n\t\t\t\t\t\t\t\t<i aria-hidden=\"true\" class=\"fas fa-calendar\"><\/i>\t\t\t\t\t\t\t<\/span>\n\t\t\t\t\t\t\t\t\t<span class=\"elementor-icon-list-text elementor-post-info__item elementor-post-info__item--type-date\">\n\t\t\t\t\t\t\t\t\t\t<time>agosto 25, 2025<\/time>\t\t\t\t\t<\/span>\n\t\t\t\t\t\t\t\t\t<\/a>\n\t\t\t\t<\/li>\n\t\t\t\t<li class=\"elementor-icon-list-item elementor-repeater-item-3ff4b9f elementor-inline-item\">\n\t\t\t\t\t\t\t\t\t\t<span class=\"elementor-icon-list-icon\">\n\t\t\t\t\t\t\t\t<i aria-hidden=\"true\" class=\"far fa-clock\"><\/i>\t\t\t\t\t\t\t<\/span>\n\t\t\t\t\t\t\t\t\t<span class=\"elementor-icon-list-text elementor-post-info__item elementor-post-info__item--type-time\">\n\t\t\t\t\t\t\t\t\t\t<time>6:06 pm<\/time>\t\t\t\t\t<\/span>\n\t\t\t\t\t\t\t\t<\/li>\n\t\t\t\t<\/ul>\n\t\t\t\t\t\t<\/div>\n\t\t\t\t<\/div>\n\t\t\t\t<div class=\"elementor-element elementor-element-91d3b6c elementor-widget elementor-widget-text-editor\" data-id=\"91d3b6c\" data-element_type=\"widget\" data-widget_type=\"text-editor.default\">\n\t\t\t\t<div class=\"elementor-widget-container\">\n\t\t\t\t\t\t\t\t\t<p>A Pol\u00edcia Civil de Santa Catarina, por meio da Delegacia de Pol\u00edcia da Comarca de Jardin\u00f3polis, com apoio da Delegacia de Pol\u00edcia da Comarca de Quilombo, prendeu preventivamente, na tarde desta segunda-feira (25\/08), um casal respons\u00e1vel pela pr\u00e1tica do crime de homic\u00eddio qualificado, ocorrido na madrugada de s\u00e1bado, dia 23 de agosto, no munic\u00edpio de Jardin\u00f3polis.<\/p><p>Naquela data, a v\u00edtima que era ex-companheiro da suspeita, se dirigiu \u00e0 resid\u00eancia do casal, momento em que passaram a discutir. Posteriormente, o atual companheiro da investigada entrou em luta corporal com o ofendido, desferindo diversos golpes de faca, principalmente na regi\u00e3o do pesco\u00e7o, causando o seu \u00f3bito.<\/p><p>Ap\u00f3s o crime, o casal empreendeu fuga para local incerto e n\u00e3o sabido.<\/p><p>Os policiais civis foram acionados e compareceram ao local dos fatos, iniciando assim as investiga\u00e7\u00f5es.<\/p><p>Diante dos elementos probat\u00f3rios colhidos pela pol\u00edcia Civil, ainda na madrugada do dia 23 de agosto, a Autoridade Policial representou pela pris\u00e3o preventiva dos suspeitos, medida cautelar que foi prontamente deferida pela Autoridade Judici\u00e1ria competente.<\/p><p>Na tarde desta segunda-feira, os policiais civis efetuaram a pris\u00e3o do casal, o homem de 45 anos e a mulher de 31 anos, na cidade de Quilombo.<\/p><p>Os representados foram interrogados na presen\u00e7a do advogado, momento em que relataram que apenas se defenderam das agress\u00f5es perpetradas pela v\u00edtima.<\/p><p>Ap\u00f3s os procedimentos legais os suspeitos foram encaminhados para o sistema prisional da cidade de Chapec\u00f3, local em que permanecer\u00e3o \u00e0 disposi\u00e7\u00e3o da justi\u00e7a.<\/p><p>O inqu\u00e9rito Policial ser\u00e1 finalizado no prazo de at\u00e9 10 dias.<\/p><p>Pol\u00edcia Civil de Santa Catarina, investiga\u00e7\u00e3o que gera resultado!\u00a0<\/p>\t\t\t\t\t\t\t\t<\/div>\n\t\t\t\t<\/div>\n\t\t\t\t\t<\/div>\n\t\t<\/div>\n\t\t\t\t\t<\/div>\n\t\t<\/section>\n\t\t\t\t<\/div>\n\t\t","protected":false},"excerpt":{"rendered":"<p>Pol\u00edcia Civil prende preventivamente casal suspeito de homic\u00eddio na cidade de Jardin\u00f3polis A Pol\u00edcia Civil de Santa Catarina, por meio da Delegacia de Pol\u00edcia da Comarca de Jardin\u00f3polis, com apoio da Delegacia de Pol\u00edcia da Comarca de Quilombo, prendeu preventivamente, na tarde desta segunda-feira (25\/08), um casal respons\u00e1vel pela pr\u00e1tica do crime de homic\u00eddio qualificado, [&hellip;]<\/p>\n","protected":false},"author":5,"featured_media":31507,"comment_status":"closed","ping_status":"open","sticky":false,"template":"","format":"standard","meta":{"_monsterinsights_skip_tracking":false,"_monsterinsights_sitenote_active":false,"_monsterinsights_sitenote_note":"","_monsterinsights_sitenote_category":0,"footnotes":""},"categories":[1],"tags":[],"class_list":["post-31506","post","type-post","status-publish","format-standard","has-post-thumbnail","hentry","category-sem-categoria"],"_links":{"self":[{"href":"https:\/\/pc.sc.gov.br\/index.php?rest_route=\/wp\/v2\/posts\/31506","targetHints":{"allow":["GET"]}}],"collection":[{"href":"https:\/\/pc.sc.gov.br\/index.php?rest_route=\/wp\/v2\/posts"}],"about":[{"href":"https:\/\/pc.sc.gov.br\/index.php?rest_route=\/wp\/v2\/types\/post"}],"author":[{"embeddable":true,"href":"https:\/\/pc.sc.gov.br\/index.php?rest_route=\/wp\/v2\/users\/5"}],"replies":[{"embeddable":true,"href":"https:\/\/pc.sc.gov.br\/index.php?rest_route=%2Fwp%2Fv2%2Fcomments&post=31506"}],"version-history":[{"count":4,"href":"https:\/\/pc.sc.gov.br\/index.php?rest_route=\/wp\/v2\/posts\/31506\/revisions"}],"predecessor-version":[{"id":31511,"href":"https:\/\/pc.sc.gov.br\/index.php?rest_route=\/wp\/v2\/posts\/31506\/revisions\/31511"}],"wp:featuredmedia":[{"embeddable":true,"href":"https:\/\/pc.sc.gov.br\/index.php?rest_route=\/wp\/v2\/media\/31507"}],"wp:attachment":[{"href":"https:\/\/pc.sc.gov.br\/index.php?rest_route=%2Fwp%2Fv2%2Fmedia&parent=31506"}],"wp:term":[{"taxonomy":"category","embeddable":true,"href":"https:\/\/pc.sc.gov.br\/index.php?rest_route=%2Fwp%2Fv2%2Fcategories&post=31506"},{"taxonomy":"post_tag","embeddable":true,"href":"https:\/\/pc.sc.gov.br\/index.php?rest_route=%2Fwp%2Fv2%2Ftags&post=31506"}],"curies":[{"name":"wp","href":"https:\/\/api.w.org\/{rel}","templated":true}]}}