{"id":31540,"date":"2025-08-26T17:45:39","date_gmt":"2025-08-26T20:45:39","guid":{"rendered":"https:\/\/pc.sc.gov.br\/?p=31540"},"modified":"2025-08-26T17:46:40","modified_gmt":"2025-08-26T20:46:40","slug":"dfrv-deic-apresenta-balanco-que-demonstra-queda-nos-furtos-e-roubos-de-veiculos-em-santa-catarina-nos-primeiros-oito-meses-de-2025","status":"publish","type":"post","link":"https:\/\/pc.sc.gov.br\/?p=31540","title":{"rendered":"DFRV\/DEIC apresenta balan\u00e7o que demonstra queda nos furtos e roubos de ve\u00edculos em Santa Catarina nos primeiros oito meses de 2025"},"content":{"rendered":"\t\t<div data-elementor-type=\"wp-post\" data-elementor-id=\"31540\" class=\"elementor elementor-31540\" data-elementor-post-type=\"post\">\n\t\t\t\t\t\t<section class=\"elementor-section elementor-top-section elementor-element elementor-element-c3362ca elementor-section-boxed elementor-section-height-default elementor-section-height-default\" data-id=\"c3362ca\" data-element_type=\"section\">\n\t\t\t\t\t\t<div class=\"elementor-container elementor-column-gap-default\">\n\t\t\t\t\t<div class=\"elementor-column elementor-col-100 elementor-top-column elementor-element elementor-element-b5c6613\" data-id=\"b5c6613\" data-element_type=\"column\">\n\t\t\t<div class=\"elementor-widget-wrap elementor-element-populated\">\n\t\t\t\t\t\t<div class=\"elementor-element elementor-element-c0c0adb elementor-widget elementor-widget-heading\" data-id=\"c0c0adb\" data-element_type=\"widget\" data-widget_type=\"heading.default\">\n\t\t\t\t<div class=\"elementor-widget-container\">\n\t\t\t\t\t<h2 class=\"elementor-heading-title elementor-size-default\">DFRV\/DEIC apresenta balan\u00e7o que demonstra queda nos furtos e roubos de ve\u00edculos em Santa Catarina nos primeiros oito meses de 2025<\/h2>\t\t\t\t<\/div>\n\t\t\t\t<\/div>\n\t\t\t\t\t<\/div>\n\t\t<\/div>\n\t\t\t\t\t<\/div>\n\t\t<\/section>\n\t\t\t\t<section class=\"elementor-section elementor-top-section elementor-element elementor-element-d31d918 elementor-section-boxed elementor-section-height-default elementor-section-height-default\" data-id=\"d31d918\" data-element_type=\"section\">\n\t\t\t\t\t\t<div class=\"elementor-container elementor-column-gap-default\">\n\t\t\t\t\t<div class=\"elementor-column elementor-col-100 elementor-top-column elementor-element elementor-element-10ed422\" data-id=\"10ed422\" data-element_type=\"column\">\n\t\t\t<div class=\"elementor-widget-wrap elementor-element-populated\">\n\t\t\t\t\t\t<div class=\"elementor-element elementor-element-3b3a02b elementor-widget elementor-widget-image\" data-id=\"3b3a02b\" data-element_type=\"widget\" data-widget_type=\"image.default\">\n\t\t\t\t<div class=\"elementor-widget-container\">\n\t\t\t\t\t\t\t\t\t\t\t\t\t\t\t<img fetchpriority=\"high\" decoding=\"async\" width=\"683\" height=\"1024\" src=\"https:\/\/pc.sc.gov.br\/\/wp-content\/uploads\/2025\/08\/WhatsApp-Image-2025-08-26-at-17.16.58-683x1024.jpeg\" class=\"attachment-large size-large wp-image-31541\" alt=\"\" srcset=\"https:\/\/pc.sc.gov.br\/\/wp-content\/uploads\/2025\/08\/WhatsApp-Image-2025-08-26-at-17.16.58-683x1024.jpeg 683w, https:\/\/pc.sc.gov.br\/\/wp-content\/uploads\/2025\/08\/WhatsApp-Image-2025-08-26-at-17.16.58-200x300.jpeg 200w, https:\/\/pc.sc.gov.br\/\/wp-content\/uploads\/2025\/08\/WhatsApp-Image-2025-08-26-at-17.16.58-768x1152.jpeg 768w, https:\/\/pc.sc.gov.br\/\/wp-content\/uploads\/2025\/08\/WhatsApp-Image-2025-08-26-at-17.16.58-1024x1536.jpeg 1024w, https:\/\/pc.sc.gov.br\/\/wp-content\/uploads\/2025\/08\/WhatsApp-Image-2025-08-26-at-17.16.58.jpeg 1066w\" sizes=\"(max-width: 683px) 100vw, 683px\" \/>\t\t\t\t\t\t\t\t\t\t\t\t\t\t\t<\/div>\n\t\t\t\t<\/div>\n\t\t\t\t<div class=\"elementor-element elementor-element-ee83ff2 elementor-widget elementor-widget-post-info\" data-id=\"ee83ff2\" data-element_type=\"widget\" data-widget_type=\"post-info.default\">\n\t\t\t\t<div class=\"elementor-widget-container\">\n\t\t\t\t\t\t\t<ul class=\"elementor-inline-items elementor-icon-list-items elementor-post-info\">\n\t\t\t\t\t\t\t\t<li class=\"elementor-icon-list-item elementor-repeater-item-3f353dd elementor-inline-item\" itemprop=\"author\">\n\t\t\t\t\t\t<a href=\"https:\/\/pc.sc.gov.br\/?author=5\">\n\t\t\t\t\t\t\t\t\t\t\t<span class=\"elementor-icon-list-icon\">\n\t\t\t\t\t\t\t\t<i aria-hidden=\"true\" class=\"far fa-user-circle\"><\/i>\t\t\t\t\t\t\t<\/span>\n\t\t\t\t\t\t\t\t\t<span class=\"elementor-icon-list-text elementor-post-info__item elementor-post-info__item--type-author\">\n\t\t\t\t\t\t\t\t\t\tStefany de Souza Alves\t\t\t\t\t<\/span>\n\t\t\t\t\t\t\t\t\t<\/a>\n\t\t\t\t<\/li>\n\t\t\t\t<li class=\"elementor-icon-list-item elementor-repeater-item-090d5bb elementor-inline-item\" itemprop=\"datePublished\">\n\t\t\t\t\t\t<a href=\"https:\/\/pc.sc.gov.br\/?m=20250826\">\n\t\t\t\t\t\t\t\t\t\t\t<span class=\"elementor-icon-list-icon\">\n\t\t\t\t\t\t\t\t<i aria-hidden=\"true\" class=\"fas fa-calendar\"><\/i>\t\t\t\t\t\t\t<\/span>\n\t\t\t\t\t\t\t\t\t<span class=\"elementor-icon-list-text elementor-post-info__item elementor-post-info__item--type-date\">\n\t\t\t\t\t\t\t\t\t\t<time>agosto 26, 2025<\/time>\t\t\t\t\t<\/span>\n\t\t\t\t\t\t\t\t\t<\/a>\n\t\t\t\t<\/li>\n\t\t\t\t<li class=\"elementor-icon-list-item elementor-repeater-item-e038fda elementor-inline-item\">\n\t\t\t\t\t\t\t\t\t\t<span class=\"elementor-icon-list-icon\">\n\t\t\t\t\t\t\t\t<i aria-hidden=\"true\" class=\"far fa-clock\"><\/i>\t\t\t\t\t\t\t<\/span>\n\t\t\t\t\t\t\t\t\t<span class=\"elementor-icon-list-text elementor-post-info__item elementor-post-info__item--type-time\">\n\t\t\t\t\t\t\t\t\t\t<time>5:45 pm<\/time>\t\t\t\t\t<\/span>\n\t\t\t\t\t\t\t\t<\/li>\n\t\t\t\t<\/ul>\n\t\t\t\t\t\t<\/div>\n\t\t\t\t<\/div>\n\t\t\t\t\t<\/div>\n\t\t<\/div>\n\t\t\t\t\t<\/div>\n\t\t<\/section>\n\t\t\t\t<section class=\"elementor-section elementor-top-section elementor-element elementor-element-b83ed05 elementor-section-boxed elementor-section-height-default elementor-section-height-default\" data-id=\"b83ed05\" data-element_type=\"section\">\n\t\t\t\t\t\t<div class=\"elementor-container elementor-column-gap-default\">\n\t\t\t\t\t<div class=\"elementor-column elementor-col-100 elementor-top-column elementor-element elementor-element-724e026\" data-id=\"724e026\" data-element_type=\"column\">\n\t\t\t<div class=\"elementor-widget-wrap elementor-element-populated\">\n\t\t\t\t\t\t<div class=\"elementor-element elementor-element-4455763 elementor-widget elementor-widget-text-editor\" data-id=\"4455763\" data-element_type=\"widget\" data-widget_type=\"text-editor.default\">\n\t\t\t\t<div class=\"elementor-widget-container\">\n\t\t\t\t\t\t\t\t\t<p>A Pol\u00edcia Civil de Santa Catarina, por meio da Delegacia de Furtos e Roubos de Ve\u00edculos da Diretoria Estadual de Investiga\u00e7\u00f5es Criminais (DFRV\/DEIC), apresentou nesta ter\u00e7a-feira (26\/08) o balan\u00e7o do segundo quadrimestre de 2025, que aponta uma queda significativa nos \u00edndices de furtos e roubos de ve\u00edculos em todo o estado.<\/p><p data-start=\"525\" data-end=\"954\">Os resultados refletem a atua\u00e7\u00e3o integrada entre a Pol\u00edcia Civil e diversos \u00f3rg\u00e3os parceiros, como o Poder Judici\u00e1rio, DETRAN, Receita Estadual, Pol\u00edcia Cient\u00edfica, Pol\u00edcia Militar, Pol\u00edcia Rodovi\u00e1ria Federal e Guardas Municipais. O trabalho conjunto, com foco em opera\u00e7\u00f5es de fiscaliza\u00e7\u00e3o em estabelecimentos de autope\u00e7as suspeitos e na pris\u00e3o de integrantes de grupos criminosos, foi determinante para os avan\u00e7os registrados.<\/p><h2 data-start=\"956\" data-end=\"980\">Redu\u00e7\u00e3o nos \u00edndices<\/h2><p data-start=\"981\" data-end=\"1203\">De acordo com os dados comparativos entre 1\u00ba de janeiro e 25 de agosto de 2024 e o mesmo per\u00edodo de 2025, os crimes de furtos e roubos de ve\u00edculos ca\u00edram 8,04% em Santa Catarina, passando de 5.000 ocorr\u00eancias para 4.598.<\/p><ul><li data-start=\"1207\" data-end=\"1286\"><strong data-start=\"1207\" data-end=\"1237\">Somente furtos de ve\u00edculos<\/strong>: redu\u00e7\u00e3o de 7,85% (de 4.445 para 4.096 casos).<\/li><li data-start=\"1289\" data-end=\"1362\"><strong data-start=\"1289\" data-end=\"1319\">Somente roubos de ve\u00edculos<\/strong>: queda de 9,46% (de 560 para 507 casos).<\/li><li data-start=\"1365\" data-end=\"1442\"><strong data-start=\"1365\" data-end=\"1389\">Grande Florian\u00f3polis<\/strong>: diminui\u00e7\u00e3o de 11,02% (de 762 para 678 registros).<\/li><li data-start=\"1445\" data-end=\"1561\"><strong data-start=\"1445\" data-end=\"1467\">Interior do Estado<\/strong>: maior destaque do balan\u00e7o, com redu\u00e7\u00e3o expressiva de 28,04% (de 724 para 521 ocorr\u00eancias).<\/li><\/ul><h2 data-start=\"1563\" data-end=\"1598\">Atua\u00e7\u00e3o integrada e resultados<\/h2><p data-start=\"1599\" data-end=\"1829\">Segundo a dire\u00e7\u00e3o do DEIC, os n\u00fameros confirmam a efetividade do modelo de trabalho adotado, que prioriza o interc\u00e2mbio de informa\u00e7\u00f5es, o planejamento estrat\u00e9gico de opera\u00e7\u00f5es e a repress\u00e3o qualificada contra grupos organizados.<\/p><p data-start=\"1831\" data-end=\"2074\">A Pol\u00edcia Civil destaca que busca reduzir ainda mais os \u00edndices criminais e ampliar a sensa\u00e7\u00e3o de seguran\u00e7a para a sociedade catarinense por meio de investiga\u00e7\u00f5es especializadas e da coopera\u00e7\u00e3o com outras institui\u00e7\u00f5es p\u00fablicas.<\/p>\t\t\t\t\t\t\t\t<\/div>\n\t\t\t\t<\/div>\n\t\t\t\t\t<\/div>\n\t\t<\/div>\n\t\t\t\t\t<\/div>\n\t\t<\/section>\n\t\t\t\t<\/div>\n\t\t","protected":false},"excerpt":{"rendered":"<p>DFRV\/DEIC apresenta balan\u00e7o que demonstra queda nos furtos e roubos de ve\u00edculos em Santa Catarina nos primeiros oito meses de 2025 A Pol\u00edcia Civil de Santa Catarina, por meio da Delegacia de Furtos e Roubos de Ve\u00edculos da Diretoria Estadual de Investiga\u00e7\u00f5es Criminais (DFRV\/DEIC), apresentou nesta ter\u00e7a-feira (26\/08) o balan\u00e7o do segundo quadrimestre de 2025, [&hellip;]<\/p>\n","protected":false},"author":5,"featured_media":31541,"comment_status":"closed","ping_status":"open","sticky":false,"template":"","format":"standard","meta":{"_monsterinsights_skip_tracking":false,"_monsterinsights_sitenote_active":false,"_monsterinsights_sitenote_note":"","_monsterinsights_sitenote_category":0,"footnotes":""},"categories":[1],"tags":[],"class_list":["post-31540","post","type-post","status-publish","format-standard","has-post-thumbnail","hentry","category-sem-categoria"],"_links":{"self":[{"href":"https:\/\/pc.sc.gov.br\/index.php?rest_route=\/wp\/v2\/posts\/31540","targetHints":{"allow":["GET"]}}],"collection":[{"href":"https:\/\/pc.sc.gov.br\/index.php?rest_route=\/wp\/v2\/posts"}],"about":[{"href":"https:\/\/pc.sc.gov.br\/index.php?rest_route=\/wp\/v2\/types\/post"}],"author":[{"embeddable":true,"href":"https:\/\/pc.sc.gov.br\/index.php?rest_route=\/wp\/v2\/users\/5"}],"replies":[{"embeddable":true,"href":"https:\/\/pc.sc.gov.br\/index.php?rest_route=%2Fwp%2Fv2%2Fcomments&post=31540"}],"version-history":[{"count":4,"href":"https:\/\/pc.sc.gov.br\/index.php?rest_route=\/wp\/v2\/posts\/31540\/revisions"}],"predecessor-version":[{"id":31545,"href":"https:\/\/pc.sc.gov.br\/index.php?rest_route=\/wp\/v2\/posts\/31540\/revisions\/31545"}],"wp:featuredmedia":[{"embeddable":true,"href":"https:\/\/pc.sc.gov.br\/index.php?rest_route=\/wp\/v2\/media\/31541"}],"wp:attachment":[{"href":"https:\/\/pc.sc.gov.br\/index.php?rest_route=%2Fwp%2Fv2%2Fmedia&parent=31540"}],"wp:term":[{"taxonomy":"category","embeddable":true,"href":"https:\/\/pc.sc.gov.br\/index.php?rest_route=%2Fwp%2Fv2%2Fcategories&post=31540"},{"taxonomy":"post_tag","embeddable":true,"href":"https:\/\/pc.sc.gov.br\/index.php?rest_route=%2Fwp%2Fv2%2Ftags&post=31540"}],"curies":[{"name":"wp","href":"https:\/\/api.w.org\/{rel}","templated":true}]}}