{"id":31546,"date":"2025-08-26T18:45:23","date_gmt":"2025-08-26T21:45:23","guid":{"rendered":"https:\/\/pc.sc.gov.br\/?p=31546"},"modified":"2025-08-26T18:48:18","modified_gmt":"2025-08-26T21:48:18","slug":"policia-civil-e-a-instituicao-com-maior-confianca-aponta-pesquisa-atlas-bloomberg","status":"publish","type":"post","link":"https:\/\/pc.sc.gov.br\/?p=31546","title":{"rendered":"Pol\u00edcia Civil \u00e9 a institui\u00e7\u00e3o com maior confian\u00e7a, aponta pesquisa Atlas\/Bloomberg"},"content":{"rendered":"\t\t<div data-elementor-type=\"wp-post\" data-elementor-id=\"31546\" class=\"elementor elementor-31546\" data-elementor-post-type=\"post\">\n\t\t\t\t\t\t<section class=\"elementor-section elementor-top-section elementor-element elementor-element-a357d37 elementor-section-boxed elementor-section-height-default elementor-section-height-default\" data-id=\"a357d37\" data-element_type=\"section\">\n\t\t\t\t\t\t<div class=\"elementor-container elementor-column-gap-default\">\n\t\t\t\t\t<div class=\"elementor-column elementor-col-100 elementor-top-column elementor-element elementor-element-d110b65\" data-id=\"d110b65\" data-element_type=\"column\">\n\t\t\t<div class=\"elementor-widget-wrap elementor-element-populated\">\n\t\t\t\t\t\t<div class=\"elementor-element elementor-element-cfc8e86 elementor-widget elementor-widget-heading\" data-id=\"cfc8e86\" data-element_type=\"widget\" data-widget_type=\"heading.default\">\n\t\t\t\t<div class=\"elementor-widget-container\">\n\t\t\t\t\t<h2 class=\"elementor-heading-title elementor-size-default\">Pol\u00edcia Civil \u00e9 a institui\u00e7\u00e3o com maior confian\u00e7a, aponta pesquisa Atlas\/Bloomberg<\/h2>\t\t\t\t<\/div>\n\t\t\t\t<\/div>\n\t\t\t\t<div class=\"elementor-element elementor-element-fcab0c4 elementor-widget elementor-widget-image\" data-id=\"fcab0c4\" data-element_type=\"widget\" data-widget_type=\"image.default\">\n\t\t\t\t<div class=\"elementor-widget-container\">\n\t\t\t\t\t\t\t\t\t\t\t\t\t\t\t<img fetchpriority=\"high\" decoding=\"async\" width=\"696\" height=\"404\" src=\"https:\/\/pc.sc.gov.br\/\/wp-content\/uploads\/2025\/05\/54556333709_8b72d1c43b_c-e1761332681406.jpg\" class=\"attachment-large size-large wp-image-29110\" alt=\"\" srcset=\"https:\/\/pc.sc.gov.br\/\/wp-content\/uploads\/2025\/05\/54556333709_8b72d1c43b_c-e1761332681406.jpg 789w, https:\/\/pc.sc.gov.br\/\/wp-content\/uploads\/2025\/05\/54556333709_8b72d1c43b_c-e1761332681406-300x174.jpg 300w, https:\/\/pc.sc.gov.br\/\/wp-content\/uploads\/2025\/05\/54556333709_8b72d1c43b_c-e1761332681406-768x446.jpg 768w\" sizes=\"(max-width: 696px) 100vw, 696px\" \/>\t\t\t\t\t\t\t\t\t\t\t\t\t\t\t<\/div>\n\t\t\t\t<\/div>\n\t\t\t\t\t<\/div>\n\t\t<\/div>\n\t\t\t\t\t<\/div>\n\t\t<\/section>\n\t\t\t\t<section class=\"elementor-section elementor-top-section elementor-element elementor-element-3b6fb97 elementor-section-boxed elementor-section-height-default elementor-section-height-default\" data-id=\"3b6fb97\" data-element_type=\"section\">\n\t\t\t\t\t\t<div class=\"elementor-container elementor-column-gap-default\">\n\t\t\t\t\t<div class=\"elementor-column elementor-col-100 elementor-top-column elementor-element elementor-element-11fe7a6\" data-id=\"11fe7a6\" data-element_type=\"column\">\n\t\t\t<div class=\"elementor-widget-wrap elementor-element-populated\">\n\t\t\t\t\t\t<div class=\"elementor-element elementor-element-25e4e2f elementor-widget elementor-widget-post-info\" data-id=\"25e4e2f\" data-element_type=\"widget\" data-widget_type=\"post-info.default\">\n\t\t\t\t<div class=\"elementor-widget-container\">\n\t\t\t\t\t\t\t<ul class=\"elementor-inline-items elementor-icon-list-items elementor-post-info\">\n\t\t\t\t\t\t\t\t<li class=\"elementor-icon-list-item elementor-repeater-item-566d407 elementor-inline-item\" itemprop=\"author\">\n\t\t\t\t\t\t<a href=\"https:\/\/pc.sc.gov.br\/?author=5\">\n\t\t\t\t\t\t\t\t\t\t\t<span class=\"elementor-icon-list-icon\">\n\t\t\t\t\t\t\t\t<i aria-hidden=\"true\" class=\"far fa-user-circle\"><\/i>\t\t\t\t\t\t\t<\/span>\n\t\t\t\t\t\t\t\t\t<span class=\"elementor-icon-list-text elementor-post-info__item elementor-post-info__item--type-author\">\n\t\t\t\t\t\t\t\t\t\tStefany de Souza Alves\t\t\t\t\t<\/span>\n\t\t\t\t\t\t\t\t\t<\/a>\n\t\t\t\t<\/li>\n\t\t\t\t<li class=\"elementor-icon-list-item elementor-repeater-item-11b884c elementor-inline-item\" itemprop=\"datePublished\">\n\t\t\t\t\t\t<a href=\"https:\/\/pc.sc.gov.br\/?m=20250826\">\n\t\t\t\t\t\t\t\t\t\t\t<span class=\"elementor-icon-list-icon\">\n\t\t\t\t\t\t\t\t<i aria-hidden=\"true\" class=\"fas fa-calendar\"><\/i>\t\t\t\t\t\t\t<\/span>\n\t\t\t\t\t\t\t\t\t<span class=\"elementor-icon-list-text elementor-post-info__item elementor-post-info__item--type-date\">\n\t\t\t\t\t\t\t\t\t\t<time>agosto 26, 2025<\/time>\t\t\t\t\t<\/span>\n\t\t\t\t\t\t\t\t\t<\/a>\n\t\t\t\t<\/li>\n\t\t\t\t<li class=\"elementor-icon-list-item elementor-repeater-item-8d74ed9 elementor-inline-item\">\n\t\t\t\t\t\t\t\t\t\t<span class=\"elementor-icon-list-icon\">\n\t\t\t\t\t\t\t\t<i aria-hidden=\"true\" class=\"far fa-clock\"><\/i>\t\t\t\t\t\t\t<\/span>\n\t\t\t\t\t\t\t\t\t<span class=\"elementor-icon-list-text elementor-post-info__item elementor-post-info__item--type-time\">\n\t\t\t\t\t\t\t\t\t\t<time>6:45 pm<\/time>\t\t\t\t\t<\/span>\n\t\t\t\t\t\t\t\t<\/li>\n\t\t\t\t<\/ul>\n\t\t\t\t\t\t<\/div>\n\t\t\t\t<\/div>\n\t\t\t\t\t<\/div>\n\t\t<\/div>\n\t\t\t\t\t<\/div>\n\t\t<\/section>\n\t\t\t\t<section class=\"elementor-section elementor-top-section elementor-element elementor-element-1163d3b elementor-section-boxed elementor-section-height-default elementor-section-height-default\" data-id=\"1163d3b\" data-element_type=\"section\">\n\t\t\t\t\t\t<div class=\"elementor-container elementor-column-gap-default\">\n\t\t\t\t\t<div class=\"elementor-column elementor-col-100 elementor-top-column elementor-element elementor-element-bbed1e7\" data-id=\"bbed1e7\" data-element_type=\"column\">\n\t\t\t<div class=\"elementor-widget-wrap elementor-element-populated\">\n\t\t\t\t\t\t<div class=\"elementor-element elementor-element-720e00d elementor-widget elementor-widget-text-editor\" data-id=\"720e00d\" data-element_type=\"widget\" data-widget_type=\"text-editor.default\">\n\t\t\t\t<div class=\"elementor-widget-container\">\n\t\t\t\t\t\t\t\t\t<p>A Pol\u00edcia Civil foi destaque na pesquisa Atlas\/Bloomberg, divulgada na quinta-feira (14\/08), sendo apontada como a institui\u00e7\u00e3o que mais inspira confian\u00e7a entre os brasileiros. O levantamento mostrou que <strong data-start=\"399\" data-end=\"460\">60% dos entrevistados declararam confiar na Pol\u00edcia Civil<\/strong>, colocando a institui\u00e7\u00e3o policial em primeiro lugar no ranking de credibilidade.<\/p>\n<p data-start=\"535\" data-end=\"746\">O resultado refor\u00e7a o reconhecimento da popula\u00e7\u00e3o ao trabalho desempenhado diariamente pela institui\u00e7\u00e3o, que atua de forma t\u00e9cnica, investigativa e comprometida com a seguran\u00e7a p\u00fablica e a defesa da sociedade.<\/p>\n<p data-start=\"748\" data-end=\"1018\">Na sequ\u00eancia do ranking, aparecem a Pol\u00edcia Militar (56%), a Igreja Cat\u00f3lica (53%) e a Pol\u00edcia Federal (49%). J\u00e1 o Congresso Nacional apresentou o menor \u00edndice de confian\u00e7a, com apenas 12% dos respondentes afirmando confiar na institui\u00e7\u00e3o e 81% declarando n\u00e3o confiar.<\/p>\n<p data-start=\"1020\" data-end=\"1414\">Para o Delegado-Geral da Pol\u00edcia Civil de Santa Catarina, Ulisses Gabriel, a pesquisa representa um importante reconhecimento da sociedade e tamb\u00e9m refor\u00e7a a relev\u00e2ncia dos investimentos feitos pelo Governo do Estado<em style=\"\">.<\/em><\/p>\n<p><em>\u201cEsse resultado mostra que a popula\u00e7\u00e3o confia na Pol\u00edcia Civil e no trabalho t\u00e9cnico e comprometido de nossos policiais. Esse reconhecimento tamb\u00e9m \u00e9 fruto dos investimentos que temos recebido do governador Jorginho Mello, que tem garantido recursos para estrutura, tecnologia e valoriza\u00e7\u00e3o de pessoal. Isso nos motiva a seguir atuando com seriedade e profissionalismo em prol da sociedade\u201d, destacou Ulisses.<\/em><\/p>\n<p>A pesquisa ouviu 2.447 pessoas em todo o pa\u00eds, entre os dias 3 e 6 de agosto, com metodologia de recrutamento digital aleat\u00f3rio. A margem de erro \u00e9 de dois pontos percentuais e o n\u00edvel de confian\u00e7a \u00e9 de 95%.<\/p>\t\t\t\t\t\t\t\t<\/div>\n\t\t\t\t<\/div>\n\t\t\t\t\t<\/div>\n\t\t<\/div>\n\t\t\t\t\t<\/div>\n\t\t<\/section>\n\t\t\t\t<\/div>\n\t\t","protected":false},"excerpt":{"rendered":"<p>Pol\u00edcia Civil \u00e9 a institui\u00e7\u00e3o com maior confian\u00e7a, aponta pesquisa Atlas\/Bloomberg A Pol\u00edcia Civil foi destaque na pesquisa Atlas\/Bloomberg, divulgada na quinta-feira (14\/08), sendo apontada como a institui\u00e7\u00e3o que mais inspira confian\u00e7a entre os brasileiros. O levantamento mostrou que 60% dos entrevistados declararam confiar na Pol\u00edcia Civil, colocando a institui\u00e7\u00e3o policial em primeiro lugar no [&hellip;]<\/p>\n","protected":false},"author":5,"featured_media":142,"comment_status":"closed","ping_status":"open","sticky":false,"template":"","format":"standard","meta":{"_monsterinsights_skip_tracking":false,"_monsterinsights_sitenote_active":false,"_monsterinsights_sitenote_note":"","_monsterinsights_sitenote_category":0,"footnotes":""},"categories":[1],"tags":[],"class_list":["post-31546","post","type-post","status-publish","format-standard","has-post-thumbnail","hentry","category-sem-categoria"],"_links":{"self":[{"href":"https:\/\/pc.sc.gov.br\/index.php?rest_route=\/wp\/v2\/posts\/31546","targetHints":{"allow":["GET"]}}],"collection":[{"href":"https:\/\/pc.sc.gov.br\/index.php?rest_route=\/wp\/v2\/posts"}],"about":[{"href":"https:\/\/pc.sc.gov.br\/index.php?rest_route=\/wp\/v2\/types\/post"}],"author":[{"embeddable":true,"href":"https:\/\/pc.sc.gov.br\/index.php?rest_route=\/wp\/v2\/users\/5"}],"replies":[{"embeddable":true,"href":"https:\/\/pc.sc.gov.br\/index.php?rest_route=%2Fwp%2Fv2%2Fcomments&post=31546"}],"version-history":[{"count":7,"href":"https:\/\/pc.sc.gov.br\/index.php?rest_route=\/wp\/v2\/posts\/31546\/revisions"}],"predecessor-version":[{"id":31553,"href":"https:\/\/pc.sc.gov.br\/index.php?rest_route=\/wp\/v2\/posts\/31546\/revisions\/31553"}],"wp:featuredmedia":[{"embeddable":true,"href":"https:\/\/pc.sc.gov.br\/index.php?rest_route=\/wp\/v2\/media\/142"}],"wp:attachment":[{"href":"https:\/\/pc.sc.gov.br\/index.php?rest_route=%2Fwp%2Fv2%2Fmedia&parent=31546"}],"wp:term":[{"taxonomy":"category","embeddable":true,"href":"https:\/\/pc.sc.gov.br\/index.php?rest_route=%2Fwp%2Fv2%2Fcategories&post=31546"},{"taxonomy":"post_tag","embeddable":true,"href":"https:\/\/pc.sc.gov.br\/index.php?rest_route=%2Fwp%2Fv2%2Ftags&post=31546"}],"curies":[{"name":"wp","href":"https:\/\/api.w.org\/{rel}","templated":true}]}}