{"id":31563,"date":"2025-08-26T19:03:18","date_gmt":"2025-08-26T22:03:18","guid":{"rendered":"https:\/\/pc.sc.gov.br\/?p=31563"},"modified":"2025-08-26T19:04:21","modified_gmt":"2025-08-26T22:04:21","slug":"indiciada-por-estelionato-em-porto-belo-e-presa-no-piaui","status":"publish","type":"post","link":"https:\/\/pc.sc.gov.br\/?p=31563","title":{"rendered":"Indiciada por estelionato em Porto Belo \u00e9 presa no Piau\u00ed"},"content":{"rendered":"\t\t<div data-elementor-type=\"wp-post\" data-elementor-id=\"31563\" class=\"elementor elementor-31563\" data-elementor-post-type=\"post\">\n\t\t\t\t\t\t<section class=\"elementor-section elementor-top-section elementor-element elementor-element-c8c689f elementor-section-boxed elementor-section-height-default elementor-section-height-default\" data-id=\"c8c689f\" data-element_type=\"section\">\n\t\t\t\t\t\t<div class=\"elementor-container elementor-column-gap-default\">\n\t\t\t\t\t<div class=\"elementor-column elementor-col-100 elementor-top-column elementor-element elementor-element-dd7b0db\" data-id=\"dd7b0db\" data-element_type=\"column\">\n\t\t\t<div class=\"elementor-widget-wrap elementor-element-populated\">\n\t\t\t\t\t\t<div class=\"elementor-element elementor-element-366d2c4 elementor-widget elementor-widget-heading\" data-id=\"366d2c4\" data-element_type=\"widget\" data-widget_type=\"heading.default\">\n\t\t\t\t<div class=\"elementor-widget-container\">\n\t\t\t\t\t<h2 class=\"elementor-heading-title elementor-size-default\">Indiciada por estelionato em Porto Belo \u00e9 presa no Piau\u00ed<\/h2>\t\t\t\t<\/div>\n\t\t\t\t<\/div>\n\t\t\t\t\t<\/div>\n\t\t<\/div>\n\t\t\t\t\t<\/div>\n\t\t<\/section>\n\t\t\t\t<section class=\"elementor-section elementor-top-section elementor-element elementor-element-f987b04 elementor-section-boxed elementor-section-height-default elementor-section-height-default\" data-id=\"f987b04\" data-element_type=\"section\">\n\t\t\t\t\t\t<div class=\"elementor-container elementor-column-gap-default\">\n\t\t\t\t\t<div class=\"elementor-column elementor-col-100 elementor-top-column elementor-element elementor-element-42826aa\" data-id=\"42826aa\" data-element_type=\"column\">\n\t\t\t<div class=\"elementor-widget-wrap elementor-element-populated\">\n\t\t\t\t\t\t<div class=\"elementor-element elementor-element-ad675f7 elementor-widget elementor-widget-image\" data-id=\"ad675f7\" data-element_type=\"widget\" data-widget_type=\"image.default\">\n\t\t\t\t<div class=\"elementor-widget-container\">\n\t\t\t\t\t\t\t\t\t\t\t\t\t\t\t<img fetchpriority=\"high\" decoding=\"async\" width=\"500\" height=\"451\" src=\"https:\/\/pc.sc.gov.br\/\/wp-content\/uploads\/2025\/08\/WhatsApp-Image-2025-08-26-at-18.45.35-e1756245783203.jpeg\" class=\"attachment-large size-large wp-image-31564\" alt=\"\" srcset=\"https:\/\/pc.sc.gov.br\/\/wp-content\/uploads\/2025\/08\/WhatsApp-Image-2025-08-26-at-18.45.35-e1756245783203.jpeg 500w, https:\/\/pc.sc.gov.br\/\/wp-content\/uploads\/2025\/08\/WhatsApp-Image-2025-08-26-at-18.45.35-e1756245783203-300x271.jpeg 300w\" sizes=\"(max-width: 500px) 100vw, 500px\" \/>\t\t\t\t\t\t\t\t\t\t\t\t\t\t\t<\/div>\n\t\t\t\t<\/div>\n\t\t\t\t\t<\/div>\n\t\t<\/div>\n\t\t\t\t\t<\/div>\n\t\t<\/section>\n\t\t\t\t<section class=\"elementor-section elementor-top-section elementor-element elementor-element-94b7f49 elementor-section-boxed elementor-section-height-default elementor-section-height-default\" data-id=\"94b7f49\" data-element_type=\"section\">\n\t\t\t\t\t\t<div class=\"elementor-container elementor-column-gap-default\">\n\t\t\t\t\t<div class=\"elementor-column elementor-col-100 elementor-top-column elementor-element elementor-element-4013fd8\" data-id=\"4013fd8\" data-element_type=\"column\">\n\t\t\t<div class=\"elementor-widget-wrap elementor-element-populated\">\n\t\t\t\t\t\t<div class=\"elementor-element elementor-element-88f2f20 elementor-widget elementor-widget-post-info\" data-id=\"88f2f20\" data-element_type=\"widget\" data-widget_type=\"post-info.default\">\n\t\t\t\t<div class=\"elementor-widget-container\">\n\t\t\t\t\t\t\t<ul class=\"elementor-inline-items elementor-icon-list-items elementor-post-info\">\n\t\t\t\t\t\t\t\t<li class=\"elementor-icon-list-item elementor-repeater-item-5b9373f elementor-inline-item\" itemprop=\"author\">\n\t\t\t\t\t\t<a href=\"https:\/\/pc.sc.gov.br\/?author=5\">\n\t\t\t\t\t\t\t\t\t\t\t<span class=\"elementor-icon-list-icon\">\n\t\t\t\t\t\t\t\t<i aria-hidden=\"true\" class=\"far fa-user-circle\"><\/i>\t\t\t\t\t\t\t<\/span>\n\t\t\t\t\t\t\t\t\t<span class=\"elementor-icon-list-text elementor-post-info__item elementor-post-info__item--type-author\">\n\t\t\t\t\t\t\t\t\t\tStefany de Souza Alves\t\t\t\t\t<\/span>\n\t\t\t\t\t\t\t\t\t<\/a>\n\t\t\t\t<\/li>\n\t\t\t\t<li class=\"elementor-icon-list-item elementor-repeater-item-45aafd2 elementor-inline-item\" itemprop=\"datePublished\">\n\t\t\t\t\t\t<a href=\"https:\/\/pc.sc.gov.br\/?m=20250826\">\n\t\t\t\t\t\t\t\t\t\t\t<span class=\"elementor-icon-list-icon\">\n\t\t\t\t\t\t\t\t<i aria-hidden=\"true\" class=\"fas fa-calendar\"><\/i>\t\t\t\t\t\t\t<\/span>\n\t\t\t\t\t\t\t\t\t<span class=\"elementor-icon-list-text elementor-post-info__item elementor-post-info__item--type-date\">\n\t\t\t\t\t\t\t\t\t\t<time>agosto 26, 2025<\/time>\t\t\t\t\t<\/span>\n\t\t\t\t\t\t\t\t\t<\/a>\n\t\t\t\t<\/li>\n\t\t\t\t<li class=\"elementor-icon-list-item elementor-repeater-item-7b31c2c elementor-inline-item\">\n\t\t\t\t\t\t\t\t\t\t<span class=\"elementor-icon-list-icon\">\n\t\t\t\t\t\t\t\t<i aria-hidden=\"true\" class=\"far fa-clock\"><\/i>\t\t\t\t\t\t\t<\/span>\n\t\t\t\t\t\t\t\t\t<span class=\"elementor-icon-list-text elementor-post-info__item elementor-post-info__item--type-time\">\n\t\t\t\t\t\t\t\t\t\t<time>7:03 pm<\/time>\t\t\t\t\t<\/span>\n\t\t\t\t\t\t\t\t<\/li>\n\t\t\t\t<\/ul>\n\t\t\t\t\t\t<\/div>\n\t\t\t\t<\/div>\n\t\t\t\t<div class=\"elementor-element elementor-element-6514b72 elementor-widget elementor-widget-text-editor\" data-id=\"6514b72\" data-element_type=\"widget\" data-widget_type=\"text-editor.default\">\n\t\t\t\t<div class=\"elementor-widget-container\">\n\t\t\t\t\t\t\t\t\t<p>Uma investiga\u00e7\u00e3o da Pol\u00edcia Civil de Santa Catarina resultou na pris\u00e3o de uma mulher indiciada por estelionato em Porto Belo\/SC. A pris\u00e3o ocorreu na manh\u00e3 desta ter\u00e7a-feira (26\/08), no estado do Piau\u00ed. A mulher de 33 anos, natural de Uberl\u00e2ndia\/MG, foi presa em um apartamento no bairro Angelim, em Teresina\/PI.<\/p><p>Durante a abordagem, a mulher apresentou uma identidade falsa, sendo autuada tamb\u00e9m por uso de documento falso e encaminhada \u00e0 Central de Flagrantes. Segundo a Pol\u00edcia Civil do Piau\u00ed, h\u00e1 ind\u00edcios de que ela tenha praticado golpes semelhantes na capital piauiense.<\/p><p>A investiga\u00e7\u00e3o teve in\u00edcio ap\u00f3s uma loja de roupas registrar preju\u00edzo de mais de R$ 105 mil em golpes de estelionato. A criminosa realizava compras por WhatsApp utilizando documentos e cart\u00f5es de terceiros. Ap\u00f3s a retirada das mercadorias, os pagamentos eram contestados e os valores estornados.<\/p><p>Para dificultar sua identifica\u00e7\u00e3o, ela utilizava aplicativos de entrega e cooptava terceiros para receber os produtos, mantendo-se em sigilo. Com t\u00e9cnicas de investiga\u00e7\u00e3o, a Pol\u00edcia Civil identificou a autora e representou pela sua pris\u00e3o preventiva, deferida pela Vara Regional de Garantias de Balne\u00e1rio Cambori\u00fa.<\/p><p>A a\u00e7\u00e3o conjunta entre as Pol\u00edcias Civis de Santa Catarina e do Piau\u00ed culminou na pris\u00e3o da investigada, refor\u00e7ando o compromisso da institui\u00e7\u00e3o com a coopera\u00e7\u00e3o interestadual e o combate \u00e0 criminalidade em todo o pa\u00eds.<\/p>\t\t\t\t\t\t\t\t<\/div>\n\t\t\t\t<\/div>\n\t\t\t\t\t<\/div>\n\t\t<\/div>\n\t\t\t\t\t<\/div>\n\t\t<\/section>\n\t\t\t\t<\/div>\n\t\t","protected":false},"excerpt":{"rendered":"<p>Indiciada por estelionato em Porto Belo \u00e9 presa no Piau\u00ed Uma investiga\u00e7\u00e3o da Pol\u00edcia Civil de Santa Catarina resultou na pris\u00e3o de uma mulher indiciada por estelionato em Porto Belo\/SC. A pris\u00e3o ocorreu na manh\u00e3 desta ter\u00e7a-feira (26\/08), no estado do Piau\u00ed. A mulher de 33 anos, natural de Uberl\u00e2ndia\/MG, foi presa em um apartamento [&hellip;]<\/p>\n","protected":false},"author":5,"featured_media":31564,"comment_status":"closed","ping_status":"open","sticky":false,"template":"","format":"standard","meta":{"_monsterinsights_skip_tracking":false,"_monsterinsights_sitenote_active":false,"_monsterinsights_sitenote_note":"","_monsterinsights_sitenote_category":0,"footnotes":""},"categories":[1],"tags":[],"class_list":["post-31563","post","type-post","status-publish","format-standard","has-post-thumbnail","hentry","category-sem-categoria"],"_links":{"self":[{"href":"https:\/\/pc.sc.gov.br\/index.php?rest_route=\/wp\/v2\/posts\/31563","targetHints":{"allow":["GET"]}}],"collection":[{"href":"https:\/\/pc.sc.gov.br\/index.php?rest_route=\/wp\/v2\/posts"}],"about":[{"href":"https:\/\/pc.sc.gov.br\/index.php?rest_route=\/wp\/v2\/types\/post"}],"author":[{"embeddable":true,"href":"https:\/\/pc.sc.gov.br\/index.php?rest_route=\/wp\/v2\/users\/5"}],"replies":[{"embeddable":true,"href":"https:\/\/pc.sc.gov.br\/index.php?rest_route=%2Fwp%2Fv2%2Fcomments&post=31563"}],"version-history":[{"count":4,"href":"https:\/\/pc.sc.gov.br\/index.php?rest_route=\/wp\/v2\/posts\/31563\/revisions"}],"predecessor-version":[{"id":31568,"href":"https:\/\/pc.sc.gov.br\/index.php?rest_route=\/wp\/v2\/posts\/31563\/revisions\/31568"}],"wp:featuredmedia":[{"embeddable":true,"href":"https:\/\/pc.sc.gov.br\/index.php?rest_route=\/wp\/v2\/media\/31564"}],"wp:attachment":[{"href":"https:\/\/pc.sc.gov.br\/index.php?rest_route=%2Fwp%2Fv2%2Fmedia&parent=31563"}],"wp:term":[{"taxonomy":"category","embeddable":true,"href":"https:\/\/pc.sc.gov.br\/index.php?rest_route=%2Fwp%2Fv2%2Fcategories&post=31563"},{"taxonomy":"post_tag","embeddable":true,"href":"https:\/\/pc.sc.gov.br\/index.php?rest_route=%2Fwp%2Fv2%2Ftags&post=31563"}],"curies":[{"name":"wp","href":"https:\/\/api.w.org\/{rel}","templated":true}]}}