{"id":31569,"date":"2025-08-27T14:27:33","date_gmt":"2025-08-27T17:27:33","guid":{"rendered":"https:\/\/pc.sc.gov.br\/?p=31569"},"modified":"2025-08-27T14:29:12","modified_gmt":"2025-08-27T17:29:12","slug":"policia-civil-deflagra-operacao-para-desarticular-grupo-criminoso-em-maravilha","status":"publish","type":"post","link":"https:\/\/pc.sc.gov.br\/?p=31569","title":{"rendered":"Pol\u00edcia Civil deflagra opera\u00e7\u00e3o para desarticular grupo criminoso em Maravilha"},"content":{"rendered":"\t\t<div data-elementor-type=\"wp-post\" data-elementor-id=\"31569\" class=\"elementor elementor-31569\" data-elementor-post-type=\"post\">\n\t\t\t\t\t\t<section class=\"elementor-section elementor-top-section elementor-element elementor-element-da6dd8c elementor-section-boxed elementor-section-height-default elementor-section-height-default\" data-id=\"da6dd8c\" data-element_type=\"section\">\n\t\t\t\t\t\t<div class=\"elementor-container elementor-column-gap-default\">\n\t\t\t\t\t<div class=\"elementor-column elementor-col-100 elementor-top-column elementor-element elementor-element-39a1f0a\" data-id=\"39a1f0a\" data-element_type=\"column\">\n\t\t\t<div class=\"elementor-widget-wrap elementor-element-populated\">\n\t\t\t\t\t\t<div class=\"elementor-element elementor-element-4745331 elementor-widget elementor-widget-heading\" data-id=\"4745331\" data-element_type=\"widget\" data-widget_type=\"heading.default\">\n\t\t\t\t<div class=\"elementor-widget-container\">\n\t\t\t\t\t<h2 class=\"elementor-heading-title elementor-size-default\">Pol\u00edcia Civil deflagra opera\u00e7\u00e3o para desarticular grupo criminoso em Maravilha<\/h2>\t\t\t\t<\/div>\n\t\t\t\t<\/div>\n\t\t\t\t\t<\/div>\n\t\t<\/div>\n\t\t\t\t\t<\/div>\n\t\t<\/section>\n\t\t\t\t<section class=\"elementor-section elementor-top-section elementor-element elementor-element-7dc0517 elementor-section-boxed elementor-section-height-default elementor-section-height-default\" data-id=\"7dc0517\" data-element_type=\"section\">\n\t\t\t\t\t\t<div class=\"elementor-container elementor-column-gap-default\">\n\t\t\t\t\t<div class=\"elementor-column elementor-col-100 elementor-top-column elementor-element elementor-element-9d329cc\" data-id=\"9d329cc\" data-element_type=\"column\">\n\t\t\t<div class=\"elementor-widget-wrap elementor-element-populated\">\n\t\t\t\t\t\t<div class=\"elementor-element elementor-element-1e50f2a elementor-widget elementor-widget-image\" data-id=\"1e50f2a\" data-element_type=\"widget\" data-widget_type=\"image.default\">\n\t\t\t\t<div class=\"elementor-widget-container\">\n\t\t\t\t\t\t\t\t\t\t\t\t\t\t\t<img fetchpriority=\"high\" decoding=\"async\" width=\"696\" height=\"507\" src=\"https:\/\/pc.sc.gov.br\/\/wp-content\/uploads\/2025\/08\/WhatsApp-Image-2025-08-27-at-11.22.04-1-e1756315635620-1024x746.jpeg\" class=\"attachment-large size-large wp-image-31570\" alt=\"\" srcset=\"https:\/\/pc.sc.gov.br\/\/wp-content\/uploads\/2025\/08\/WhatsApp-Image-2025-08-27-at-11.22.04-1-e1756315635620-1024x746.jpeg 1024w, https:\/\/pc.sc.gov.br\/\/wp-content\/uploads\/2025\/08\/WhatsApp-Image-2025-08-27-at-11.22.04-1-e1756315635620-300x218.jpeg 300w, https:\/\/pc.sc.gov.br\/\/wp-content\/uploads\/2025\/08\/WhatsApp-Image-2025-08-27-at-11.22.04-1-e1756315635620-768x559.jpeg 768w, https:\/\/pc.sc.gov.br\/\/wp-content\/uploads\/2025\/08\/WhatsApp-Image-2025-08-27-at-11.22.04-1-e1756315635620-1536x1118.jpeg 1536w, https:\/\/pc.sc.gov.br\/\/wp-content\/uploads\/2025\/08\/WhatsApp-Image-2025-08-27-at-11.22.04-1-e1756315635620.jpeg 1600w\" sizes=\"(max-width: 696px) 100vw, 696px\" \/>\t\t\t\t\t\t\t\t\t\t\t\t\t\t\t<\/div>\n\t\t\t\t<\/div>\n\t\t\t\t\t<\/div>\n\t\t<\/div>\n\t\t\t\t\t<\/div>\n\t\t<\/section>\n\t\t\t\t<section class=\"elementor-section elementor-top-section elementor-element elementor-element-acac5d2 elementor-section-boxed elementor-section-height-default elementor-section-height-default\" data-id=\"acac5d2\" data-element_type=\"section\">\n\t\t\t\t\t\t<div class=\"elementor-container elementor-column-gap-default\">\n\t\t\t\t\t<div class=\"elementor-column elementor-col-100 elementor-top-column elementor-element elementor-element-3ee8ec7\" data-id=\"3ee8ec7\" data-element_type=\"column\">\n\t\t\t<div class=\"elementor-widget-wrap elementor-element-populated\">\n\t\t\t\t\t\t<div class=\"elementor-element elementor-element-b764651 elementor-widget elementor-widget-post-info\" data-id=\"b764651\" data-element_type=\"widget\" data-widget_type=\"post-info.default\">\n\t\t\t\t<div class=\"elementor-widget-container\">\n\t\t\t\t\t\t\t<ul class=\"elementor-inline-items elementor-icon-list-items elementor-post-info\">\n\t\t\t\t\t\t\t\t<li class=\"elementor-icon-list-item elementor-repeater-item-d0da7af elementor-inline-item\" itemprop=\"author\">\n\t\t\t\t\t\t<a href=\"https:\/\/pc.sc.gov.br\/?author=5\">\n\t\t\t\t\t\t\t\t\t\t\t<span class=\"elementor-icon-list-icon\">\n\t\t\t\t\t\t\t\t<i aria-hidden=\"true\" class=\"far fa-user-circle\"><\/i>\t\t\t\t\t\t\t<\/span>\n\t\t\t\t\t\t\t\t\t<span class=\"elementor-icon-list-text elementor-post-info__item elementor-post-info__item--type-author\">\n\t\t\t\t\t\t\t\t\t\tStefany de Souza Alves\t\t\t\t\t<\/span>\n\t\t\t\t\t\t\t\t\t<\/a>\n\t\t\t\t<\/li>\n\t\t\t\t<li class=\"elementor-icon-list-item elementor-repeater-item-a16cb98 elementor-inline-item\" itemprop=\"datePublished\">\n\t\t\t\t\t\t<a href=\"https:\/\/pc.sc.gov.br\/?m=20250827\">\n\t\t\t\t\t\t\t\t\t\t\t<span class=\"elementor-icon-list-icon\">\n\t\t\t\t\t\t\t\t<i aria-hidden=\"true\" class=\"fas fa-calendar\"><\/i>\t\t\t\t\t\t\t<\/span>\n\t\t\t\t\t\t\t\t\t<span class=\"elementor-icon-list-text elementor-post-info__item elementor-post-info__item--type-date\">\n\t\t\t\t\t\t\t\t\t\t<time>agosto 27, 2025<\/time>\t\t\t\t\t<\/span>\n\t\t\t\t\t\t\t\t\t<\/a>\n\t\t\t\t<\/li>\n\t\t\t\t<li class=\"elementor-icon-list-item elementor-repeater-item-2f7e60b elementor-inline-item\">\n\t\t\t\t\t\t\t\t\t\t<span class=\"elementor-icon-list-icon\">\n\t\t\t\t\t\t\t\t<i aria-hidden=\"true\" class=\"far fa-clock\"><\/i>\t\t\t\t\t\t\t<\/span>\n\t\t\t\t\t\t\t\t\t<span class=\"elementor-icon-list-text elementor-post-info__item elementor-post-info__item--type-time\">\n\t\t\t\t\t\t\t\t\t\t<time>2:27 pm<\/time>\t\t\t\t\t<\/span>\n\t\t\t\t\t\t\t\t<\/li>\n\t\t\t\t<\/ul>\n\t\t\t\t\t\t<\/div>\n\t\t\t\t<\/div>\n\t\t\t\t<div class=\"elementor-element elementor-element-5010084 elementor-widget elementor-widget-text-editor\" data-id=\"5010084\" data-element_type=\"widget\" data-widget_type=\"text-editor.default\">\n\t\t\t\t<div class=\"elementor-widget-container\">\n\t\t\t\t\t\t\t\t\t<p>A Pol\u00edcia Civil de Santa Catarina, por meio da Divis\u00e3o de Investiga\u00e7\u00e3o Criminal (DIC) de Maravilha, deflagrou na manh\u00e3 desta quarta-feira (27\/08), a Opera\u00e7\u00e3o \u201cHefesto\u201d, com o objetivo principal de desarticular um grupo criminoso envolvido com o tr\u00e1fico de drogas e outros crimes violentos no munic\u00edpio de Maravilha.<\/p><p>As investiga\u00e7\u00f5es tiveram in\u00edcio no dia 6 de agosto de 2025, ap\u00f3s a localiza\u00e7\u00e3o do corpo de um jovem de 18 anos, que foi v\u00edtima de homic\u00eddio por asfixia. No curso da apura\u00e7\u00e3o, os policiais civis identificaram ind\u00edcios da atua\u00e7\u00e3o de um grupo criminoso local voltado \u00e0 pr\u00e1tica do tr\u00e1fico de entorpecentes, com hist\u00f3rico de viol\u00eancia contra desafetos e pessoas com d\u00edvidas de drogas com o grupo.<\/p><p>Durante os trabalhos investigativos, a DIC tamb\u00e9m apurou a tortura e o sequestro de outro homem, mantido dentro de um ve\u00edculo sofrendo agress\u00f5es por cerca de duas horas, provocando, inclusive, uma fratura no rosto. \u00a0As provas reunidas apontaram para a participa\u00e7\u00e3o dos mesmos suspeitos, refor\u00e7ando a atua\u00e7\u00e3o estruturada e violenta do grupo criminoso.<\/p><p>Diante da gravidade dos fatos, foram representadas medidas cautelares, tendo o Poder Judici\u00e1rio da Comarca de Maravilha, com parecer favor\u00e1vel do Minist\u00e9rio P\u00fablico, deferido mandados de busca e apreens\u00e3o e de pris\u00e3o tempor\u00e1ria, os quais foram cumpridos na manh\u00e3 de hoje nos munic\u00edpios de Maravilha e Pinhalzinho.<\/p><p>Como resultado da opera\u00e7\u00e3o, quatro pessoas foram presas (tr\u00eas homens e uma mulher) e diversos materiais de interesse investigativo foram apreendidos, os quais ser\u00e3o analisados pela equipe da DIC de Maravilha, visando a elucida\u00e7\u00e3o completa dos fatos e identifica\u00e7\u00e3o de demais integrantes da organiza\u00e7\u00e3o.<\/p><p>O nome Opera\u00e7\u00e3o \u201cHefesto\u201d foi inspirado na mitologia grega, em refer\u00eancia ao deus do fogo, da forja e da metalurgia, s\u00edmbolo da transforma\u00e7\u00e3o da mat\u00e9ria bruta em instrumentos de poder e defesa. Assim como Hefesto utilizava o fogo e a t\u00e9cnica para moldar ferramentas e armas destinadas \u00e0 prote\u00e7\u00e3o, a Pol\u00edcia Civil, com esta opera\u00e7\u00e3o, manifesta a for\u00e7a do Estado em moldar a realidade social por meio do trabalho \u00e1rduo, da t\u00e9cnica investigativa e da a\u00e7\u00e3o firme contra o crime.<\/p><p>Trata-se de uma resposta clara \u00e0 sociedade diante de dois crimes brutais: o homic\u00eddio de um jovem por asfixia e a tortura de outro homem sequestrado. Ambos os crimes, praticados com extrema viol\u00eancia pelo mesmo grupo criminoso, n\u00e3o ser\u00e3o tolerados. A pris\u00e3o dos envolvidos representa o compromisso com a justi\u00e7a e com a ordem p\u00fablica.<\/p><p>As investiga\u00e7\u00f5es seguem, com o objetivo de responsabilizar todos os envolvidos e coibir fatos desta natureza.<\/p><p>A opera\u00e7\u00e3o contou com a participa\u00e7\u00e3o de policiais civis da 31\u00aa Delegacia Regional de Pol\u00edcia de Maravilha, da Opera\u00e7\u00e3o Protetor, do N\u00facleo de Opera\u00e7\u00f5es com C\u00e3es (NOC) e do Servi\u00e7o Aeropolicial de Fronteira (SAERFron).<\/p><p>Pol\u00edcia Civil de Santa Catarina, investiga\u00e7\u00e3o que gera resultado!<\/p>\t\t\t\t\t\t\t\t<\/div>\n\t\t\t\t<\/div>\n\t\t\t\t\t<\/div>\n\t\t<\/div>\n\t\t\t\t\t<\/div>\n\t\t<\/section>\n\t\t\t\t<section class=\"elementor-section elementor-top-section elementor-element elementor-element-59f4c90 elementor-section-boxed elementor-section-height-default elementor-section-height-default\" data-id=\"59f4c90\" data-element_type=\"section\">\n\t\t\t\t\t\t<div class=\"elementor-container elementor-column-gap-default\">\n\t\t\t\t\t<div class=\"elementor-column elementor-col-100 elementor-top-column elementor-element elementor-element-1d7a261\" data-id=\"1d7a261\" data-element_type=\"column\">\n\t\t\t<div class=\"elementor-widget-wrap elementor-element-populated\">\n\t\t\t\t\t\t<div class=\"elementor-element elementor-element-1e0a237 elementor-widget elementor-widget-gallery\" data-id=\"1e0a237\" data-element_type=\"widget\" data-settings=\"{&quot;lazyload&quot;:&quot;yes&quot;,&quot;gallery_layout&quot;:&quot;grid&quot;,&quot;columns&quot;:4,&quot;columns_tablet&quot;:2,&quot;columns_mobile&quot;:1,&quot;gap&quot;:{&quot;unit&quot;:&quot;px&quot;,&quot;size&quot;:10,&quot;sizes&quot;:[]},&quot;gap_tablet&quot;:{&quot;unit&quot;:&quot;px&quot;,&quot;size&quot;:10,&quot;sizes&quot;:[]},&quot;gap_mobile&quot;:{&quot;unit&quot;:&quot;px&quot;,&quot;size&quot;:10,&quot;sizes&quot;:[]},&quot;link_to&quot;:&quot;file&quot;,&quot;aspect_ratio&quot;:&quot;3:2&quot;,&quot;overlay_background&quot;:&quot;yes&quot;,&quot;content_hover_animation&quot;:&quot;fade-in&quot;}\" data-widget_type=\"gallery.default\">\n\t\t\t\t<div class=\"elementor-widget-container\">\n\t\t\t\t\t\t\t<div class=\"elementor-gallery__container\">\n\t\t\t\t\t\t\t<a class=\"e-gallery-item elementor-gallery-item elementor-animated-content\" href=\"https:\/\/pc.sc.gov.br\/\/wp-content\/uploads\/2025\/08\/WhatsApp-Image-2025-08-27-at-11.22.02-1.jpeg\" data-elementor-open-lightbox=\"yes\" data-elementor-lightbox-slideshow=\"1e0a237\" data-elementor-lightbox-title=\"WhatsApp Image 2025-08-27 at 11.22.02 (1)\" data-e-action-hash=\"#elementor-action%3Aaction%3Dlightbox%26settings%3DeyJpZCI6MzE1NzMsInVybCI6Imh0dHBzOlwvXC9wYy5zYy5nb3YuYnJcL1wvd3AtY29udGVudFwvdXBsb2Fkc1wvMjAyNVwvMDhcL1doYXRzQXBwLUltYWdlLTIwMjUtMDgtMjctYXQtMTEuMjIuMDItMS5qcGVnIiwic2xpZGVzaG93IjoiMWUwYTIzNyJ9\">\n\t\t\t\t\t<div class=\"e-gallery-image elementor-gallery-item__image\" data-thumbnail=\"https:\/\/pc.sc.gov.br\/\/wp-content\/uploads\/2025\/08\/WhatsApp-Image-2025-08-27-at-11.22.02-1-300x225.jpeg\" data-width=\"300\" data-height=\"225\" aria-label=\"\" role=\"img\" ><\/div>\n\t\t\t\t\t\t\t\t\t\t\t<div class=\"elementor-gallery-item__overlay\"><\/div>\n\t\t\t\t\t\t\t\t\t\t\t\t\t\t<\/a>\n\t\t\t\t\t\t\t<a class=\"e-gallery-item elementor-gallery-item elementor-animated-content\" href=\"https:\/\/pc.sc.gov.br\/\/wp-content\/uploads\/2025\/08\/WhatsApp-Image-2025-08-27-at-11.21.59.jpeg\" data-elementor-open-lightbox=\"yes\" data-elementor-lightbox-slideshow=\"1e0a237\" data-elementor-lightbox-title=\"WhatsApp Image 2025-08-27 at 11.21.59\" data-e-action-hash=\"#elementor-action%3Aaction%3Dlightbox%26settings%3DeyJpZCI6MzE1NzgsInVybCI6Imh0dHBzOlwvXC9wYy5zYy5nb3YuYnJcL1wvd3AtY29udGVudFwvdXBsb2Fkc1wvMjAyNVwvMDhcL1doYXRzQXBwLUltYWdlLTIwMjUtMDgtMjctYXQtMTEuMjEuNTkuanBlZyIsInNsaWRlc2hvdyI6IjFlMGEyMzcifQ%3D%3D\">\n\t\t\t\t\t<div class=\"e-gallery-image elementor-gallery-item__image\" data-thumbnail=\"https:\/\/pc.sc.gov.br\/\/wp-content\/uploads\/2025\/08\/WhatsApp-Image-2025-08-27-at-11.21.59-225x300.jpeg\" data-width=\"225\" data-height=\"300\" aria-label=\"\" role=\"img\" ><\/div>\n\t\t\t\t\t\t\t\t\t\t\t<div class=\"elementor-gallery-item__overlay\"><\/div>\n\t\t\t\t\t\t\t\t\t\t\t\t\t\t<\/a>\n\t\t\t\t\t\t\t<a class=\"e-gallery-item elementor-gallery-item elementor-animated-content\" href=\"https:\/\/pc.sc.gov.br\/\/wp-content\/uploads\/2025\/08\/WhatsApp-Image-2025-08-27-at-11.21.58.jpeg\" data-elementor-open-lightbox=\"yes\" data-elementor-lightbox-slideshow=\"1e0a237\" data-elementor-lightbox-title=\"WhatsApp Image 2025-08-27 at 11.21.58\" data-e-action-hash=\"#elementor-action%3Aaction%3Dlightbox%26settings%3DeyJpZCI6MzE1NzcsInVybCI6Imh0dHBzOlwvXC9wYy5zYy5nb3YuYnJcL1wvd3AtY29udGVudFwvdXBsb2Fkc1wvMjAyNVwvMDhcL1doYXRzQXBwLUltYWdlLTIwMjUtMDgtMjctYXQtMTEuMjEuNTguanBlZyIsInNsaWRlc2hvdyI6IjFlMGEyMzcifQ%3D%3D\">\n\t\t\t\t\t<div class=\"e-gallery-image elementor-gallery-item__image\" data-thumbnail=\"https:\/\/pc.sc.gov.br\/\/wp-content\/uploads\/2025\/08\/WhatsApp-Image-2025-08-27-at-11.21.58-225x300.jpeg\" data-width=\"225\" data-height=\"300\" aria-label=\"\" role=\"img\" ><\/div>\n\t\t\t\t\t\t\t\t\t\t\t<div class=\"elementor-gallery-item__overlay\"><\/div>\n\t\t\t\t\t\t\t\t\t\t\t\t\t\t<\/a>\n\t\t\t\t\t\t\t<a class=\"e-gallery-item elementor-gallery-item elementor-animated-content\" href=\"https:\/\/pc.sc.gov.br\/\/wp-content\/uploads\/2025\/08\/WhatsApp-Image-2025-08-27-at-11.22.02.jpeg\" data-elementor-open-lightbox=\"yes\" data-elementor-lightbox-slideshow=\"1e0a237\" data-elementor-lightbox-title=\"WhatsApp Image 2025-08-27 at 11.22.02\" data-e-action-hash=\"#elementor-action%3Aaction%3Dlightbox%26settings%3DeyJpZCI6MzE1NzQsInVybCI6Imh0dHBzOlwvXC9wYy5zYy5nb3YuYnJcL1wvd3AtY29udGVudFwvdXBsb2Fkc1wvMjAyNVwvMDhcL1doYXRzQXBwLUltYWdlLTIwMjUtMDgtMjctYXQtMTEuMjIuMDIuanBlZyIsInNsaWRlc2hvdyI6IjFlMGEyMzcifQ%3D%3D\">\n\t\t\t\t\t<div class=\"e-gallery-image elementor-gallery-item__image\" data-thumbnail=\"https:\/\/pc.sc.gov.br\/\/wp-content\/uploads\/2025\/08\/WhatsApp-Image-2025-08-27-at-11.22.02-225x300.jpeg\" data-width=\"225\" data-height=\"300\" aria-label=\"\" role=\"img\" ><\/div>\n\t\t\t\t\t\t\t\t\t\t\t<div class=\"elementor-gallery-item__overlay\"><\/div>\n\t\t\t\t\t\t\t\t\t\t\t\t\t\t<\/a>\n\t\t\t\t\t\t\t<a class=\"e-gallery-item elementor-gallery-item elementor-animated-content\" href=\"https:\/\/pc.sc.gov.br\/\/wp-content\/uploads\/2025\/08\/WhatsApp-Image-2025-08-27-at-11.22.03.jpeg\" data-elementor-open-lightbox=\"yes\" data-elementor-lightbox-slideshow=\"1e0a237\" data-elementor-lightbox-title=\"WhatsApp Image 2025-08-27 at 11.22.03\" data-e-action-hash=\"#elementor-action%3Aaction%3Dlightbox%26settings%3DeyJpZCI6MzE1NzIsInVybCI6Imh0dHBzOlwvXC9wYy5zYy5nb3YuYnJcL1wvd3AtY29udGVudFwvdXBsb2Fkc1wvMjAyNVwvMDhcL1doYXRzQXBwLUltYWdlLTIwMjUtMDgtMjctYXQtMTEuMjIuMDMuanBlZyIsInNsaWRlc2hvdyI6IjFlMGEyMzcifQ%3D%3D\">\n\t\t\t\t\t<div class=\"e-gallery-image elementor-gallery-item__image\" data-thumbnail=\"https:\/\/pc.sc.gov.br\/\/wp-content\/uploads\/2025\/08\/WhatsApp-Image-2025-08-27-at-11.22.03-300x225.jpeg\" data-width=\"300\" data-height=\"225\" aria-label=\"\" role=\"img\" ><\/div>\n\t\t\t\t\t\t\t\t\t\t\t<div class=\"elementor-gallery-item__overlay\"><\/div>\n\t\t\t\t\t\t\t\t\t\t\t\t\t\t<\/a>\n\t\t\t\t\t\t\t<a class=\"e-gallery-item elementor-gallery-item elementor-animated-content\" href=\"https:\/\/pc.sc.gov.br\/\/wp-content\/uploads\/2025\/08\/WhatsApp-Image-2025-08-27-at-11.22.04.jpeg\" data-elementor-open-lightbox=\"yes\" data-elementor-lightbox-slideshow=\"1e0a237\" data-elementor-lightbox-title=\"WhatsApp Image 2025-08-27 at 11.22.04\" data-e-action-hash=\"#elementor-action%3Aaction%3Dlightbox%26settings%3DeyJpZCI6MzE1NzEsInVybCI6Imh0dHBzOlwvXC9wYy5zYy5nb3YuYnJcL1wvd3AtY29udGVudFwvdXBsb2Fkc1wvMjAyNVwvMDhcL1doYXRzQXBwLUltYWdlLTIwMjUtMDgtMjctYXQtMTEuMjIuMDQuanBlZyIsInNsaWRlc2hvdyI6IjFlMGEyMzcifQ%3D%3D\">\n\t\t\t\t\t<div class=\"e-gallery-image elementor-gallery-item__image\" data-thumbnail=\"https:\/\/pc.sc.gov.br\/\/wp-content\/uploads\/2025\/08\/WhatsApp-Image-2025-08-27-at-11.22.04-225x300.jpeg\" data-width=\"225\" data-height=\"300\" aria-label=\"\" role=\"img\" ><\/div>\n\t\t\t\t\t\t\t\t\t\t\t<div class=\"elementor-gallery-item__overlay\"><\/div>\n\t\t\t\t\t\t\t\t\t\t\t\t\t\t<\/a>\n\t\t\t\t\t\t\t<a class=\"e-gallery-item elementor-gallery-item elementor-animated-content\" href=\"https:\/\/pc.sc.gov.br\/\/wp-content\/uploads\/2025\/08\/WhatsApp-Image-2025-08-27-at-11.22.01.jpeg\" data-elementor-open-lightbox=\"yes\" data-elementor-lightbox-slideshow=\"1e0a237\" data-elementor-lightbox-title=\"WhatsApp Image 2025-08-27 at 11.22.01\" data-e-action-hash=\"#elementor-action%3Aaction%3Dlightbox%26settings%3DeyJpZCI6MzE1NzUsInVybCI6Imh0dHBzOlwvXC9wYy5zYy5nb3YuYnJcL1wvd3AtY29udGVudFwvdXBsb2Fkc1wvMjAyNVwvMDhcL1doYXRzQXBwLUltYWdlLTIwMjUtMDgtMjctYXQtMTEuMjIuMDEuanBlZyIsInNsaWRlc2hvdyI6IjFlMGEyMzcifQ%3D%3D\">\n\t\t\t\t\t<div class=\"e-gallery-image elementor-gallery-item__image\" data-thumbnail=\"https:\/\/pc.sc.gov.br\/\/wp-content\/uploads\/2025\/08\/WhatsApp-Image-2025-08-27-at-11.22.01-138x300.jpeg\" data-width=\"138\" data-height=\"300\" aria-label=\"\" role=\"img\" ><\/div>\n\t\t\t\t\t\t\t\t\t\t\t<div class=\"elementor-gallery-item__overlay\"><\/div>\n\t\t\t\t\t\t\t\t\t\t\t\t\t\t<\/a>\n\t\t\t\t\t\t\t<a class=\"e-gallery-item elementor-gallery-item elementor-animated-content\" href=\"https:\/\/pc.sc.gov.br\/\/wp-content\/uploads\/2025\/08\/WhatsApp-Image-2025-08-27-at-11.22.00.jpeg\" data-elementor-open-lightbox=\"yes\" data-elementor-lightbox-slideshow=\"1e0a237\" data-elementor-lightbox-title=\"WhatsApp Image 2025-08-27 at 11.22.00\" data-e-action-hash=\"#elementor-action%3Aaction%3Dlightbox%26settings%3DeyJpZCI6MzE1NzYsInVybCI6Imh0dHBzOlwvXC9wYy5zYy5nb3YuYnJcL1wvd3AtY29udGVudFwvdXBsb2Fkc1wvMjAyNVwvMDhcL1doYXRzQXBwLUltYWdlLTIwMjUtMDgtMjctYXQtMTEuMjIuMDAuanBlZyIsInNsaWRlc2hvdyI6IjFlMGEyMzcifQ%3D%3D\">\n\t\t\t\t\t<div class=\"e-gallery-image elementor-gallery-item__image\" data-thumbnail=\"https:\/\/pc.sc.gov.br\/\/wp-content\/uploads\/2025\/08\/WhatsApp-Image-2025-08-27-at-11.22.00-169x300.jpeg\" data-width=\"169\" data-height=\"300\" aria-label=\"\" role=\"img\" ><\/div>\n\t\t\t\t\t\t\t\t\t\t\t<div class=\"elementor-gallery-item__overlay\"><\/div>\n\t\t\t\t\t\t\t\t\t\t\t\t\t\t<\/a>\n\t\t\t\t\t<\/div>\n\t\t\t\t\t<\/div>\n\t\t\t\t<\/div>\n\t\t\t\t\t<\/div>\n\t\t<\/div>\n\t\t\t\t\t<\/div>\n\t\t<\/section>\n\t\t\t\t<\/div>\n\t\t","protected":false},"excerpt":{"rendered":"<p>Pol\u00edcia Civil deflagra opera\u00e7\u00e3o para desarticular grupo criminoso em Maravilha A Pol\u00edcia Civil de Santa Catarina, por meio da Divis\u00e3o de Investiga\u00e7\u00e3o Criminal (DIC) de Maravilha, deflagrou na manh\u00e3 desta quarta-feira (27\/08), a Opera\u00e7\u00e3o \u201cHefesto\u201d, com o objetivo principal de desarticular um grupo criminoso envolvido com o tr\u00e1fico de drogas e outros crimes violentos no [&hellip;]<\/p>\n","protected":false},"author":5,"featured_media":31570,"comment_status":"closed","ping_status":"open","sticky":false,"template":"","format":"standard","meta":{"_monsterinsights_skip_tracking":false,"_monsterinsights_sitenote_active":false,"_monsterinsights_sitenote_note":"","_monsterinsights_sitenote_category":0,"footnotes":""},"categories":[1],"tags":[],"class_list":["post-31569","post","type-post","status-publish","format-standard","has-post-thumbnail","hentry","category-sem-categoria"],"_links":{"self":[{"href":"https:\/\/pc.sc.gov.br\/index.php?rest_route=\/wp\/v2\/posts\/31569","targetHints":{"allow":["GET"]}}],"collection":[{"href":"https:\/\/pc.sc.gov.br\/index.php?rest_route=\/wp\/v2\/posts"}],"about":[{"href":"https:\/\/pc.sc.gov.br\/index.php?rest_route=\/wp\/v2\/types\/post"}],"author":[{"embeddable":true,"href":"https:\/\/pc.sc.gov.br\/index.php?rest_route=\/wp\/v2\/users\/5"}],"replies":[{"embeddable":true,"href":"https:\/\/pc.sc.gov.br\/index.php?rest_route=%2Fwp%2Fv2%2Fcomments&post=31569"}],"version-history":[{"count":4,"href":"https:\/\/pc.sc.gov.br\/index.php?rest_route=\/wp\/v2\/posts\/31569\/revisions"}],"predecessor-version":[{"id":31582,"href":"https:\/\/pc.sc.gov.br\/index.php?rest_route=\/wp\/v2\/posts\/31569\/revisions\/31582"}],"wp:featuredmedia":[{"embeddable":true,"href":"https:\/\/pc.sc.gov.br\/index.php?rest_route=\/wp\/v2\/media\/31570"}],"wp:attachment":[{"href":"https:\/\/pc.sc.gov.br\/index.php?rest_route=%2Fwp%2Fv2%2Fmedia&parent=31569"}],"wp:term":[{"taxonomy":"category","embeddable":true,"href":"https:\/\/pc.sc.gov.br\/index.php?rest_route=%2Fwp%2Fv2%2Fcategories&post=31569"},{"taxonomy":"post_tag","embeddable":true,"href":"https:\/\/pc.sc.gov.br\/index.php?rest_route=%2Fwp%2Fv2%2Ftags&post=31569"}],"curies":[{"name":"wp","href":"https:\/\/api.w.org\/{rel}","templated":true}]}}