{"id":31630,"date":"2025-08-28T12:24:07","date_gmt":"2025-08-28T15:24:07","guid":{"rendered":"https:\/\/pc.sc.gov.br\/?p=31630"},"modified":"2025-08-28T12:25:11","modified_gmt":"2025-08-28T15:25:11","slug":"policia-civil-participa-do-iii-encontro-tecnico-da-renorcrim-em-curitiba","status":"publish","type":"post","link":"https:\/\/pc.sc.gov.br\/?p=31630","title":{"rendered":"Pol\u00edcia Civil participa do III Encontro T\u00e9cnico da RENORCRIM em Curitiba"},"content":{"rendered":"\t\t<div data-elementor-type=\"wp-post\" data-elementor-id=\"31630\" class=\"elementor elementor-31630\" data-elementor-post-type=\"post\">\n\t\t\t\t\t\t<section class=\"elementor-section elementor-top-section elementor-element elementor-element-7a73844 elementor-section-boxed elementor-section-height-default elementor-section-height-default\" data-id=\"7a73844\" data-element_type=\"section\">\n\t\t\t\t\t\t<div class=\"elementor-container elementor-column-gap-default\">\n\t\t\t\t\t<div class=\"elementor-column elementor-col-100 elementor-top-column elementor-element elementor-element-a50fade\" data-id=\"a50fade\" data-element_type=\"column\">\n\t\t\t<div class=\"elementor-widget-wrap elementor-element-populated\">\n\t\t\t\t\t\t<div class=\"elementor-element elementor-element-bbd6119 elementor-widget elementor-widget-heading\" data-id=\"bbd6119\" data-element_type=\"widget\" data-widget_type=\"heading.default\">\n\t\t\t\t<div class=\"elementor-widget-container\">\n\t\t\t\t\t<h2 class=\"elementor-heading-title elementor-size-default\">Pol\u00edcia Civil participa do III Encontro T\u00e9cnico da RENORCRIM em Curitiba<\/h2>\t\t\t\t<\/div>\n\t\t\t\t<\/div>\n\t\t\t\t\t<\/div>\n\t\t<\/div>\n\t\t\t\t\t<\/div>\n\t\t<\/section>\n\t\t\t\t<section class=\"elementor-section elementor-top-section elementor-element elementor-element-e3e5e5d elementor-section-boxed elementor-section-height-default elementor-section-height-default\" data-id=\"e3e5e5d\" data-element_type=\"section\">\n\t\t\t\t\t\t<div class=\"elementor-container elementor-column-gap-default\">\n\t\t\t\t\t<div class=\"elementor-column elementor-col-100 elementor-top-column elementor-element elementor-element-b7b3f1c\" data-id=\"b7b3f1c\" data-element_type=\"column\">\n\t\t\t<div class=\"elementor-widget-wrap elementor-element-populated\">\n\t\t\t\t\t\t<div class=\"elementor-element elementor-element-3b99844 elementor-widget elementor-widget-image\" data-id=\"3b99844\" data-element_type=\"widget\" data-widget_type=\"image.default\">\n\t\t\t\t<div class=\"elementor-widget-container\">\n\t\t\t\t\t\t\t\t\t\t\t\t\t\t\t<img fetchpriority=\"high\" decoding=\"async\" width=\"696\" height=\"544\" src=\"https:\/\/pc.sc.gov.br\/\/wp-content\/uploads\/2025\/08\/WhatsApp-Image-2025-08-28-at-09.58.05-1024x801.jpeg\" class=\"attachment-large size-large wp-image-31631\" alt=\"\" srcset=\"https:\/\/pc.sc.gov.br\/\/wp-content\/uploads\/2025\/08\/WhatsApp-Image-2025-08-28-at-09.58.05-1024x801.jpeg 1024w, https:\/\/pc.sc.gov.br\/\/wp-content\/uploads\/2025\/08\/WhatsApp-Image-2025-08-28-at-09.58.05-300x235.jpeg 300w, https:\/\/pc.sc.gov.br\/\/wp-content\/uploads\/2025\/08\/WhatsApp-Image-2025-08-28-at-09.58.05-768x601.jpeg 768w, https:\/\/pc.sc.gov.br\/\/wp-content\/uploads\/2025\/08\/WhatsApp-Image-2025-08-28-at-09.58.05.jpeg 1110w\" sizes=\"(max-width: 696px) 100vw, 696px\" \/>\t\t\t\t\t\t\t\t\t\t\t\t\t\t\t<\/div>\n\t\t\t\t<\/div>\n\t\t\t\t\t<\/div>\n\t\t<\/div>\n\t\t\t\t\t<\/div>\n\t\t<\/section>\n\t\t\t\t<section class=\"elementor-section elementor-top-section elementor-element elementor-element-271632e elementor-section-boxed elementor-section-height-default elementor-section-height-default\" data-id=\"271632e\" data-element_type=\"section\">\n\t\t\t\t\t\t<div class=\"elementor-container elementor-column-gap-default\">\n\t\t\t\t\t<div class=\"elementor-column elementor-col-100 elementor-top-column elementor-element elementor-element-a96a028\" data-id=\"a96a028\" data-element_type=\"column\">\n\t\t\t<div class=\"elementor-widget-wrap elementor-element-populated\">\n\t\t\t\t\t\t<div class=\"elementor-element elementor-element-285bc3b elementor-widget elementor-widget-post-info\" data-id=\"285bc3b\" data-element_type=\"widget\" data-widget_type=\"post-info.default\">\n\t\t\t\t<div class=\"elementor-widget-container\">\n\t\t\t\t\t\t\t<ul class=\"elementor-inline-items elementor-icon-list-items elementor-post-info\">\n\t\t\t\t\t\t\t\t<li class=\"elementor-icon-list-item elementor-repeater-item-f0ca550 elementor-inline-item\" itemprop=\"author\">\n\t\t\t\t\t\t<a href=\"https:\/\/pc.sc.gov.br\/?author=5\">\n\t\t\t\t\t\t\t\t\t\t\t<span class=\"elementor-icon-list-icon\">\n\t\t\t\t\t\t\t\t<i aria-hidden=\"true\" class=\"far fa-user-circle\"><\/i>\t\t\t\t\t\t\t<\/span>\n\t\t\t\t\t\t\t\t\t<span class=\"elementor-icon-list-text elementor-post-info__item elementor-post-info__item--type-author\">\n\t\t\t\t\t\t\t\t\t\tStefany de Souza Alves\t\t\t\t\t<\/span>\n\t\t\t\t\t\t\t\t\t<\/a>\n\t\t\t\t<\/li>\n\t\t\t\t<li class=\"elementor-icon-list-item elementor-repeater-item-9a91568 elementor-inline-item\" itemprop=\"datePublished\">\n\t\t\t\t\t\t<a href=\"https:\/\/pc.sc.gov.br\/?m=20250828\">\n\t\t\t\t\t\t\t\t\t\t\t<span class=\"elementor-icon-list-icon\">\n\t\t\t\t\t\t\t\t<i aria-hidden=\"true\" class=\"fas fa-calendar\"><\/i>\t\t\t\t\t\t\t<\/span>\n\t\t\t\t\t\t\t\t\t<span class=\"elementor-icon-list-text elementor-post-info__item elementor-post-info__item--type-date\">\n\t\t\t\t\t\t\t\t\t\t<time>agosto 28, 2025<\/time>\t\t\t\t\t<\/span>\n\t\t\t\t\t\t\t\t\t<\/a>\n\t\t\t\t<\/li>\n\t\t\t\t<li class=\"elementor-icon-list-item elementor-repeater-item-3b59b4a elementor-inline-item\">\n\t\t\t\t\t\t\t\t\t\t<span class=\"elementor-icon-list-icon\">\n\t\t\t\t\t\t\t\t<i aria-hidden=\"true\" class=\"far fa-clock\"><\/i>\t\t\t\t\t\t\t<\/span>\n\t\t\t\t\t\t\t\t\t<span class=\"elementor-icon-list-text elementor-post-info__item elementor-post-info__item--type-time\">\n\t\t\t\t\t\t\t\t\t\t<time>12:24 pm<\/time>\t\t\t\t\t<\/span>\n\t\t\t\t\t\t\t\t<\/li>\n\t\t\t\t<\/ul>\n\t\t\t\t\t\t<\/div>\n\t\t\t\t<\/div>\n\t\t\t\t\t<\/div>\n\t\t<\/div>\n\t\t\t\t\t<\/div>\n\t\t<\/section>\n\t\t\t\t<section class=\"elementor-section elementor-top-section elementor-element elementor-element-b3437a7 elementor-section-boxed elementor-section-height-default elementor-section-height-default\" data-id=\"b3437a7\" data-element_type=\"section\">\n\t\t\t\t\t\t<div class=\"elementor-container elementor-column-gap-default\">\n\t\t\t\t\t<div class=\"elementor-column elementor-col-100 elementor-top-column elementor-element elementor-element-fc1be7d\" data-id=\"fc1be7d\" data-element_type=\"column\">\n\t\t\t<div class=\"elementor-widget-wrap elementor-element-populated\">\n\t\t\t\t\t\t<div class=\"elementor-element elementor-element-9b712f2 elementor-widget elementor-widget-text-editor\" data-id=\"9b712f2\" data-element_type=\"widget\" data-widget_type=\"text-editor.default\">\n\t\t\t\t<div class=\"elementor-widget-container\">\n\t\t\t\t\t\t\t\t\t<p>A Pol\u00edcia Civil de Santa Catarina, por meio da Delegacia de Repress\u00e3o ao Crime Organizado da Diretoria Estadual de Investiga\u00e7\u00f5es Criminais (DRACO\/DEIC), est\u00e1 participando do III Encontro T\u00e9cnico da Rede Nacional de Unidades Especializadas de Enfrentamento \u00e0s Organiza\u00e7\u00f5es Criminosas (RENORCRIM), que acontece entre os dias 26 e 28 de agosto de 2025, em Curitiba, Paran\u00e1.<\/p><p>O evento, considerado um dos principais f\u00f3runs nacionais voltados ao enfrentamento do crime organizado, re\u00fane representantes de for\u00e7as de seguran\u00e7a p\u00fablica, Minist\u00e9rio P\u00fablico e Poder Judici\u00e1rio de todo o Brasil.<\/p><p>Organizado em parceria pelo Minist\u00e9rio da Justi\u00e7a e Seguran\u00e7a P\u00fablica, por meio da Secretaria Nacional de Seguran\u00e7a P\u00fablica (SENASP), a Pol\u00edcia Civil do Paran\u00e1 (PCPR) e o Minist\u00e9rio P\u00fablico do Paran\u00e1 (MPPR), o encontro tem como objetivo promover a integra\u00e7\u00e3o entre institui\u00e7\u00f5es e debater estrat\u00e9gias inovadoras de combate \u00e0s organiza\u00e7\u00f5es criminosas.<\/p><p><strong>Temas em debate<\/strong><\/p><p>Ao longo dos tr\u00eas dias, est\u00e3o sendo discutidos temas de grande relev\u00e2ncia para a persecu\u00e7\u00e3o penal e a investiga\u00e7\u00e3o criminal, como:<\/p><ul><li>Cadeia de cust\u00f3dia e vest\u00edgios digitais;<\/li><li>Uso da intelig\u00eancia artificial na persecu\u00e7\u00e3o penal;<\/li><li>Recupera\u00e7\u00e3o de ativos e gest\u00e3o patrimonial;<\/li><li>Criptoativos e criminalidade econ\u00f4mica;<\/li><li>Opera\u00e7\u00f5es interag\u00eancias e redes colaborativas;<\/li><li>Parcerias com institui\u00e7\u00f5es banc\u00e1rias e plataformas digitais.<\/li><\/ul><p>O III Encontro T\u00e9cnico da RENORCRIM consolida-se como um espa\u00e7o essencial para o interc\u00e2mbio de boas pr\u00e1ticas, inova\u00e7\u00e3o institucional e fortalecimento da resposta estatal ao crime organizado, promovendo uma atua\u00e7\u00e3o mais eficaz, coordenada e inteligente em todo o territ\u00f3rio nacional.<\/p>\t\t\t\t\t\t\t\t<\/div>\n\t\t\t\t<\/div>\n\t\t\t\t\t<\/div>\n\t\t<\/div>\n\t\t\t\t\t<\/div>\n\t\t<\/section>\n\t\t\t\t<\/div>\n\t\t","protected":false},"excerpt":{"rendered":"<p>Pol\u00edcia Civil participa do III Encontro T\u00e9cnico da RENORCRIM em Curitiba A Pol\u00edcia Civil de Santa Catarina, por meio da Delegacia de Repress\u00e3o ao Crime Organizado da Diretoria Estadual de Investiga\u00e7\u00f5es Criminais (DRACO\/DEIC), est\u00e1 participando do III Encontro T\u00e9cnico da Rede Nacional de Unidades Especializadas de Enfrentamento \u00e0s Organiza\u00e7\u00f5es Criminosas (RENORCRIM), que acontece entre os [&hellip;]<\/p>\n","protected":false},"author":5,"featured_media":31631,"comment_status":"closed","ping_status":"open","sticky":false,"template":"","format":"standard","meta":{"_monsterinsights_skip_tracking":false,"_monsterinsights_sitenote_active":false,"_monsterinsights_sitenote_note":"","_monsterinsights_sitenote_category":0,"footnotes":""},"categories":[1],"tags":[],"class_list":["post-31630","post","type-post","status-publish","format-standard","has-post-thumbnail","hentry","category-sem-categoria"],"_links":{"self":[{"href":"https:\/\/pc.sc.gov.br\/index.php?rest_route=\/wp\/v2\/posts\/31630","targetHints":{"allow":["GET"]}}],"collection":[{"href":"https:\/\/pc.sc.gov.br\/index.php?rest_route=\/wp\/v2\/posts"}],"about":[{"href":"https:\/\/pc.sc.gov.br\/index.php?rest_route=\/wp\/v2\/types\/post"}],"author":[{"embeddable":true,"href":"https:\/\/pc.sc.gov.br\/index.php?rest_route=\/wp\/v2\/users\/5"}],"replies":[{"embeddable":true,"href":"https:\/\/pc.sc.gov.br\/index.php?rest_route=%2Fwp%2Fv2%2Fcomments&post=31630"}],"version-history":[{"count":4,"href":"https:\/\/pc.sc.gov.br\/index.php?rest_route=\/wp\/v2\/posts\/31630\/revisions"}],"predecessor-version":[{"id":31635,"href":"https:\/\/pc.sc.gov.br\/index.php?rest_route=\/wp\/v2\/posts\/31630\/revisions\/31635"}],"wp:featuredmedia":[{"embeddable":true,"href":"https:\/\/pc.sc.gov.br\/index.php?rest_route=\/wp\/v2\/media\/31631"}],"wp:attachment":[{"href":"https:\/\/pc.sc.gov.br\/index.php?rest_route=%2Fwp%2Fv2%2Fmedia&parent=31630"}],"wp:term":[{"taxonomy":"category","embeddable":true,"href":"https:\/\/pc.sc.gov.br\/index.php?rest_route=%2Fwp%2Fv2%2Fcategories&post=31630"},{"taxonomy":"post_tag","embeddable":true,"href":"https:\/\/pc.sc.gov.br\/index.php?rest_route=%2Fwp%2Fv2%2Ftags&post=31630"}],"curies":[{"name":"wp","href":"https:\/\/api.w.org\/{rel}","templated":true}]}}