{"id":31642,"date":"2025-08-28T13:11:24","date_gmt":"2025-08-28T16:11:24","guid":{"rendered":"https:\/\/pc.sc.gov.br\/?p=31642"},"modified":"2025-08-28T13:12:53","modified_gmt":"2025-08-28T16:12:53","slug":"policia-civil-deflagra-operacao-alcatrao-em-investigacao-aos-crimes-de-fraude-a-licitacao-corrupcao-ativa-e-passiva-associacao-criminosa-e-lavagem-de-dinheiro","status":"publish","type":"post","link":"https:\/\/pc.sc.gov.br\/?p=31642","title":{"rendered":"Pol\u00edcia Civil deflagra opera\u00e7\u00e3o \u201cAlcatr\u00e3o\u201d em investiga\u00e7\u00e3o aos crimes de fraude \u00e0 licita\u00e7\u00e3o, corrup\u00e7\u00e3o ativa e passiva, associa\u00e7\u00e3o criminosa e lavagem de dinheiro"},"content":{"rendered":"\t\t<div data-elementor-type=\"wp-post\" data-elementor-id=\"31642\" class=\"elementor elementor-31642\" data-elementor-post-type=\"post\">\n\t\t\t\t\t\t<section class=\"elementor-section elementor-top-section elementor-element elementor-element-ac93f3b elementor-section-boxed elementor-section-height-default elementor-section-height-default\" data-id=\"ac93f3b\" data-element_type=\"section\">\n\t\t\t\t\t\t<div class=\"elementor-container elementor-column-gap-default\">\n\t\t\t\t\t<div class=\"elementor-column elementor-col-100 elementor-top-column elementor-element elementor-element-ae41397\" data-id=\"ae41397\" data-element_type=\"column\">\n\t\t\t<div class=\"elementor-widget-wrap elementor-element-populated\">\n\t\t\t\t\t\t<div class=\"elementor-element elementor-element-cc9409a elementor-widget elementor-widget-heading\" data-id=\"cc9409a\" data-element_type=\"widget\" data-widget_type=\"heading.default\">\n\t\t\t\t<div class=\"elementor-widget-container\">\n\t\t\t\t\t<h2 class=\"elementor-heading-title elementor-size-default\">Pol\u00edcia Civil deflagra opera\u00e7\u00e3o \u201cAlcatr\u00e3o\u201d em investiga\u00e7\u00e3o aos crimes de fraude \u00e0 licita\u00e7\u00e3o, corrup\u00e7\u00e3o ativa e passiva, associa\u00e7\u00e3o criminosa e lavagem de dinheiro<\/h2>\t\t\t\t<\/div>\n\t\t\t\t<\/div>\n\t\t\t\t\t<\/div>\n\t\t<\/div>\n\t\t\t\t\t<\/div>\n\t\t<\/section>\n\t\t\t\t<section class=\"elementor-section elementor-top-section elementor-element elementor-element-8205371 elementor-section-boxed elementor-section-height-default elementor-section-height-default\" data-id=\"8205371\" data-element_type=\"section\">\n\t\t\t\t\t\t<div class=\"elementor-container elementor-column-gap-default\">\n\t\t\t\t\t<div class=\"elementor-column elementor-col-100 elementor-top-column elementor-element elementor-element-12cf56a\" data-id=\"12cf56a\" data-element_type=\"column\">\n\t\t\t<div class=\"elementor-widget-wrap elementor-element-populated\">\n\t\t\t\t\t\t<div class=\"elementor-element elementor-element-0ecb590 elementor-widget elementor-widget-image\" data-id=\"0ecb590\" data-element_type=\"widget\" data-widget_type=\"image.default\">\n\t\t\t\t<div class=\"elementor-widget-container\">\n\t\t\t\t\t\t\t\t\t\t\t\t\t\t\t<img fetchpriority=\"high\" decoding=\"async\" width=\"696\" height=\"392\" src=\"https:\/\/pc.sc.gov.br\/\/wp-content\/uploads\/2025\/08\/WhatsApp-Image-2025-08-28-at-10.42.50-1024x576.jpeg\" class=\"attachment-large size-large wp-image-31644\" alt=\"\" srcset=\"https:\/\/pc.sc.gov.br\/\/wp-content\/uploads\/2025\/08\/WhatsApp-Image-2025-08-28-at-10.42.50-1024x576.jpeg 1024w, https:\/\/pc.sc.gov.br\/\/wp-content\/uploads\/2025\/08\/WhatsApp-Image-2025-08-28-at-10.42.50-300x169.jpeg 300w, https:\/\/pc.sc.gov.br\/\/wp-content\/uploads\/2025\/08\/WhatsApp-Image-2025-08-28-at-10.42.50-768x432.jpeg 768w, https:\/\/pc.sc.gov.br\/\/wp-content\/uploads\/2025\/08\/WhatsApp-Image-2025-08-28-at-10.42.50.jpeg 1280w\" sizes=\"(max-width: 696px) 100vw, 696px\" \/>\t\t\t\t\t\t\t\t\t\t\t\t\t\t\t<\/div>\n\t\t\t\t<\/div>\n\t\t\t\t\t<\/div>\n\t\t<\/div>\n\t\t\t\t\t<\/div>\n\t\t<\/section>\n\t\t\t\t<section class=\"elementor-section elementor-top-section elementor-element elementor-element-7cc50cb elementor-section-boxed elementor-section-height-default elementor-section-height-default\" data-id=\"7cc50cb\" data-element_type=\"section\">\n\t\t\t\t\t\t<div class=\"elementor-container elementor-column-gap-default\">\n\t\t\t\t\t<div class=\"elementor-column elementor-col-100 elementor-top-column elementor-element elementor-element-db01f77\" data-id=\"db01f77\" data-element_type=\"column\">\n\t\t\t<div class=\"elementor-widget-wrap elementor-element-populated\">\n\t\t\t\t\t\t<div class=\"elementor-element elementor-element-c96f32e elementor-widget elementor-widget-post-info\" data-id=\"c96f32e\" data-element_type=\"widget\" data-widget_type=\"post-info.default\">\n\t\t\t\t<div class=\"elementor-widget-container\">\n\t\t\t\t\t\t\t<ul class=\"elementor-inline-items elementor-icon-list-items elementor-post-info\">\n\t\t\t\t\t\t\t\t<li class=\"elementor-icon-list-item elementor-repeater-item-8d3c244 elementor-inline-item\" itemprop=\"author\">\n\t\t\t\t\t\t<a href=\"https:\/\/pc.sc.gov.br\/?author=5\">\n\t\t\t\t\t\t\t\t\t\t\t<span class=\"elementor-icon-list-icon\">\n\t\t\t\t\t\t\t\t<i aria-hidden=\"true\" class=\"far fa-user-circle\"><\/i>\t\t\t\t\t\t\t<\/span>\n\t\t\t\t\t\t\t\t\t<span class=\"elementor-icon-list-text elementor-post-info__item elementor-post-info__item--type-author\">\n\t\t\t\t\t\t\t\t\t\tStefany de Souza Alves\t\t\t\t\t<\/span>\n\t\t\t\t\t\t\t\t\t<\/a>\n\t\t\t\t<\/li>\n\t\t\t\t<li class=\"elementor-icon-list-item elementor-repeater-item-943c03a elementor-inline-item\" itemprop=\"datePublished\">\n\t\t\t\t\t\t<a href=\"https:\/\/pc.sc.gov.br\/?m=20250828\">\n\t\t\t\t\t\t\t\t\t\t\t<span class=\"elementor-icon-list-icon\">\n\t\t\t\t\t\t\t\t<i aria-hidden=\"true\" class=\"fas fa-calendar\"><\/i>\t\t\t\t\t\t\t<\/span>\n\t\t\t\t\t\t\t\t\t<span class=\"elementor-icon-list-text elementor-post-info__item elementor-post-info__item--type-date\">\n\t\t\t\t\t\t\t\t\t\t<time>agosto 28, 2025<\/time>\t\t\t\t\t<\/span>\n\t\t\t\t\t\t\t\t\t<\/a>\n\t\t\t\t<\/li>\n\t\t\t\t<li class=\"elementor-icon-list-item elementor-repeater-item-79c0c4c elementor-inline-item\">\n\t\t\t\t\t\t\t\t\t\t<span class=\"elementor-icon-list-icon\">\n\t\t\t\t\t\t\t\t<i aria-hidden=\"true\" class=\"far fa-clock\"><\/i>\t\t\t\t\t\t\t<\/span>\n\t\t\t\t\t\t\t\t\t<span class=\"elementor-icon-list-text elementor-post-info__item elementor-post-info__item--type-time\">\n\t\t\t\t\t\t\t\t\t\t<time>1:11 pm<\/time>\t\t\t\t\t<\/span>\n\t\t\t\t\t\t\t\t<\/li>\n\t\t\t\t<\/ul>\n\t\t\t\t\t\t<\/div>\n\t\t\t\t<\/div>\n\t\t\t\t\t<\/div>\n\t\t<\/div>\n\t\t\t\t\t<\/div>\n\t\t<\/section>\n\t\t\t\t<section class=\"elementor-section elementor-top-section elementor-element elementor-element-4d0d33b elementor-section-boxed elementor-section-height-default elementor-section-height-default\" data-id=\"4d0d33b\" data-element_type=\"section\">\n\t\t\t\t\t\t<div class=\"elementor-container elementor-column-gap-default\">\n\t\t\t\t\t<div class=\"elementor-column elementor-col-100 elementor-top-column elementor-element elementor-element-9f849a9\" data-id=\"9f849a9\" data-element_type=\"column\">\n\t\t\t<div class=\"elementor-widget-wrap elementor-element-populated\">\n\t\t\t\t\t\t<div class=\"elementor-element elementor-element-e15a90a elementor-widget elementor-widget-text-editor\" data-id=\"e15a90a\" data-element_type=\"widget\" data-widget_type=\"text-editor.default\">\n\t\t\t\t<div class=\"elementor-widget-container\">\n\t\t\t\t\t\t\t\t\t<p>Nesta quinta-feira (28\/08), a Pol\u00edcia Civil de Santa Catarina, por meio da Delegacia de Combate \u00e0 Corrup\u00e7\u00e3o (DECOR) da DEIC, deflagrou a opera\u00e7\u00e3o \u201cAlcatr\u00e3o\u201d, nos munic\u00edpios de Lebon R\u00e9gis, Ca\u00e7ador, Herval D&#8217;Oeste e Pouso Redondo. A a\u00e7\u00e3o investiga crimes de fraude \u00e0 licita\u00e7\u00e3o, corrup\u00e7\u00e3o passiva e ativa, associa\u00e7\u00e3o criminosa e lavagem de dinheiro.<\/p><p>Na a\u00e7\u00e3o de hoje, a Pol\u00edcia Civil deu cumprimento a 13 mandados de busca e apreens\u00e3o. Al\u00e9m disso, foram determinadas medidas assecurat\u00f3rias, com a indisponibilidade de bens dos investigados, incluindo o bloqueio de contas banc\u00e1rias, bloqueio de bens im\u00f3veis, at\u00e9 atingir o montante de R$ 7 milh\u00f5es, ainda, a indisponibilidade de nove ve\u00edculos, avaliados em aproximadamente R$ 1 milh\u00e3o.<\/p><p>A investiga\u00e7\u00e3o aponta para um suposto esquema criminoso que tem o ex-prefeito do munic\u00edpio de Lebon R\u00e9gis como o principal investigado, com fortes ind\u00edcios de direcionamento e parcelamento indevido de quatro certames licitat\u00f3rios, beneficiando uma empresa situada na cidade de Pouso Redondo, al\u00e9m de movimenta\u00e7\u00f5es financeiras suspeitas entre pessoas jur\u00eddicas e pessoas f\u00edsicas da fam\u00edlia do ex-prefeito.<\/p><p>O valor dos contratos, objetos dessa investiga\u00e7\u00e3o, firmados, entre o munic\u00edpio de Lebon R\u00e9gis e a empresa investigada, chegam a cifra de R$ 7 milh\u00f5es.<\/p><p>Conforme dados do Portal da Transpar\u00eancia do Munic\u00edpio, no per\u00edodo em que o ex-prefeito era chefe do Executivo Municipal, exercido entre os anos de 2016 a 2024, foram firmados contratos entre o munic\u00edpio e a empresa investigada, no montante global de R$ 30 milh\u00f5es.<\/p><p>Durante o cumprimento das medidas cautelares, foram apreendidos diversos equipamentos eletr\u00f4nicos e documentos, que ser\u00e3o analisados pela equipe de investiga\u00e7\u00e3o. O material \u00e9 considerado fundamental para o prosseguimento da investiga\u00e7\u00e3o.<\/p><p>Al\u00e9m da equipe da DECOR\/DEIC, participaram da opera\u00e7\u00e3o Alcatr\u00e3o, policiais da CECOR, 1\u00ba, 2\u00ba, 3\u00ba, 4\u00ba e 5\u00ba DECOR, demais especializadas da DEIC: DCAC, DFAZ, LAB, DRAS, ainda, contou com o apoio imprescind\u00edvel da DIC de Ca\u00e7ador e demais unidades da DRP de Videira.<\/p><p>Alcatr\u00e3o \u00e9 o nome dado ao piche ou betume, uma subst\u00e2ncia escura e viscosa que \u00e9 o principal componente do asfalto. Assim, o nome da\u00a0 Opera\u00e7\u00e3o foi escolhido em raz\u00e3o da natureza dos crimes sob investiga\u00e7\u00e3o, que est\u00e3o ligados a fraudes e corrup\u00e7\u00e3o em obras de asfalto.<\/p><p>A DECOR\/DEIC segue firme no combate \u00e0 corrup\u00e7\u00e3o em todas as regi\u00f5es do Estado de Santa Catarina.<\/p>\t\t\t\t\t\t\t\t<\/div>\n\t\t\t\t<\/div>\n\t\t\t\t\t<\/div>\n\t\t<\/div>\n\t\t\t\t\t<\/div>\n\t\t<\/section>\n\t\t\t\t<section class=\"elementor-section elementor-top-section elementor-element elementor-element-4e607d2 elementor-section-boxed elementor-section-height-default elementor-section-height-default\" data-id=\"4e607d2\" data-element_type=\"section\">\n\t\t\t\t\t\t<div class=\"elementor-container elementor-column-gap-default\">\n\t\t\t\t\t<div class=\"elementor-column elementor-col-100 elementor-top-column elementor-element elementor-element-16f90ac\" data-id=\"16f90ac\" data-element_type=\"column\">\n\t\t\t<div class=\"elementor-widget-wrap elementor-element-populated\">\n\t\t\t\t\t\t<div class=\"elementor-element elementor-element-c44b7d9 elementor-widget elementor-widget-image\" data-id=\"c44b7d9\" data-element_type=\"widget\" data-widget_type=\"image.default\">\n\t\t\t\t<div class=\"elementor-widget-container\">\n\t\t\t\t\t\t\t\t\t\t\t\t\t\t\t<img decoding=\"async\" width=\"696\" height=\"928\" src=\"https:\/\/pc.sc.gov.br\/\/wp-content\/uploads\/2025\/08\/WhatsApp-Image-2025-08-28-at-10.42.51-768x1024.jpeg\" class=\"attachment-large size-large wp-image-31643\" alt=\"\" srcset=\"https:\/\/pc.sc.gov.br\/\/wp-content\/uploads\/2025\/08\/WhatsApp-Image-2025-08-28-at-10.42.51-768x1024.jpeg 768w, https:\/\/pc.sc.gov.br\/\/wp-content\/uploads\/2025\/08\/WhatsApp-Image-2025-08-28-at-10.42.51-225x300.jpeg 225w, https:\/\/pc.sc.gov.br\/\/wp-content\/uploads\/2025\/08\/WhatsApp-Image-2025-08-28-at-10.42.51.jpeg 960w\" sizes=\"(max-width: 696px) 100vw, 696px\" \/>\t\t\t\t\t\t\t\t\t\t\t\t\t\t\t<\/div>\n\t\t\t\t<\/div>\n\t\t\t\t\t<\/div>\n\t\t<\/div>\n\t\t\t\t\t<\/div>\n\t\t<\/section>\n\t\t\t\t<\/div>\n\t\t","protected":false},"excerpt":{"rendered":"<p>Pol\u00edcia Civil deflagra opera\u00e7\u00e3o \u201cAlcatr\u00e3o\u201d em investiga\u00e7\u00e3o aos crimes de fraude \u00e0 licita\u00e7\u00e3o, corrup\u00e7\u00e3o ativa e passiva, associa\u00e7\u00e3o criminosa e lavagem de dinheiro Nesta quinta-feira (28\/08), a Pol\u00edcia Civil de Santa Catarina, por meio da Delegacia de Combate \u00e0 Corrup\u00e7\u00e3o (DECOR) da DEIC, deflagrou a opera\u00e7\u00e3o \u201cAlcatr\u00e3o\u201d, nos munic\u00edpios de Lebon R\u00e9gis, Ca\u00e7ador, Herval D&#8217;Oeste [&hellip;]<\/p>\n","protected":false},"author":5,"featured_media":31644,"comment_status":"closed","ping_status":"open","sticky":false,"template":"","format":"standard","meta":{"_monsterinsights_skip_tracking":false,"_monsterinsights_sitenote_active":false,"_monsterinsights_sitenote_note":"","_monsterinsights_sitenote_category":0,"footnotes":""},"categories":[1],"tags":[],"class_list":["post-31642","post","type-post","status-publish","format-standard","has-post-thumbnail","hentry","category-sem-categoria"],"_links":{"self":[{"href":"https:\/\/pc.sc.gov.br\/index.php?rest_route=\/wp\/v2\/posts\/31642","targetHints":{"allow":["GET"]}}],"collection":[{"href":"https:\/\/pc.sc.gov.br\/index.php?rest_route=\/wp\/v2\/posts"}],"about":[{"href":"https:\/\/pc.sc.gov.br\/index.php?rest_route=\/wp\/v2\/types\/post"}],"author":[{"embeddable":true,"href":"https:\/\/pc.sc.gov.br\/index.php?rest_route=\/wp\/v2\/users\/5"}],"replies":[{"embeddable":true,"href":"https:\/\/pc.sc.gov.br\/index.php?rest_route=%2Fwp%2Fv2%2Fcomments&post=31642"}],"version-history":[{"count":4,"href":"https:\/\/pc.sc.gov.br\/index.php?rest_route=\/wp\/v2\/posts\/31642\/revisions"}],"predecessor-version":[{"id":31648,"href":"https:\/\/pc.sc.gov.br\/index.php?rest_route=\/wp\/v2\/posts\/31642\/revisions\/31648"}],"wp:featuredmedia":[{"embeddable":true,"href":"https:\/\/pc.sc.gov.br\/index.php?rest_route=\/wp\/v2\/media\/31644"}],"wp:attachment":[{"href":"https:\/\/pc.sc.gov.br\/index.php?rest_route=%2Fwp%2Fv2%2Fmedia&parent=31642"}],"wp:term":[{"taxonomy":"category","embeddable":true,"href":"https:\/\/pc.sc.gov.br\/index.php?rest_route=%2Fwp%2Fv2%2Fcategories&post=31642"},{"taxonomy":"post_tag","embeddable":true,"href":"https:\/\/pc.sc.gov.br\/index.php?rest_route=%2Fwp%2Fv2%2Ftags&post=31642"}],"curies":[{"name":"wp","href":"https:\/\/api.w.org\/{rel}","templated":true}]}}