{"id":31684,"date":"2025-08-28T16:39:25","date_gmt":"2025-08-28T19:39:25","guid":{"rendered":"https:\/\/pc.sc.gov.br\/?p=31684"},"modified":"2025-08-28T16:46:04","modified_gmt":"2025-08-28T19:46:04","slug":"estado-mais-seguro-do-brasil-santa-catarina-conquista-novamente-o-1o-lugar-em-seguranca-publica-no-ranking-de-competitividade-entre-os-estados","status":"publish","type":"post","link":"https:\/\/pc.sc.gov.br\/?p=31684","title":{"rendered":"Estado mais seguro do Brasil: Santa Catarina conquista novamente o 1\u00ba lugar em Seguran\u00e7a P\u00fablica no Ranking de Competitividade entre os estados"},"content":{"rendered":"\t\t<div data-elementor-type=\"wp-post\" data-elementor-id=\"31684\" class=\"elementor elementor-31684\" data-elementor-post-type=\"post\">\n\t\t\t\t\t\t<section class=\"elementor-section elementor-top-section elementor-element elementor-element-c6e2014 elementor-section-boxed elementor-section-height-default elementor-section-height-default\" data-id=\"c6e2014\" data-element_type=\"section\">\n\t\t\t\t\t\t<div class=\"elementor-container elementor-column-gap-default\">\n\t\t\t\t\t<div class=\"elementor-column elementor-col-100 elementor-top-column elementor-element elementor-element-115ccea\" data-id=\"115ccea\" data-element_type=\"column\">\n\t\t\t<div class=\"elementor-widget-wrap elementor-element-populated\">\n\t\t\t\t\t\t<div class=\"elementor-element elementor-element-1eae885 elementor-widget elementor-widget-heading\" data-id=\"1eae885\" data-element_type=\"widget\" data-widget_type=\"heading.default\">\n\t\t\t\t<div class=\"elementor-widget-container\">\n\t\t\t\t\t<h2 class=\"elementor-heading-title elementor-size-default\">Estado mais seguro do Brasil: Santa Catarina conquista novamente o 1\u00ba lugar em Seguran\u00e7a P\u00fablica no Ranking de Competitividade entre os estados<\/h2>\t\t\t\t<\/div>\n\t\t\t\t<\/div>\n\t\t\t\t\t<\/div>\n\t\t<\/div>\n\t\t\t\t\t<\/div>\n\t\t<\/section>\n\t\t\t\t<section class=\"elementor-section elementor-top-section elementor-element elementor-element-7f015fa elementor-section-boxed elementor-section-height-default elementor-section-height-default\" data-id=\"7f015fa\" data-element_type=\"section\">\n\t\t\t\t\t\t<div class=\"elementor-container elementor-column-gap-default\">\n\t\t\t\t\t<div class=\"elementor-column elementor-col-100 elementor-top-column elementor-element elementor-element-7e90456\" data-id=\"7e90456\" data-element_type=\"column\">\n\t\t\t<div class=\"elementor-widget-wrap elementor-element-populated\">\n\t\t\t\t\t\t<div class=\"elementor-element elementor-element-14ab4e6 elementor-widget elementor-widget-image\" data-id=\"14ab4e6\" data-element_type=\"widget\" data-widget_type=\"image.default\">\n\t\t\t\t<div class=\"elementor-widget-container\">\n\t\t\t\t\t\t\t\t\t\t\t\t\t\t\t<img fetchpriority=\"high\" decoding=\"async\" width=\"696\" height=\"522\" src=\"https:\/\/pc.sc.gov.br\/\/wp-content\/uploads\/2025\/08\/WhatsApp-Image-2025-08-21-at-18.03.10-1024x768.jpeg\" class=\"attachment-large size-large wp-image-31685\" alt=\"\" srcset=\"https:\/\/pc.sc.gov.br\/\/wp-content\/uploads\/2025\/08\/WhatsApp-Image-2025-08-21-at-18.03.10-1024x768.jpeg 1024w, https:\/\/pc.sc.gov.br\/\/wp-content\/uploads\/2025\/08\/WhatsApp-Image-2025-08-21-at-18.03.10-300x225.jpeg 300w, https:\/\/pc.sc.gov.br\/\/wp-content\/uploads\/2025\/08\/WhatsApp-Image-2025-08-21-at-18.03.10-768x576.jpeg 768w, https:\/\/pc.sc.gov.br\/\/wp-content\/uploads\/2025\/08\/WhatsApp-Image-2025-08-21-at-18.03.10.jpeg 1212w\" sizes=\"(max-width: 696px) 100vw, 696px\" \/>\t\t\t\t\t\t\t\t\t\t\t\t\t\t\t<\/div>\n\t\t\t\t<\/div>\n\t\t\t\t\t<\/div>\n\t\t<\/div>\n\t\t\t\t\t<\/div>\n\t\t<\/section>\n\t\t\t\t<section class=\"elementor-section elementor-top-section elementor-element elementor-element-6721ca1 elementor-section-boxed elementor-section-height-default elementor-section-height-default\" data-id=\"6721ca1\" data-element_type=\"section\">\n\t\t\t\t\t\t<div class=\"elementor-container elementor-column-gap-default\">\n\t\t\t\t\t<div class=\"elementor-column elementor-col-100 elementor-top-column elementor-element elementor-element-c3bb5a0\" data-id=\"c3bb5a0\" data-element_type=\"column\">\n\t\t\t<div class=\"elementor-widget-wrap elementor-element-populated\">\n\t\t\t\t\t\t<div class=\"elementor-element elementor-element-1575773 elementor-widget elementor-widget-text-editor\" data-id=\"1575773\" data-element_type=\"widget\" data-widget_type=\"text-editor.default\">\n\t\t\t\t<div class=\"elementor-widget-container\">\n\t\t\t\t\t\t\t\t\t<p>Os dados constantes no Ranking de Competitividade entre os Estados, divulgado nesta quarta-feira, 27, pelo Centro de Lideran\u00e7a P\u00fablica (CLP), n\u00e3o s\u00f3 evidenciam a excel\u00eancia do Sistema de Seguran\u00e7a P\u00fablica de Santa Catarina, como consolidam sua posi\u00e7\u00e3o de Estado mais seguro do Pa\u00eds. Na edi\u00e7\u00e3o 2025 da publica\u00e7\u00e3o nacional, al\u00e9m de garantir mais uma vez a segunda coloca\u00e7\u00e3o geral, pelo 9\u00ba ano consecutivo, o estado catarinense conquistou pela s\u00e9tima vez seguida a primeira coloca\u00e7\u00e3o no pilar Seguran\u00e7a P\u00fablica.<\/p>\n<p>Para o governador Jorginho Mello, o resultado reafirma a posi\u00e7\u00e3o de protagonismo de Santa Catarina no cen\u00e1rio nacional e \u00e9 reflexo direto da uni\u00e3o de esfor\u00e7os e do compromisso de todos os catarinenses. \u201cReduzir a viol\u00eancia \u00e9 uma condi\u00e7\u00e3o fundamental para um Estado cada vez mais competitivo, por isso volto a dizer que estamos no caminho certo, investindo forte na seguran\u00e7a, gerando oportunidades e promovendo qualidade de vida para a nossa popula\u00e7\u00e3o\u201d, destacou o governador.<\/p>\n<p>De acordo com o CLP, a Seguran\u00e7a P\u00fablica representa uma das maiores preocupa\u00e7\u00f5es da popula\u00e7\u00e3o e \u00e9 a \u00e1rea do servi\u00e7o p\u00fablico que melhor expressa o funcionamento das institui\u00e7\u00f5es estatais no Brasil, por isso recebe o maior peso entre os 10 pilares tem\u00e1ticos que constituem o Ranking de Competitividade dos Estados. O pilar tem\u00e1tico da seguran\u00e7a \u00e9 composto por 11 indicadores, dentre os quais Santa Catarina alcan\u00e7ou resultados expressivos como a manuten\u00e7\u00e3o do 1\u00ba lugar em Seguran\u00e7a Patrimonial e do 2\u00ba lugar em Seguran\u00e7a Pessoal, al\u00e9m de evoluir do s\u00e9timo para o 4\u00ba lugar em Presos sem Condena\u00e7\u00e3o. O Estado manteve, ainda, a melhor coloca\u00e7\u00e3o no indicador Qualidade da Informa\u00e7\u00e3o de Criminalidade.<\/p>\n<p>O Secret\u00e1rio da Seguran\u00e7a P\u00fablica, coronel Fl\u00e1vio Graff, enalteceu o papel determinante das for\u00e7as de seguran\u00e7a na manuten\u00e7\u00e3o do posto de Estado mais seguro do Brasil, destacando o trabalho de excel\u00eancia que \u00e9 desenvolvido pelas Pol\u00edcias Militar, Civil e Cient\u00edfica, bem como pelo Corpo de Bombeiros Militar. O secret\u00e1rio tamb\u00e9m reconheceu a aten\u00e7\u00e3o diferenciada do Governo do Estado, que tem garantido refor\u00e7os de equipamentos, pessoal e qualifica\u00e7\u00e3o.<\/p>\n<p>\u201cCom o devido apoio institucional e financeiro assegurado pelo governador Jorginho Mello, nossas institui\u00e7\u00f5es de seguran\u00e7a avan\u00e7am progressivamente sobre as demandas que envolvem o combate \u00e0 criminalidade no Estado. Temos e sempre teremos grandes desafios pela frente, no entanto, os resultados positivos nos motivam a enfrent\u00e1-los de cabe\u00e7a erguida, com compet\u00eancia e de forma resolutiva, que \u00e9 o que a sociedade catarinense espera e merece\u201d, conclui.<\/p>\n<p>Al\u00e9m da primeira coloca\u00e7\u00e3o no pilar Seguran\u00e7a P\u00fablica, Santa Catarina tamb\u00e9m lidera o pilar Capital Humano. O Estado alcan\u00e7ou, ainda, a segunda posi\u00e7\u00e3o em Educa\u00e7\u00e3o e Sustentabilidade Social, o terceiro lugar em Potencial de Mercado e o quarto em Infraestrutura.<\/p>\n<p><strong>S\u00e3o Bento do Sul entre os mais seguros do Brasil<\/strong><\/p>\n<p>Com rela\u00e7\u00e3o \u00e0 edi\u00e7\u00e3o 2025 do Ranking de Competitividade dos Munic\u00edpios, S\u00e3o Bento do Sul, localizada no Planalto Norte, foi o grande destaque de Santa Catarina no pilar Seguran\u00e7a P\u00fablica, ficando com o quarto melhor desempenho do Pa\u00eds. O munic\u00edpio avan\u00e7ou 114 posi\u00e7\u00f5es em rela\u00e7\u00e3o \u00e0 edi\u00e7\u00e3o anterior do ranking, com destaque para a 1\u00aa coloca\u00e7\u00e3o no indicador de mortes por causas indeterminadas, e a 3\u00aa coloca\u00e7\u00e3o em mortes violentas intencionais.<\/p>\n<p>J\u00e1 a capital catarinense se manteve, pelo terceiro ano consecutivo, como o munic\u00edpio mais competitivo do Brasil. De acordo com a publica\u00e7\u00e3o, a lideran\u00e7a de Florian\u00f3polis se consolidou pelo excepcional e permanente destaque na dimens\u00e3o Economia, se tornando l\u00edder no pilar de \u201cInova\u00e7\u00e3o e Dinamismo Econ\u00f4mico\u201d. Tamb\u00e9m continua entre os melhores munic\u00edpios em \u201cCapital Humano\u201d, com a 3\u00aa posi\u00e7\u00e3o.<\/p>\n<p>O Estado tamb\u00e9m emplacou 9 dos 20 munic\u00edpios mais bem posicionados da Regi\u00e3o Sul. Entre eles, com a 12\u00aa posi\u00e7\u00e3o, Jaragu\u00e1 do Sul se consolida como uma das cidades mais competitivas do pa\u00eds, destacando-se pela alta qualidade dos servi\u00e7os sociais, que lhe garantiu, tamb\u00e9m, a 4\u00aa posi\u00e7\u00e3o na Dimens\u00e3o Sociedade. Ainda, em 14\u00ba lugar, Blumenau apresentou um avan\u00e7o consistente no ranking, melhorando seu desempenho em todas as dimens\u00f5es avaliadas. Entre os 30 munic\u00edpios mais competitivos do pa\u00eds, ainda est\u00e3o S\u00e3o Bento do Sul, na 20\u00aa posi\u00e7\u00e3o, e Crici\u00fama, ocupando o 23\u00ba lugar.<\/p>\n<p><strong>Sobre o ranking Competividade dos Estados<\/strong><\/p>\n<p>O Ranking de Competitividades dos Estados \u00e9 realizado h\u00e1 14 anos pelo CLP (Centro de Lideran\u00e7a P\u00fablica). Na edi\u00e7\u00e3o 2025, as 27 unidades federativas foram avaliadas a partir de 99 indicadores, distribu\u00eddos em dez pilares tem\u00e1ticos considerados fundamentais para a promo\u00e7\u00e3o da competitividade e melhoria da gest\u00e3o p\u00fablica dos estados brasileiros: Infraestrutura, Sustentabilidade Social, Seguran\u00e7a P\u00fablica, Educa\u00e7\u00e3o, Solidez Fiscal, Efici\u00eancia da M\u00e1quina P\u00fablica, Capital Humano, Sustentabilidade Ambiental, Potencial de Mercado e Inova\u00e7\u00e3o. O Ranking de Competitividade dos Estados conta com a parceria t\u00e9cnica de Tend\u00eancias e Seall.<\/p>\n<p><strong>Sobre o CLP (Centro de Lideran\u00e7a P\u00fablica)<\/strong><\/p>\n<p>O CLP (Centro de Lideran\u00e7a P\u00fablica) \u00e9 uma organiza\u00e7\u00e3o suprapartid\u00e1ria que busca engajar a sociedade e desenvolver l\u00edderes p\u00fablicos para enfrentar os problemas mais urgentes do Brasil. H\u00e1 16 anos, defende um Estado Democr\u00e1tico de Direito eficiente no uso de seus recursos e constitu\u00eddo sobre princ\u00edpios republicanos.<\/p><p><b><i>*Com informa\u00e7\u00f5es da Secretaria de Seguran\u00e7a P\u00fablica de Santa Catarina<\/i><\/b><\/p>\n<p><\/p>\t\t\t\t\t\t\t\t<\/div>\n\t\t\t\t<\/div>\n\t\t\t\t\t<\/div>\n\t\t<\/div>\n\t\t\t\t\t<\/div>\n\t\t<\/section>\n\t\t\t\t<\/div>\n\t\t","protected":false},"excerpt":{"rendered":"<p>Estado mais seguro do Brasil: Santa Catarina conquista novamente o 1\u00ba lugar em Seguran\u00e7a P\u00fablica no Ranking de Competitividade entre os estados Os dados constantes no Ranking de Competitividade entre os Estados, divulgado nesta quarta-feira, 27, pelo Centro de Lideran\u00e7a P\u00fablica (CLP), n\u00e3o s\u00f3 evidenciam a excel\u00eancia do Sistema de Seguran\u00e7a P\u00fablica de Santa Catarina, [&hellip;]<\/p>\n","protected":false},"author":5,"featured_media":31685,"comment_status":"closed","ping_status":"open","sticky":false,"template":"","format":"standard","meta":{"_monsterinsights_skip_tracking":false,"_monsterinsights_sitenote_active":false,"_monsterinsights_sitenote_note":"","_monsterinsights_sitenote_category":0,"footnotes":""},"categories":[1],"tags":[],"class_list":["post-31684","post","type-post","status-publish","format-standard","has-post-thumbnail","hentry","category-sem-categoria"],"_links":{"self":[{"href":"https:\/\/pc.sc.gov.br\/index.php?rest_route=\/wp\/v2\/posts\/31684","targetHints":{"allow":["GET"]}}],"collection":[{"href":"https:\/\/pc.sc.gov.br\/index.php?rest_route=\/wp\/v2\/posts"}],"about":[{"href":"https:\/\/pc.sc.gov.br\/index.php?rest_route=\/wp\/v2\/types\/post"}],"author":[{"embeddable":true,"href":"https:\/\/pc.sc.gov.br\/index.php?rest_route=\/wp\/v2\/users\/5"}],"replies":[{"embeddable":true,"href":"https:\/\/pc.sc.gov.br\/index.php?rest_route=%2Fwp%2Fv2%2Fcomments&post=31684"}],"version-history":[{"count":4,"href":"https:\/\/pc.sc.gov.br\/index.php?rest_route=\/wp\/v2\/posts\/31684\/revisions"}],"predecessor-version":[{"id":31689,"href":"https:\/\/pc.sc.gov.br\/index.php?rest_route=\/wp\/v2\/posts\/31684\/revisions\/31689"}],"wp:featuredmedia":[{"embeddable":true,"href":"https:\/\/pc.sc.gov.br\/index.php?rest_route=\/wp\/v2\/media\/31685"}],"wp:attachment":[{"href":"https:\/\/pc.sc.gov.br\/index.php?rest_route=%2Fwp%2Fv2%2Fmedia&parent=31684"}],"wp:term":[{"taxonomy":"category","embeddable":true,"href":"https:\/\/pc.sc.gov.br\/index.php?rest_route=%2Fwp%2Fv2%2Fcategories&post=31684"},{"taxonomy":"post_tag","embeddable":true,"href":"https:\/\/pc.sc.gov.br\/index.php?rest_route=%2Fwp%2Fv2%2Ftags&post=31684"}],"curies":[{"name":"wp","href":"https:\/\/api.w.org\/{rel}","templated":true}]}}