{"id":31728,"date":"2025-09-02T14:41:33","date_gmt":"2025-09-02T17:41:33","guid":{"rendered":"https:\/\/www.pc.sc.gov.br\/?p=31728"},"modified":"2025-09-02T17:44:11","modified_gmt":"2025-09-02T20:44:11","slug":"policia-civil-participa-ativamente-da-campanha-agosto-lilas-sobre-enfrentamento-a-violencia-contra-a-mulher","status":"publish","type":"post","link":"https:\/\/pc.sc.gov.br\/?p=31728","title":{"rendered":"Pol\u00edcia Civil participa ativamente da campanha \u201cAgosto Lil\u00e1s\u201d sobre enfrentamento \u00e0 viol\u00eancia contra a mulher"},"content":{"rendered":"\t\t<div data-elementor-type=\"wp-post\" data-elementor-id=\"31728\" class=\"elementor elementor-31728\" data-elementor-post-type=\"post\">\n\t\t\t\t\t\t<section class=\"elementor-section elementor-top-section elementor-element elementor-element-3bd3149 elementor-section-boxed elementor-section-height-default elementor-section-height-default\" data-id=\"3bd3149\" data-element_type=\"section\">\n\t\t\t\t\t\t<div class=\"elementor-container elementor-column-gap-default\">\n\t\t\t\t\t<div class=\"elementor-column elementor-col-100 elementor-top-column elementor-element elementor-element-4b1ddbe\" data-id=\"4b1ddbe\" data-element_type=\"column\">\n\t\t\t<div class=\"elementor-widget-wrap elementor-element-populated\">\n\t\t\t\t\t\t<div class=\"elementor-element elementor-element-80a6a34 elementor-widget elementor-widget-heading\" data-id=\"80a6a34\" data-element_type=\"widget\" data-widget_type=\"heading.default\">\n\t\t\t\t<div class=\"elementor-widget-container\">\n\t\t\t\t\t<h2 class=\"elementor-heading-title elementor-size-default\">Pol\u00edcia Civil participa ativamente da campanha \u201cAgosto Lil\u00e1s\u201d sobre enfrentamento \u00e0 viol\u00eancia contra a mulher\n<\/h2>\t\t\t\t<\/div>\n\t\t\t\t<\/div>\n\t\t\t\t\t<\/div>\n\t\t<\/div>\n\t\t\t\t\t<\/div>\n\t\t<\/section>\n\t\t\t\t<section class=\"elementor-section elementor-top-section elementor-element elementor-element-e4192de elementor-section-boxed elementor-section-height-default elementor-section-height-default\" data-id=\"e4192de\" data-element_type=\"section\">\n\t\t\t\t\t\t<div class=\"elementor-container elementor-column-gap-default\">\n\t\t\t\t\t<div class=\"elementor-column elementor-col-100 elementor-top-column elementor-element elementor-element-e1be761\" data-id=\"e1be761\" data-element_type=\"column\">\n\t\t\t<div class=\"elementor-widget-wrap elementor-element-populated\">\n\t\t\t\t\t\t<div class=\"elementor-element elementor-element-6b207a3 elementor-widget elementor-widget-image\" data-id=\"6b207a3\" data-element_type=\"widget\" data-widget_type=\"image.default\">\n\t\t\t\t<div class=\"elementor-widget-container\">\n\t\t\t\t\t\t\t\t\t\t\t\t\t\t\t<img fetchpriority=\"high\" decoding=\"async\" width=\"696\" height=\"522\" src=\"https:\/\/pc.sc.gov.br\/\/wp-content\/uploads\/2025\/09\/WhatsApp-Image-2025-09-02-at-14.38.48-1024x768.jpeg\" class=\"attachment-large size-large wp-image-31729\" alt=\"\" srcset=\"https:\/\/pc.sc.gov.br\/\/wp-content\/uploads\/2025\/09\/WhatsApp-Image-2025-09-02-at-14.38.48-1024x768.jpeg 1024w, https:\/\/pc.sc.gov.br\/\/wp-content\/uploads\/2025\/09\/WhatsApp-Image-2025-09-02-at-14.38.48-300x225.jpeg 300w, https:\/\/pc.sc.gov.br\/\/wp-content\/uploads\/2025\/09\/WhatsApp-Image-2025-09-02-at-14.38.48-768x576.jpeg 768w, https:\/\/pc.sc.gov.br\/\/wp-content\/uploads\/2025\/09\/WhatsApp-Image-2025-09-02-at-14.38.48.jpeg 1280w\" sizes=\"(max-width: 696px) 100vw, 696px\" \/>\t\t\t\t\t\t\t\t\t\t\t\t\t\t\t<\/div>\n\t\t\t\t<\/div>\n\t\t\t\t<div class=\"elementor-element elementor-element-ac0247d elementor-widget elementor-widget-post-info\" data-id=\"ac0247d\" data-element_type=\"widget\" data-widget_type=\"post-info.default\">\n\t\t\t\t<div class=\"elementor-widget-container\">\n\t\t\t\t\t\t\t<ul class=\"elementor-inline-items elementor-icon-list-items elementor-post-info\">\n\t\t\t\t\t\t\t\t<li class=\"elementor-icon-list-item elementor-repeater-item-30e6347 elementor-inline-item\" itemprop=\"author\">\n\t\t\t\t\t\t<a href=\"https:\/\/pc.sc.gov.br\/?author=5\">\n\t\t\t\t\t\t\t\t\t\t\t<span class=\"elementor-icon-list-icon\">\n\t\t\t\t\t\t\t\t<i aria-hidden=\"true\" class=\"far fa-user-circle\"><\/i>\t\t\t\t\t\t\t<\/span>\n\t\t\t\t\t\t\t\t\t<span class=\"elementor-icon-list-text elementor-post-info__item elementor-post-info__item--type-author\">\n\t\t\t\t\t\t\t\t\t\tStefany de Souza Alves\t\t\t\t\t<\/span>\n\t\t\t\t\t\t\t\t\t<\/a>\n\t\t\t\t<\/li>\n\t\t\t\t<li class=\"elementor-icon-list-item elementor-repeater-item-f9fd68c elementor-inline-item\" itemprop=\"datePublished\">\n\t\t\t\t\t\t<a href=\"https:\/\/pc.sc.gov.br\/?m=20250902\">\n\t\t\t\t\t\t\t\t\t\t\t<span class=\"elementor-icon-list-icon\">\n\t\t\t\t\t\t\t\t<i aria-hidden=\"true\" class=\"fas fa-calendar\"><\/i>\t\t\t\t\t\t\t<\/span>\n\t\t\t\t\t\t\t\t\t<span class=\"elementor-icon-list-text elementor-post-info__item elementor-post-info__item--type-date\">\n\t\t\t\t\t\t\t\t\t\t<time>setembro 2, 2025<\/time>\t\t\t\t\t<\/span>\n\t\t\t\t\t\t\t\t\t<\/a>\n\t\t\t\t<\/li>\n\t\t\t\t<li class=\"elementor-icon-list-item elementor-repeater-item-ac2aa6c elementor-inline-item\">\n\t\t\t\t\t\t\t\t\t\t<span class=\"elementor-icon-list-icon\">\n\t\t\t\t\t\t\t\t<i aria-hidden=\"true\" class=\"far fa-clock\"><\/i>\t\t\t\t\t\t\t<\/span>\n\t\t\t\t\t\t\t\t\t<span class=\"elementor-icon-list-text elementor-post-info__item elementor-post-info__item--type-time\">\n\t\t\t\t\t\t\t\t\t\t<time>2:41 pm<\/time>\t\t\t\t\t<\/span>\n\t\t\t\t\t\t\t\t<\/li>\n\t\t\t\t<\/ul>\n\t\t\t\t\t\t<\/div>\n\t\t\t\t<\/div>\n\t\t\t\t\t<\/div>\n\t\t<\/div>\n\t\t\t\t\t<\/div>\n\t\t<\/section>\n\t\t\t\t<section class=\"elementor-section elementor-top-section elementor-element elementor-element-0903ec5 elementor-section-boxed elementor-section-height-default elementor-section-height-default\" data-id=\"0903ec5\" data-element_type=\"section\">\n\t\t\t\t\t\t<div class=\"elementor-container elementor-column-gap-default\">\n\t\t\t\t\t<div class=\"elementor-column elementor-col-100 elementor-top-column elementor-element elementor-element-d55ce7e\" data-id=\"d55ce7e\" data-element_type=\"column\">\n\t\t\t<div class=\"elementor-widget-wrap elementor-element-populated\">\n\t\t\t\t\t\t<div class=\"elementor-element elementor-element-05f3589 elementor-widget elementor-widget-text-editor\" data-id=\"05f3589\" data-element_type=\"widget\" data-widget_type=\"text-editor.default\">\n\t\t\t\t<div class=\"elementor-widget-container\">\n\t\t\t\t\t\t\t\t\t<p>Durante todo o m\u00eas de agosto, a Pol\u00edcia Civil de Santa Catarina desenvolveu uma s\u00e9rie de atividades em alus\u00e3o \u00e0 campanha \u201cAgosto Lil\u00e1s\u201d, que tem como objetivo conscientizar a sociedade sobre a import\u00e2ncia do enfrentamento \u00e0 viol\u00eancia contra a mulher. A iniciativa faz parte do Programa Pol\u00edcia Civil por Elas e busca ampliar o debate p\u00fablico, incentivar den\u00fancias e difundir informa\u00e7\u00f5es sobre a rede de prote\u00e7\u00e3o dispon\u00edvel \u00e0s v\u00edtimas.<\/p>\n<p>Durante o per\u00edodo, a institui\u00e7\u00e3o promoveu mais de 90 a\u00e7\u00f5es preventivas em diferentes regi\u00f5es do estado, abrangendo aproximadamente 50 munic\u00edpios. As atividades inclu\u00edram palestras e rodas de conversa com mais de seis mil participantes, al\u00e9m de entrevistas na m\u00eddia e conte\u00fados em redes sociais direcionados a toda a sociedade. Delegados, psic\u00f3logos, agentes e escriv\u00e3es de pol\u00edcia se envolveram ativamente no desenvolvimento das a\u00e7\u00f5es, demonstrando seu comprometimento com o tema.<\/p>\n<p>A Pol\u00edcia Civil refor\u00e7a que as a\u00e7\u00f5es preventivas s\u00e3o fundamentais para combater a viol\u00eancia contra a mulher, uma vez que contribuem para a dissemina\u00e7\u00e3o de informa\u00e7\u00f5es, sensibiliza\u00e7\u00e3o da sociedade e o fortalecimento das pol\u00edticas p\u00fablicas de prote\u00e7\u00e3o.<\/p>\t\t\t\t\t\t\t\t<\/div>\n\t\t\t\t<\/div>\n\t\t\t\t\t<\/div>\n\t\t<\/div>\n\t\t\t\t\t<\/div>\n\t\t<\/section>\n\t\t\t\t<\/div>\n\t\t","protected":false},"excerpt":{"rendered":"<p>Pol\u00edcia Civil participa ativamente da campanha \u201cAgosto Lil\u00e1s\u201d sobre enfrentamento \u00e0 viol\u00eancia contra a mulher Durante todo o m\u00eas de agosto, a Pol\u00edcia Civil de Santa Catarina desenvolveu uma s\u00e9rie de atividades em alus\u00e3o \u00e0 campanha \u201cAgosto Lil\u00e1s\u201d, que tem como objetivo conscientizar a sociedade sobre a import\u00e2ncia do enfrentamento \u00e0 viol\u00eancia contra a mulher. [&hellip;]<\/p>\n","protected":false},"author":5,"featured_media":31729,"comment_status":"closed","ping_status":"open","sticky":false,"template":"","format":"standard","meta":{"_monsterinsights_skip_tracking":false,"_monsterinsights_sitenote_active":false,"_monsterinsights_sitenote_note":"","_monsterinsights_sitenote_category":0,"footnotes":""},"categories":[1],"tags":[],"class_list":["post-31728","post","type-post","status-publish","format-standard","has-post-thumbnail","hentry","category-sem-categoria"],"_links":{"self":[{"href":"https:\/\/pc.sc.gov.br\/index.php?rest_route=\/wp\/v2\/posts\/31728","targetHints":{"allow":["GET"]}}],"collection":[{"href":"https:\/\/pc.sc.gov.br\/index.php?rest_route=\/wp\/v2\/posts"}],"about":[{"href":"https:\/\/pc.sc.gov.br\/index.php?rest_route=\/wp\/v2\/types\/post"}],"author":[{"embeddable":true,"href":"https:\/\/pc.sc.gov.br\/index.php?rest_route=\/wp\/v2\/users\/5"}],"replies":[{"embeddable":true,"href":"https:\/\/pc.sc.gov.br\/index.php?rest_route=%2Fwp%2Fv2%2Fcomments&post=31728"}],"version-history":[{"count":16,"href":"https:\/\/pc.sc.gov.br\/index.php?rest_route=\/wp\/v2\/posts\/31728\/revisions"}],"predecessor-version":[{"id":31784,"href":"https:\/\/pc.sc.gov.br\/index.php?rest_route=\/wp\/v2\/posts\/31728\/revisions\/31784"}],"wp:featuredmedia":[{"embeddable":true,"href":"https:\/\/pc.sc.gov.br\/index.php?rest_route=\/wp\/v2\/media\/31729"}],"wp:attachment":[{"href":"https:\/\/pc.sc.gov.br\/index.php?rest_route=%2Fwp%2Fv2%2Fmedia&parent=31728"}],"wp:term":[{"taxonomy":"category","embeddable":true,"href":"https:\/\/pc.sc.gov.br\/index.php?rest_route=%2Fwp%2Fv2%2Fcategories&post=31728"},{"taxonomy":"post_tag","embeddable":true,"href":"https:\/\/pc.sc.gov.br\/index.php?rest_route=%2Fwp%2Fv2%2Ftags&post=31728"}],"curies":[{"name":"wp","href":"https:\/\/api.w.org\/{rel}","templated":true}]}}