{"id":31744,"date":"2025-09-02T15:03:32","date_gmt":"2025-09-02T18:03:32","guid":{"rendered":"https:\/\/www.pc.sc.gov.br\/?p=31744"},"modified":"2025-09-02T15:06:09","modified_gmt":"2025-09-02T18:06:09","slug":"policia-civil-de-santa-catarina-presta-apoio-em-operacao-interestadual-que-resultou-na-prisao-de-tres-pessoas","status":"publish","type":"post","link":"https:\/\/pc.sc.gov.br\/?p=31744","title":{"rendered":"Pol\u00edcia Civil de Santa Catarina presta apoio em opera\u00e7\u00e3o interestadual que resultou na pris\u00e3o de tr\u00eas pessoas"},"content":{"rendered":"\t\t<div data-elementor-type=\"wp-post\" data-elementor-id=\"31744\" class=\"elementor elementor-31744\" data-elementor-post-type=\"post\">\n\t\t\t\t\t\t<section class=\"elementor-section elementor-top-section elementor-element elementor-element-1b8cfc5 elementor-section-boxed elementor-section-height-default elementor-section-height-default\" data-id=\"1b8cfc5\" data-element_type=\"section\">\n\t\t\t\t\t\t<div class=\"elementor-container elementor-column-gap-default\">\n\t\t\t\t\t<div class=\"elementor-column elementor-col-100 elementor-top-column elementor-element elementor-element-ad8cc97\" data-id=\"ad8cc97\" data-element_type=\"column\">\n\t\t\t<div class=\"elementor-widget-wrap elementor-element-populated\">\n\t\t\t\t\t\t<div class=\"elementor-element elementor-element-af52407 elementor-widget elementor-widget-heading\" data-id=\"af52407\" data-element_type=\"widget\" data-widget_type=\"heading.default\">\n\t\t\t\t<div class=\"elementor-widget-container\">\n\t\t\t\t\t<h2 class=\"elementor-heading-title elementor-size-default\">Pol\u00edcia Civil de Santa Catarina presta apoio em opera\u00e7\u00e3o interestadual que resultou na pris\u00e3o de tr\u00eas pessoas <\/h2>\t\t\t\t<\/div>\n\t\t\t\t<\/div>\n\t\t\t\t\t<\/div>\n\t\t<\/div>\n\t\t\t\t\t<\/div>\n\t\t<\/section>\n\t\t\t\t<section class=\"elementor-section elementor-top-section elementor-element elementor-element-c5007e4 elementor-section-boxed elementor-section-height-default elementor-section-height-default\" data-id=\"c5007e4\" data-element_type=\"section\">\n\t\t\t\t\t\t<div class=\"elementor-container elementor-column-gap-default\">\n\t\t\t\t\t<div class=\"elementor-column elementor-col-100 elementor-top-column elementor-element elementor-element-fdc9b62\" data-id=\"fdc9b62\" data-element_type=\"column\">\n\t\t\t<div class=\"elementor-widget-wrap elementor-element-populated\">\n\t\t\t\t\t\t<div class=\"elementor-element elementor-element-72fdc38 elementor-widget elementor-widget-image\" data-id=\"72fdc38\" data-element_type=\"widget\" data-widget_type=\"image.default\">\n\t\t\t\t<div class=\"elementor-widget-container\">\n\t\t\t\t\t\t\t\t\t\t\t\t\t\t\t<img fetchpriority=\"high\" decoding=\"async\" width=\"696\" height=\"903\" src=\"https:\/\/pc.sc.gov.br\/\/wp-content\/uploads\/2025\/09\/WhatsApp-Image-2025-09-02-at-14.44.40-e1756836291294-789x1024.jpeg\" class=\"attachment-large size-large wp-image-31748\" alt=\"\" srcset=\"https:\/\/pc.sc.gov.br\/\/wp-content\/uploads\/2025\/09\/WhatsApp-Image-2025-09-02-at-14.44.40-e1756836291294-789x1024.jpeg 789w, https:\/\/pc.sc.gov.br\/\/wp-content\/uploads\/2025\/09\/WhatsApp-Image-2025-09-02-at-14.44.40-e1756836291294-231x300.jpeg 231w, https:\/\/pc.sc.gov.br\/\/wp-content\/uploads\/2025\/09\/WhatsApp-Image-2025-09-02-at-14.44.40-e1756836291294-768x996.jpeg 768w, https:\/\/pc.sc.gov.br\/\/wp-content\/uploads\/2025\/09\/WhatsApp-Image-2025-09-02-at-14.44.40-e1756836291294-1184x1536.jpeg 1184w, https:\/\/pc.sc.gov.br\/\/wp-content\/uploads\/2025\/09\/WhatsApp-Image-2025-09-02-at-14.44.40-e1756836291294.jpeg 1200w\" sizes=\"(max-width: 696px) 100vw, 696px\" \/>\t\t\t\t\t\t\t\t\t\t\t\t\t\t\t<\/div>\n\t\t\t\t<\/div>\n\t\t\t\t\t<\/div>\n\t\t<\/div>\n\t\t\t\t\t<\/div>\n\t\t<\/section>\n\t\t\t\t<section class=\"elementor-section elementor-top-section elementor-element elementor-element-657fe83 elementor-section-boxed elementor-section-height-default elementor-section-height-default\" data-id=\"657fe83\" data-element_type=\"section\">\n\t\t\t\t\t\t<div class=\"elementor-container elementor-column-gap-default\">\n\t\t\t\t\t<div class=\"elementor-column elementor-col-100 elementor-top-column elementor-element elementor-element-25a2bce\" data-id=\"25a2bce\" data-element_type=\"column\">\n\t\t\t<div class=\"elementor-widget-wrap elementor-element-populated\">\n\t\t\t\t\t\t<div class=\"elementor-element elementor-element-0050a2b elementor-widget elementor-widget-post-info\" data-id=\"0050a2b\" data-element_type=\"widget\" data-widget_type=\"post-info.default\">\n\t\t\t\t<div class=\"elementor-widget-container\">\n\t\t\t\t\t\t\t<ul class=\"elementor-inline-items elementor-icon-list-items elementor-post-info\">\n\t\t\t\t\t\t\t\t<li class=\"elementor-icon-list-item elementor-repeater-item-1ba5dc5 elementor-inline-item\" itemprop=\"author\">\n\t\t\t\t\t\t<a href=\"https:\/\/pc.sc.gov.br\/?author=5\">\n\t\t\t\t\t\t\t\t\t\t\t<span class=\"elementor-icon-list-icon\">\n\t\t\t\t\t\t\t\t<i aria-hidden=\"true\" class=\"far fa-user-circle\"><\/i>\t\t\t\t\t\t\t<\/span>\n\t\t\t\t\t\t\t\t\t<span class=\"elementor-icon-list-text elementor-post-info__item elementor-post-info__item--type-author\">\n\t\t\t\t\t\t\t\t\t\tStefany de Souza Alves\t\t\t\t\t<\/span>\n\t\t\t\t\t\t\t\t\t<\/a>\n\t\t\t\t<\/li>\n\t\t\t\t<li class=\"elementor-icon-list-item elementor-repeater-item-6a47cce elementor-inline-item\" itemprop=\"datePublished\">\n\t\t\t\t\t\t<a href=\"https:\/\/pc.sc.gov.br\/?m=20250902\">\n\t\t\t\t\t\t\t\t\t\t\t<span class=\"elementor-icon-list-icon\">\n\t\t\t\t\t\t\t\t<i aria-hidden=\"true\" class=\"fas fa-calendar\"><\/i>\t\t\t\t\t\t\t<\/span>\n\t\t\t\t\t\t\t\t\t<span class=\"elementor-icon-list-text elementor-post-info__item elementor-post-info__item--type-date\">\n\t\t\t\t\t\t\t\t\t\t<time>setembro 2, 2025<\/time>\t\t\t\t\t<\/span>\n\t\t\t\t\t\t\t\t\t<\/a>\n\t\t\t\t<\/li>\n\t\t\t\t<li class=\"elementor-icon-list-item elementor-repeater-item-06011ee elementor-inline-item\">\n\t\t\t\t\t\t\t\t\t\t<span class=\"elementor-icon-list-icon\">\n\t\t\t\t\t\t\t\t<i aria-hidden=\"true\" class=\"far fa-clock\"><\/i>\t\t\t\t\t\t\t<\/span>\n\t\t\t\t\t\t\t\t\t<span class=\"elementor-icon-list-text elementor-post-info__item elementor-post-info__item--type-time\">\n\t\t\t\t\t\t\t\t\t\t<time>3:03 pm<\/time>\t\t\t\t\t<\/span>\n\t\t\t\t\t\t\t\t<\/li>\n\t\t\t\t<\/ul>\n\t\t\t\t\t\t<\/div>\n\t\t\t\t<\/div>\n\t\t\t\t<div class=\"elementor-element elementor-element-8f521fd elementor-widget elementor-widget-text-editor\" data-id=\"8f521fd\" data-element_type=\"widget\" data-widget_type=\"text-editor.default\">\n\t\t\t\t<div class=\"elementor-widget-container\">\n\t\t\t\t\t\t\t\t\t<p>A Pol\u00edcia Civil de Santa Catarina, por meio da Delegacia de Abelardo Luz, participou da Opera\u00e7\u00e3o \u201cRastro do Cofre\u201d, deflagrada pela Pol\u00edcia Civil do Paran\u00e1 contra um grupo especializado em arrombamentos de cofres em estabelecimentos comerciais, no Sudoeste do Paran\u00e1. Foram cumpridos tr\u00eas mandados de pris\u00e3o e cinco mandados de busca e apreens\u00e3o contra o grupo criminoso, na tarde de ontem (01\/09).<\/p><p>As investiga\u00e7\u00f5es revelaram que o grupo agiria mais uma vez nesta segunda-feira, sendo impedidos pela atua\u00e7\u00e3o das for\u00e7as de seguran\u00e7a. As investiga\u00e7\u00f5es tiveram in\u00edcio ap\u00f3s uma s\u00e9rie de arrombamentos que vitimaram empresas no munic\u00edpio de Palmas\/PR. Durante os trabalhos investigativos, os policiais conseguiram identificar que o mesmo grupo criminoso tamb\u00e9m havia atuado em Chopinzinho\/PR e em uma cidade do oeste de Santa Catarina, revelando um padr\u00e3o de atua\u00e7\u00e3o interestadual.<\/p><p>\u00a0A complexidade da investiga\u00e7\u00e3o exigiu uma articula\u00e7\u00e3o entre diferentes for\u00e7as policiais, demonstrando a efic\u00e1cia da coopera\u00e7\u00e3o interinstitucional no combate ao crime.<\/p><p>\u00a0A opera\u00e7\u00e3o representa mais um importante resultado do trabalho de integra\u00e7\u00e3o entre as for\u00e7as, refor\u00e7ando o compromisso das institui\u00e7\u00f5es com a seguran\u00e7a p\u00fablica e o combate aos crimes patrimoniais que afetam o setor empresarial da regi\u00e3o.<\/p><p>A opera\u00e7\u00e3o contou com o apoio da Pol\u00edcia Militar do Paran\u00e1. \u00a0<\/p>\t\t\t\t\t\t\t\t<\/div>\n\t\t\t\t<\/div>\n\t\t\t\t\t<\/div>\n\t\t<\/div>\n\t\t\t\t\t<\/div>\n\t\t<\/section>\n\t\t\t\t<\/div>\n\t\t","protected":false},"excerpt":{"rendered":"<p>Pol\u00edcia Civil de Santa Catarina presta apoio em opera\u00e7\u00e3o interestadual que resultou na pris\u00e3o de tr\u00eas pessoas A Pol\u00edcia Civil de Santa Catarina, por meio da Delegacia de Abelardo Luz, participou da Opera\u00e7\u00e3o \u201cRastro do Cofre\u201d, deflagrada pela Pol\u00edcia Civil do Paran\u00e1 contra um grupo especializado em arrombamentos de cofres em estabelecimentos comerciais, no Sudoeste [&hellip;]<\/p>\n","protected":false},"author":5,"featured_media":31748,"comment_status":"closed","ping_status":"open","sticky":false,"template":"","format":"standard","meta":{"_monsterinsights_skip_tracking":false,"_monsterinsights_sitenote_active":false,"_monsterinsights_sitenote_note":"","_monsterinsights_sitenote_category":0,"footnotes":""},"categories":[1],"tags":[],"class_list":["post-31744","post","type-post","status-publish","format-standard","has-post-thumbnail","hentry","category-sem-categoria"],"_links":{"self":[{"href":"https:\/\/pc.sc.gov.br\/index.php?rest_route=\/wp\/v2\/posts\/31744","targetHints":{"allow":["GET"]}}],"collection":[{"href":"https:\/\/pc.sc.gov.br\/index.php?rest_route=\/wp\/v2\/posts"}],"about":[{"href":"https:\/\/pc.sc.gov.br\/index.php?rest_route=\/wp\/v2\/types\/post"}],"author":[{"embeddable":true,"href":"https:\/\/pc.sc.gov.br\/index.php?rest_route=\/wp\/v2\/users\/5"}],"replies":[{"embeddable":true,"href":"https:\/\/pc.sc.gov.br\/index.php?rest_route=%2Fwp%2Fv2%2Fcomments&post=31744"}],"version-history":[{"count":4,"href":"https:\/\/pc.sc.gov.br\/index.php?rest_route=\/wp\/v2\/posts\/31744\/revisions"}],"predecessor-version":[{"id":31758,"href":"https:\/\/pc.sc.gov.br\/index.php?rest_route=\/wp\/v2\/posts\/31744\/revisions\/31758"}],"wp:featuredmedia":[{"embeddable":true,"href":"https:\/\/pc.sc.gov.br\/index.php?rest_route=\/wp\/v2\/media\/31748"}],"wp:attachment":[{"href":"https:\/\/pc.sc.gov.br\/index.php?rest_route=%2Fwp%2Fv2%2Fmedia&parent=31744"}],"wp:term":[{"taxonomy":"category","embeddable":true,"href":"https:\/\/pc.sc.gov.br\/index.php?rest_route=%2Fwp%2Fv2%2Fcategories&post=31744"},{"taxonomy":"post_tag","embeddable":true,"href":"https:\/\/pc.sc.gov.br\/index.php?rest_route=%2Fwp%2Fv2%2Ftags&post=31744"}],"curies":[{"name":"wp","href":"https:\/\/api.w.org\/{rel}","templated":true}]}}