{"id":3175,"date":"2022-12-28T15:28:16","date_gmt":"2022-12-28T18:28:16","guid":{"rendered":"https:\/\/pc.sc.gov.br\/?p=3175"},"modified":"2022-12-28T15:33:32","modified_gmt":"2022-12-28T18:33:32","slug":"lei-que-autoriza-ingresso-transito-e-permanencia-de-caes-de-servico-em-espacos-publicos-e-estabelecimentos-e-sancionada-pelo-governo-do-estado","status":"publish","type":"post","link":"https:\/\/pc.sc.gov.br\/?p=3175","title":{"rendered":"Lei que autoriza ingresso, tr\u00e2nsito e perman\u00eancia de c\u00e3es de servi\u00e7o em espa\u00e7os p\u00fablicos e estabelecimentos \u00e9 sancionada pelo Governo do Estado"},"content":{"rendered":"\t\t<div data-elementor-type=\"wp-post\" data-elementor-id=\"3175\" class=\"elementor elementor-3175\" data-elementor-post-type=\"post\">\n\t\t\t\t\t\t<section class=\"elementor-section elementor-top-section elementor-element elementor-element-66de26e elementor-section-boxed elementor-section-height-default elementor-section-height-default\" data-id=\"66de26e\" data-element_type=\"section\">\n\t\t\t\t\t\t<div class=\"elementor-container elementor-column-gap-default\">\n\t\t\t\t\t<div class=\"elementor-column elementor-col-100 elementor-top-column elementor-element elementor-element-772ea23\" data-id=\"772ea23\" data-element_type=\"column\">\n\t\t\t<div class=\"elementor-widget-wrap elementor-element-populated\">\n\t\t\t\t\t\t<div class=\"elementor-element elementor-element-f5de719 elementor-widget elementor-widget-heading\" data-id=\"f5de719\" data-element_type=\"widget\" data-widget_type=\"heading.default\">\n\t\t\t\t<div class=\"elementor-widget-container\">\n\t\t\t\t\t<h2 class=\"elementor-heading-title elementor-size-default\">Lei que autoriza ingresso, tr\u00e2nsito e perman\u00eancia de c\u00e3es de servi\u00e7o em espa\u00e7os p\u00fablicos e estabelecimentos \u00e9 sancionada pelo Governo do Estado\n<\/h2>\t\t\t\t<\/div>\n\t\t\t\t<\/div>\n\t\t\t\t<div class=\"elementor-element elementor-element-c61d308 elementor-widget elementor-widget-image\" data-id=\"c61d308\" data-element_type=\"widget\" data-widget_type=\"image.default\">\n\t\t\t\t<div class=\"elementor-widget-container\">\n\t\t\t\t\t\t\t\t\t\t\t\t\t\t\t<img fetchpriority=\"high\" decoding=\"async\" width=\"669\" height=\"458\" src=\"https:\/\/pc.sc.gov.br\/\/wp-content\/uploads\/2022\/12\/PC_SDB-J-BNDJFNDFKJLNDSKGJLNFDGKLFNDK.jpg\" class=\"attachment-large size-large wp-image-3176\" alt=\"\" srcset=\"https:\/\/pc.sc.gov.br\/\/wp-content\/uploads\/2022\/12\/PC_SDB-J-BNDJFNDFKJLNDSKGJLNFDGKLFNDK.jpg 669w, https:\/\/pc.sc.gov.br\/\/wp-content\/uploads\/2022\/12\/PC_SDB-J-BNDJFNDFKJLNDSKGJLNFDGKLFNDK-300x205.jpg 300w\" sizes=\"(max-width: 669px) 100vw, 669px\" \/>\t\t\t\t\t\t\t\t\t\t\t\t\t\t\t<\/div>\n\t\t\t\t<\/div>\n\t\t\t\t<div class=\"elementor-element elementor-element-be65d29 elementor-widget elementor-widget-text-editor\" data-id=\"be65d29\" data-element_type=\"widget\" data-widget_type=\"text-editor.default\">\n\t\t\t\t<div class=\"elementor-widget-container\">\n\t\t\t\t\t\t\t\t\t<p>O governador do Estado de Santa Catarina, Carlos Mois\u00e9s da Silva, sancionou a Lei Estadual n. 18.572, de 23 de dezembro de 2022, que disp\u00f5e sobre o direito de os servidores p\u00fablicos dos \u00f3rg\u00e3os e das institui\u00e7\u00f5es integrantes do Colegiado Superior de Seguran\u00e7a P\u00fablica e Per\u00edcia Oficial e da Secretaria de Estado da Administra\u00e7\u00e3o Prisional e Socioeducativa que exer\u00e7am atividades de treinamento com c\u00e3es de servi\u00e7o ingressarem, transitarem e permanecerem com os animais em meios de transporte p\u00fablico, espa\u00e7os p\u00fablicos e estabelecimentos p\u00fablicos ou privados. A lei foi publicada no Di\u00e1rio Oficial Eletr\u00f4nico de Santa Catarina do dia 26 de dezembro de 2022.<\/p><p>Em s\u00edntese, a lei vai permitir potencializar a socializa\u00e7\u00e3o e o treinamento dos c\u00e3es de modo geral, uma vez que d\u00e1 praticamente todas as prerrogativas de que disp\u00f5em os c\u00e3es-guia e os c\u00e3es de assist\u00eancia.<span style=\"font-family: var( --e-global-typography-primary-font-family ), Sans-serif; font-size: var( --e-global-typography-primary-font-size ); font-weight: var( --e-global-typography-primary-font-weight ); letter-spacing: var( --e-global-typography-primary-letter-spacing );\">&nbsp;<\/span><\/p><p>Segundo o agente de Pol\u00edcia Civil de Santa Catarina, J\u00falio C\u00e9sar Saldanha Gon\u00e7alves, idealizador do projeto que teve origem no Canil Central da Pol\u00edcia Civil de Santa Catarina, no caso dos estabelecimentos privados referidos no texto da lei, ainda que muitos sejam \u201cpet friendly\u201d, alguns n\u00e3o permitem a entrada de c\u00e3es ou, quando permitem, limitam o tamanho ou exigem que sejam transportados dentro de carrinhos.<span style=\"font-family: var( --e-global-typography-primary-font-family ), Sans-serif; font-size: var( --e-global-typography-primary-font-size ); font-weight: var( --e-global-typography-primary-font-weight ); letter-spacing: var( --e-global-typography-primary-letter-spacing );\">&nbsp;<\/span><\/p><p>\u201cQuando se trata de aprimorar o treinamento dos c\u00e3es empregados na seguran\u00e7a p\u00fablica, os gestores desses estabelecimentos e as pessoas que neles circulam precisam se perceber como sujeitos de direitos. Ou seja, tamb\u00e9m ser\u00e3o beneficiados com a maior efetividade operacional desses c\u00e3es\u201d, explica o agente de Pol\u00edcia J\u00falio C\u00e9sar Saldanha Gon\u00e7alves.<\/p><p>Para ingressarem nos locais com os c\u00e3es, os tutores devem apresentar a carteira de sa\u00fade do c\u00e3o e identifica\u00e7\u00e3o visual (colete no c\u00e3o ou, alternativamente, identifica\u00e7\u00e3o do tutor).<span style=\"font-family: var( --e-global-typography-primary-font-family ), Sans-serif; font-size: var( --e-global-typography-primary-font-size ); font-weight: var( --e-global-typography-primary-font-weight ); letter-spacing: var( --e-global-typography-primary-letter-spacing );\">&nbsp;<\/span><\/p><p>Segundo o texto da Lei Estadual n. 18.572\/ 2022, o treinamento de c\u00e3es de servi\u00e7o \u00e9 considerado atividade profissional de interesse p\u00fablico e qualquer a\u00e7\u00e3o que vise impedir ou dificultar o exerc\u00edcio do direito previsto na referida lei sujeitar\u00e1 os infratores \u00e0s san\u00e7\u00f5es previstas na legisla\u00e7\u00e3o penal. Ressalta-se ainda que o direito n\u00e3o inclui o acesso, tr\u00e2nsito ou perman\u00eancia dos c\u00e3es de servi\u00e7o em estabelecimento de sa\u00fade.<\/p>\t\t\t\t\t\t\t\t<\/div>\n\t\t\t\t<\/div>\n\t\t\t\t\t<\/div>\n\t\t<\/div>\n\t\t\t\t\t<\/div>\n\t\t<\/section>\n\t\t\t\t<\/div>\n\t\t","protected":false},"excerpt":{"rendered":"<p>Lei que autoriza ingresso, tr\u00e2nsito e perman\u00eancia de c\u00e3es de servi\u00e7o em espa\u00e7os p\u00fablicos e estabelecimentos \u00e9 sancionada pelo Governo do Estado O governador do Estado de Santa Catarina, Carlos Mois\u00e9s da Silva, sancionou a Lei Estadual n. 18.572, de 23 de dezembro de 2022, que disp\u00f5e sobre o direito de os servidores p\u00fablicos dos [&hellip;]<\/p>\n","protected":false},"author":5,"featured_media":3176,"comment_status":"closed","ping_status":"open","sticky":false,"template":"","format":"standard","meta":{"_monsterinsights_skip_tracking":false,"_monsterinsights_sitenote_active":false,"_monsterinsights_sitenote_note":"","_monsterinsights_sitenote_category":0,"footnotes":""},"categories":[1],"tags":[],"class_list":["post-3175","post","type-post","status-publish","format-standard","has-post-thumbnail","hentry","category-sem-categoria"],"_links":{"self":[{"href":"https:\/\/pc.sc.gov.br\/index.php?rest_route=\/wp\/v2\/posts\/3175","targetHints":{"allow":["GET"]}}],"collection":[{"href":"https:\/\/pc.sc.gov.br\/index.php?rest_route=\/wp\/v2\/posts"}],"about":[{"href":"https:\/\/pc.sc.gov.br\/index.php?rest_route=\/wp\/v2\/types\/post"}],"author":[{"embeddable":true,"href":"https:\/\/pc.sc.gov.br\/index.php?rest_route=\/wp\/v2\/users\/5"}],"replies":[{"embeddable":true,"href":"https:\/\/pc.sc.gov.br\/index.php?rest_route=%2Fwp%2Fv2%2Fcomments&post=3175"}],"version-history":[{"count":7,"href":"https:\/\/pc.sc.gov.br\/index.php?rest_route=\/wp\/v2\/posts\/3175\/revisions"}],"predecessor-version":[{"id":3185,"href":"https:\/\/pc.sc.gov.br\/index.php?rest_route=\/wp\/v2\/posts\/3175\/revisions\/3185"}],"wp:featuredmedia":[{"embeddable":true,"href":"https:\/\/pc.sc.gov.br\/index.php?rest_route=\/wp\/v2\/media\/3176"}],"wp:attachment":[{"href":"https:\/\/pc.sc.gov.br\/index.php?rest_route=%2Fwp%2Fv2%2Fmedia&parent=3175"}],"wp:term":[{"taxonomy":"category","embeddable":true,"href":"https:\/\/pc.sc.gov.br\/index.php?rest_route=%2Fwp%2Fv2%2Fcategories&post=3175"},{"taxonomy":"post_tag","embeddable":true,"href":"https:\/\/pc.sc.gov.br\/index.php?rest_route=%2Fwp%2Fv2%2Ftags&post=3175"}],"curies":[{"name":"wp","href":"https:\/\/api.w.org\/{rel}","templated":true}]}}