{"id":31765,"date":"2025-09-02T17:13:52","date_gmt":"2025-09-02T20:13:52","guid":{"rendered":"https:\/\/www.pc.sc.gov.br\/?p=31765"},"modified":"2025-09-02T17:31:55","modified_gmt":"2025-09-02T20:31:55","slug":"policia-civil-deflagra-operacao-interestadual-tower-heist-em-investigacao-a-organizacao-criminosa-especializada-em-furto-a-joalherias","status":"publish","type":"post","link":"https:\/\/pc.sc.gov.br\/?p=31765","title":{"rendered":"Pol\u00edcia Civil deflagra opera\u00e7\u00e3o interestadual \u201cTower Heist\u201d em investiga\u00e7\u00e3o \u00e0 organiza\u00e7\u00e3o criminosa especializada em furto a joalherias"},"content":{"rendered":"\t\t<div data-elementor-type=\"wp-post\" data-elementor-id=\"31765\" class=\"elementor elementor-31765\" data-elementor-post-type=\"post\">\n\t\t\t\t\t\t<section class=\"elementor-section elementor-top-section elementor-element elementor-element-622ee30 elementor-section-boxed elementor-section-height-default elementor-section-height-default\" data-id=\"622ee30\" data-element_type=\"section\">\n\t\t\t\t\t\t<div class=\"elementor-container elementor-column-gap-default\">\n\t\t\t\t\t<div class=\"elementor-column elementor-col-100 elementor-top-column elementor-element elementor-element-a591ea7\" data-id=\"a591ea7\" data-element_type=\"column\">\n\t\t\t<div class=\"elementor-widget-wrap elementor-element-populated\">\n\t\t\t\t\t\t<div class=\"elementor-element elementor-element-e39da0d elementor-widget elementor-widget-heading\" data-id=\"e39da0d\" data-element_type=\"widget\" data-widget_type=\"heading.default\">\n\t\t\t\t<div class=\"elementor-widget-container\">\n\t\t\t\t\t<h2 class=\"elementor-heading-title elementor-size-default\">Pol\u00edcia Civil deflagra opera\u00e7\u00e3o interestadual \u201cTower Heist\u201d em investiga\u00e7\u00e3o \u00e0 organiza\u00e7\u00e3o criminosa especializada em furto a joalherias<\/h2>\t\t\t\t<\/div>\n\t\t\t\t<\/div>\n\t\t\t\t\t<\/div>\n\t\t<\/div>\n\t\t\t\t\t<\/div>\n\t\t<\/section>\n\t\t\t\t<section class=\"elementor-section elementor-top-section elementor-element elementor-element-ab64c79 elementor-section-boxed elementor-section-height-default elementor-section-height-default\" data-id=\"ab64c79\" data-element_type=\"section\">\n\t\t\t\t\t\t<div class=\"elementor-container elementor-column-gap-default\">\n\t\t\t\t\t<div class=\"elementor-column elementor-col-100 elementor-top-column elementor-element elementor-element-b95f790\" data-id=\"b95f790\" data-element_type=\"column\">\n\t\t\t<div class=\"elementor-widget-wrap elementor-element-populated\">\n\t\t\t\t\t\t<div class=\"elementor-element elementor-element-88c8f13 elementor-widget elementor-widget-image\" data-id=\"88c8f13\" data-element_type=\"widget\" data-widget_type=\"image.default\">\n\t\t\t\t<div class=\"elementor-widget-container\">\n\t\t\t\t\t\t\t\t\t\t\t\t\t\t\t<img fetchpriority=\"high\" decoding=\"async\" width=\"576\" height=\"1024\" src=\"https:\/\/pc.sc.gov.br\/\/wp-content\/uploads\/2025\/09\/WhatsApp-Image-2025-09-02-at-17.02.04-576x1024.jpeg\" class=\"attachment-large size-large wp-image-31769\" alt=\"\" srcset=\"https:\/\/pc.sc.gov.br\/\/wp-content\/uploads\/2025\/09\/WhatsApp-Image-2025-09-02-at-17.02.04-576x1024.jpeg 576w, https:\/\/pc.sc.gov.br\/\/wp-content\/uploads\/2025\/09\/WhatsApp-Image-2025-09-02-at-17.02.04-169x300.jpeg 169w, https:\/\/pc.sc.gov.br\/\/wp-content\/uploads\/2025\/09\/WhatsApp-Image-2025-09-02-at-17.02.04.jpeg 720w\" sizes=\"(max-width: 576px) 100vw, 576px\" \/>\t\t\t\t\t\t\t\t\t\t\t\t\t\t\t<\/div>\n\t\t\t\t<\/div>\n\t\t\t\t<div class=\"elementor-element elementor-element-5920a8e elementor-widget elementor-widget-post-info\" data-id=\"5920a8e\" data-element_type=\"widget\" data-widget_type=\"post-info.default\">\n\t\t\t\t<div class=\"elementor-widget-container\">\n\t\t\t\t\t\t\t<ul class=\"elementor-inline-items elementor-icon-list-items elementor-post-info\">\n\t\t\t\t\t\t\t\t<li class=\"elementor-icon-list-item elementor-repeater-item-5d6a2b2 elementor-inline-item\" itemprop=\"author\">\n\t\t\t\t\t\t<a href=\"https:\/\/pc.sc.gov.br\/?author=5\">\n\t\t\t\t\t\t\t\t\t\t\t<span class=\"elementor-icon-list-icon\">\n\t\t\t\t\t\t\t\t<i aria-hidden=\"true\" class=\"far fa-user-circle\"><\/i>\t\t\t\t\t\t\t<\/span>\n\t\t\t\t\t\t\t\t\t<span class=\"elementor-icon-list-text elementor-post-info__item elementor-post-info__item--type-author\">\n\t\t\t\t\t\t\t\t\t\tStefany de Souza Alves\t\t\t\t\t<\/span>\n\t\t\t\t\t\t\t\t\t<\/a>\n\t\t\t\t<\/li>\n\t\t\t\t<li class=\"elementor-icon-list-item elementor-repeater-item-1587d82 elementor-inline-item\" itemprop=\"datePublished\">\n\t\t\t\t\t\t<a href=\"https:\/\/pc.sc.gov.br\/?m=20250902\">\n\t\t\t\t\t\t\t\t\t\t\t<span class=\"elementor-icon-list-icon\">\n\t\t\t\t\t\t\t\t<i aria-hidden=\"true\" class=\"fas fa-calendar\"><\/i>\t\t\t\t\t\t\t<\/span>\n\t\t\t\t\t\t\t\t\t<span class=\"elementor-icon-list-text elementor-post-info__item elementor-post-info__item--type-date\">\n\t\t\t\t\t\t\t\t\t\t<time>setembro 2, 2025<\/time>\t\t\t\t\t<\/span>\n\t\t\t\t\t\t\t\t\t<\/a>\n\t\t\t\t<\/li>\n\t\t\t\t<li class=\"elementor-icon-list-item elementor-repeater-item-afdcd1c elementor-inline-item\">\n\t\t\t\t\t\t\t\t\t\t<span class=\"elementor-icon-list-icon\">\n\t\t\t\t\t\t\t\t<i aria-hidden=\"true\" class=\"far fa-clock\"><\/i>\t\t\t\t\t\t\t<\/span>\n\t\t\t\t\t\t\t\t\t<span class=\"elementor-icon-list-text elementor-post-info__item elementor-post-info__item--type-time\">\n\t\t\t\t\t\t\t\t\t\t<time>5:13 pm<\/time>\t\t\t\t\t<\/span>\n\t\t\t\t\t\t\t\t<\/li>\n\t\t\t\t<\/ul>\n\t\t\t\t\t\t<\/div>\n\t\t\t\t<\/div>\n\t\t\t\t\t<\/div>\n\t\t<\/div>\n\t\t\t\t\t<\/div>\n\t\t<\/section>\n\t\t\t\t<section class=\"elementor-section elementor-top-section elementor-element elementor-element-da614d5 elementor-section-boxed elementor-section-height-default elementor-section-height-default\" data-id=\"da614d5\" data-element_type=\"section\">\n\t\t\t\t\t\t<div class=\"elementor-container elementor-column-gap-default\">\n\t\t\t\t\t<div class=\"elementor-column elementor-col-100 elementor-top-column elementor-element elementor-element-0e11398\" data-id=\"0e11398\" data-element_type=\"column\">\n\t\t\t<div class=\"elementor-widget-wrap elementor-element-populated\">\n\t\t\t\t\t\t<div class=\"elementor-element elementor-element-0e99a19 elementor-widget elementor-widget-text-editor\" data-id=\"0e99a19\" data-element_type=\"widget\" data-widget_type=\"text-editor.default\">\n\t\t\t\t<div class=\"elementor-widget-container\">\n\t\t\t\t\t\t\t\t\t<p>Nesta ter\u00e7a-feira (02\/09), a Pol\u00edcia Civil de Santa Catarina, por meio da Delegacia de Investiga\u00e7\u00e3o dos Crimes Contra a Fazenda P\u00fablica da Diretoria Estadual de Investiga\u00e7\u00f5es Criminais (DFAZ\/DEIC), com apoio das Pol\u00edcias Civis do Paran\u00e1 e do Rio Grande do Sul, deflagrou a opera\u00e7\u00e3o \u201cTower Heist\u201d, em investiga\u00e7\u00e3o com objetivo de desmantelar uma associa\u00e7\u00e3o criminosa especializada em furto a joalherias. Ressalta-se o apoio tamb\u00e9m prestado pela Pol\u00edcia Civil de Goi\u00e1s na investiga\u00e7\u00e3o.<\/p>\n<p>Foram cumpridos 40 mandados de busca e apreens\u00e3o e seis mandados de pris\u00e3o tempor\u00e1ria, em desfavor de investigados pelos crimes de furto, lavagem de dinheiro e organiza\u00e7\u00e3o criminosa. Tr\u00eas pessoas foram presas na Grande Curitiba, uma em Barra Velha (SC) e outra em Porto Alegre (RS). Um dos mandados de pris\u00e3o n\u00e3o foi cumprido. &nbsp;Foram apreendidos objetos utilizados para as pr\u00e1ticas dos crimes, joias, drones, ve\u00edculos, entre outros objetos, que seguir\u00e3o para an\u00e1lise e continuidade do inqu\u00e9rito policial.<\/p>\n<p>A investiga\u00e7\u00e3o come\u00e7ou em 2023, quando ocorreu o furto \u00e0 joalheria. Desde ent\u00e3o, foram apuradas v\u00e1rias possibilidades e indiciados todos os envolvidos. No decorrer da investiga\u00e7\u00e3o, foi identificado que os mesmos suspeitos, em conjunto com outros de Curitiba, praticaram crimes em diversos estados do Brasil.<\/p>\t\t\t\t\t\t\t\t<\/div>\n\t\t\t\t<\/div>\n\t\t\t\t\t<\/div>\n\t\t<\/div>\n\t\t\t\t\t<\/div>\n\t\t<\/section>\n\t\t\t\t<\/div>\n\t\t","protected":false},"excerpt":{"rendered":"<p>Pol\u00edcia Civil deflagra opera\u00e7\u00e3o interestadual \u201cTower Heist\u201d em investiga\u00e7\u00e3o \u00e0 organiza\u00e7\u00e3o criminosa especializada em furto a joalherias Nesta ter\u00e7a-feira (02\/09), a Pol\u00edcia Civil de Santa Catarina, por meio da Delegacia de Investiga\u00e7\u00e3o dos Crimes Contra a Fazenda P\u00fablica da Diretoria Estadual de Investiga\u00e7\u00f5es Criminais (DFAZ\/DEIC), com apoio das Pol\u00edcias Civis do Paran\u00e1 e do Rio [&hellip;]<\/p>\n","protected":false},"author":5,"featured_media":31769,"comment_status":"closed","ping_status":"open","sticky":false,"template":"","format":"standard","meta":{"_monsterinsights_skip_tracking":false,"_monsterinsights_sitenote_active":false,"_monsterinsights_sitenote_note":"","_monsterinsights_sitenote_category":0,"footnotes":""},"categories":[1],"tags":[],"class_list":["post-31765","post","type-post","status-publish","format-standard","has-post-thumbnail","hentry","category-sem-categoria"],"_links":{"self":[{"href":"https:\/\/pc.sc.gov.br\/index.php?rest_route=\/wp\/v2\/posts\/31765","targetHints":{"allow":["GET"]}}],"collection":[{"href":"https:\/\/pc.sc.gov.br\/index.php?rest_route=\/wp\/v2\/posts"}],"about":[{"href":"https:\/\/pc.sc.gov.br\/index.php?rest_route=\/wp\/v2\/types\/post"}],"author":[{"embeddable":true,"href":"https:\/\/pc.sc.gov.br\/index.php?rest_route=\/wp\/v2\/users\/5"}],"replies":[{"embeddable":true,"href":"https:\/\/pc.sc.gov.br\/index.php?rest_route=%2Fwp%2Fv2%2Fcomments&post=31765"}],"version-history":[{"count":7,"href":"https:\/\/pc.sc.gov.br\/index.php?rest_route=\/wp\/v2\/posts\/31765\/revisions"}],"predecessor-version":[{"id":31781,"href":"https:\/\/pc.sc.gov.br\/index.php?rest_route=\/wp\/v2\/posts\/31765\/revisions\/31781"}],"wp:featuredmedia":[{"embeddable":true,"href":"https:\/\/pc.sc.gov.br\/index.php?rest_route=\/wp\/v2\/media\/31769"}],"wp:attachment":[{"href":"https:\/\/pc.sc.gov.br\/index.php?rest_route=%2Fwp%2Fv2%2Fmedia&parent=31765"}],"wp:term":[{"taxonomy":"category","embeddable":true,"href":"https:\/\/pc.sc.gov.br\/index.php?rest_route=%2Fwp%2Fv2%2Fcategories&post=31765"},{"taxonomy":"post_tag","embeddable":true,"href":"https:\/\/pc.sc.gov.br\/index.php?rest_route=%2Fwp%2Fv2%2Ftags&post=31765"}],"curies":[{"name":"wp","href":"https:\/\/api.w.org\/{rel}","templated":true}]}}