{"id":31855,"date":"2025-09-04T15:47:13","date_gmt":"2025-09-04T18:47:13","guid":{"rendered":"https:\/\/www.pc.sc.gov.br\/?p=31855"},"modified":"2025-09-04T15:49:36","modified_gmt":"2025-09-04T18:49:36","slug":"policia-civil-participa-de-operacao-de-combate-ao-trafico-de-drogas-no-parana","status":"publish","type":"post","link":"https:\/\/pc.sc.gov.br\/?p=31855","title":{"rendered":"Pol\u00edcia Civil participa de opera\u00e7\u00e3o de combate ao tr\u00e1fico de drogas no Paran\u00e1"},"content":{"rendered":"\t\t<div data-elementor-type=\"wp-post\" data-elementor-id=\"31855\" class=\"elementor elementor-31855\" data-elementor-post-type=\"post\">\n\t\t\t\t\t\t<section class=\"elementor-section elementor-top-section elementor-element elementor-element-76eaccf elementor-section-boxed elementor-section-height-default elementor-section-height-default\" data-id=\"76eaccf\" data-element_type=\"section\">\n\t\t\t\t\t\t<div class=\"elementor-container elementor-column-gap-default\">\n\t\t\t\t\t<div class=\"elementor-column elementor-col-100 elementor-top-column elementor-element elementor-element-f57e0e9\" data-id=\"f57e0e9\" data-element_type=\"column\">\n\t\t\t<div class=\"elementor-widget-wrap elementor-element-populated\">\n\t\t\t\t\t\t<div class=\"elementor-element elementor-element-6718415 elementor-widget elementor-widget-heading\" data-id=\"6718415\" data-element_type=\"widget\" data-widget_type=\"heading.default\">\n\t\t\t\t<div class=\"elementor-widget-container\">\n\t\t\t\t\t<h2 class=\"elementor-heading-title elementor-size-default\">Pol\u00edcia Civil participa de opera\u00e7\u00e3o de combate ao tr\u00e1fico de drogas no Paran\u00e1<\/h2>\t\t\t\t<\/div>\n\t\t\t\t<\/div>\n\t\t\t\t\t<\/div>\n\t\t<\/div>\n\t\t\t\t\t<\/div>\n\t\t<\/section>\n\t\t\t\t<section class=\"elementor-section elementor-top-section elementor-element elementor-element-2e0037c elementor-section-boxed elementor-section-height-default elementor-section-height-default\" data-id=\"2e0037c\" data-element_type=\"section\">\n\t\t\t\t\t\t<div class=\"elementor-container elementor-column-gap-default\">\n\t\t\t\t\t<div class=\"elementor-column elementor-col-100 elementor-top-column elementor-element elementor-element-852bb26\" data-id=\"852bb26\" data-element_type=\"column\">\n\t\t\t<div class=\"elementor-widget-wrap elementor-element-populated\">\n\t\t\t\t\t\t<div class=\"elementor-element elementor-element-a85e5d0 elementor-widget elementor-widget-image\" data-id=\"a85e5d0\" data-element_type=\"widget\" data-widget_type=\"image.default\">\n\t\t\t\t<div class=\"elementor-widget-container\">\n\t\t\t\t\t\t\t\t\t\t\t\t\t\t\t<img fetchpriority=\"high\" decoding=\"async\" width=\"696\" height=\"404\" src=\"https:\/\/pc.sc.gov.br\/\/wp-content\/uploads\/2025\/05\/54556333709_8b72d1c43b_c-e1761332681406.jpg\" class=\"attachment-large size-large wp-image-29110\" alt=\"\" srcset=\"https:\/\/pc.sc.gov.br\/\/wp-content\/uploads\/2025\/05\/54556333709_8b72d1c43b_c-e1761332681406.jpg 789w, https:\/\/pc.sc.gov.br\/\/wp-content\/uploads\/2025\/05\/54556333709_8b72d1c43b_c-e1761332681406-300x174.jpg 300w, https:\/\/pc.sc.gov.br\/\/wp-content\/uploads\/2025\/05\/54556333709_8b72d1c43b_c-e1761332681406-768x446.jpg 768w\" sizes=\"(max-width: 696px) 100vw, 696px\" \/>\t\t\t\t\t\t\t\t\t\t\t\t\t\t\t<\/div>\n\t\t\t\t<\/div>\n\t\t\t\t\t<\/div>\n\t\t<\/div>\n\t\t\t\t\t<\/div>\n\t\t<\/section>\n\t\t\t\t<section class=\"elementor-section elementor-top-section elementor-element elementor-element-af8ffbe elementor-section-boxed elementor-section-height-default elementor-section-height-default\" data-id=\"af8ffbe\" data-element_type=\"section\">\n\t\t\t\t\t\t<div class=\"elementor-container elementor-column-gap-default\">\n\t\t\t\t\t<div class=\"elementor-column elementor-col-100 elementor-top-column elementor-element elementor-element-db203f2\" data-id=\"db203f2\" data-element_type=\"column\">\n\t\t\t<div class=\"elementor-widget-wrap elementor-element-populated\">\n\t\t\t\t\t\t<div class=\"elementor-element elementor-element-956777e elementor-widget elementor-widget-post-info\" data-id=\"956777e\" data-element_type=\"widget\" data-widget_type=\"post-info.default\">\n\t\t\t\t<div class=\"elementor-widget-container\">\n\t\t\t\t\t\t\t<ul class=\"elementor-inline-items elementor-icon-list-items elementor-post-info\">\n\t\t\t\t\t\t\t\t<li class=\"elementor-icon-list-item elementor-repeater-item-789812a elementor-inline-item\" itemprop=\"author\">\n\t\t\t\t\t\t<a href=\"https:\/\/pc.sc.gov.br\/?author=5\">\n\t\t\t\t\t\t\t\t\t\t\t<span class=\"elementor-icon-list-icon\">\n\t\t\t\t\t\t\t\t<i aria-hidden=\"true\" class=\"far fa-user-circle\"><\/i>\t\t\t\t\t\t\t<\/span>\n\t\t\t\t\t\t\t\t\t<span class=\"elementor-icon-list-text elementor-post-info__item elementor-post-info__item--type-author\">\n\t\t\t\t\t\t\t\t\t\tStefany de Souza Alves\t\t\t\t\t<\/span>\n\t\t\t\t\t\t\t\t\t<\/a>\n\t\t\t\t<\/li>\n\t\t\t\t<li class=\"elementor-icon-list-item elementor-repeater-item-dbb7446 elementor-inline-item\" itemprop=\"datePublished\">\n\t\t\t\t\t\t<a href=\"https:\/\/pc.sc.gov.br\/?m=20250904\">\n\t\t\t\t\t\t\t\t\t\t\t<span class=\"elementor-icon-list-icon\">\n\t\t\t\t\t\t\t\t<i aria-hidden=\"true\" class=\"fas fa-calendar\"><\/i>\t\t\t\t\t\t\t<\/span>\n\t\t\t\t\t\t\t\t\t<span class=\"elementor-icon-list-text elementor-post-info__item elementor-post-info__item--type-date\">\n\t\t\t\t\t\t\t\t\t\t<time>setembro 4, 2025<\/time>\t\t\t\t\t<\/span>\n\t\t\t\t\t\t\t\t\t<\/a>\n\t\t\t\t<\/li>\n\t\t\t\t<li class=\"elementor-icon-list-item elementor-repeater-item-df48dcf elementor-inline-item\">\n\t\t\t\t\t\t\t\t\t\t<span class=\"elementor-icon-list-icon\">\n\t\t\t\t\t\t\t\t<i aria-hidden=\"true\" class=\"far fa-clock\"><\/i>\t\t\t\t\t\t\t<\/span>\n\t\t\t\t\t\t\t\t\t<span class=\"elementor-icon-list-text elementor-post-info__item elementor-post-info__item--type-time\">\n\t\t\t\t\t\t\t\t\t\t<time>3:47 pm<\/time>\t\t\t\t\t<\/span>\n\t\t\t\t\t\t\t\t<\/li>\n\t\t\t\t<\/ul>\n\t\t\t\t\t\t<\/div>\n\t\t\t\t<\/div>\n\t\t\t\t<div class=\"elementor-element elementor-element-7e076ca elementor-widget elementor-widget-text-editor\" data-id=\"7e076ca\" data-element_type=\"widget\" data-widget_type=\"text-editor.default\">\n\t\t\t\t<div class=\"elementor-widget-container\">\n\t\t\t\t\t\t\t\t\t<p>A Pol\u00edcia Civil de Santa Catarina, por meio da Delegacia De Investiga\u00e7\u00e3o Criminal (DIC) de S\u00e3o Louren\u00e7o do Oeste\/SC e da Delegacia da Comarca de Campo Er\u00ea\/SC, prestou apoio \u00e0 Pol\u00edcia Civil do Paran\u00e1, durante a \u201cOpera\u00e7\u00e3o Balc\u00e3o\u201d, deflagrada nesta quinta-feira (04\/09). A a\u00e7\u00e3o tem como objetivo desmantelar uma organiza\u00e7\u00e3o criminosa com atua\u00e7\u00e3o no tr\u00e1fico de drogas, com\u00e9rcio ilegal de armas de fogo e lavagem de capitais em Francisco Beltr\u00e3o\/PR e regi\u00e3o sudoeste do Paran\u00e1.<\/p><p>A opera\u00e7\u00e3o tinha por objetivo cumprir mais de uma centena de ordens judiciais, sendo 41 mandados de busca e apreens\u00e3o domiciliar, 14 mandados de pris\u00e3o preventiva, 33 ordens de busca pessoal e 16 bloqueios de contas banc\u00e1rias de pessoas f\u00edsicas e jur\u00eddicas.<\/p><p>Em Santa Catarina, os policiais deram cumprimento a mandado de busca e apreens\u00e3o e mandado de pris\u00e3o preventiva na cidade de Campo Er\u00ea\/SC. Na ocasi\u00e3o, um homem de 31 anos, suspeito de tr\u00e1fico de drogas, foi flagrado em posse de um rev\u00f3lver de calibre .38 SPL e diversas muni\u00e7\u00f5es, sendo autuado em flagrante e conduzido \u00e0 unidade prisional de S\u00e3o Jos\u00e9 do Cedro\/SC.<\/p><p>O nome \u201cOpera\u00e7\u00e3o Balc\u00e3o\u201d foi atribu\u00eddo em raz\u00e3o do modus operandi identificado durante as investiga\u00e7\u00f5es, haja vista que diversos investigados utilizavam bares, conveni\u00eancias e estabelecimentos comerciais como fachada para a pr\u00e1tica do tr\u00e1fico de drogas. Os suspeitos se valiam do espa\u00e7o do balc\u00e3o dos estabelecimentos para realizar entregas, negocia\u00e7\u00f5es e recebimento de valores, simulando atividade comercial l\u00edcita enquanto, na realidade, mantinham intenso com\u00e9rcio de entorpecentes.<\/p><p>As investiga\u00e7\u00f5es iniciaram ap\u00f3s uma apreens\u00e3o ocorrida no Bairro Minigua\u00e7u em fevereiro de 2024, oportunidade em que se logrou \u00eaxito em localizar mais de 1 kg de coca\u00edna e dezenas de muni\u00e7\u00f5es de calibres 9mm e .38. No decorrer das dilig\u00eancias, foi poss\u00edvel identificar a utiliza\u00e7\u00e3o de bares e estabelecimentos comerciais como fachada para a venda de drogas, especialmente coca\u00edna, crack e maconha.<\/p><p>Os delegados que coordenam as investiga\u00e7\u00f5es destacam que a deflagra\u00e7\u00e3o da \u201cOpera\u00e7\u00e3o Balc\u00e3o\u201d na data de hoje representa um duro golpe contra organiza\u00e7\u00f5es criminosas locais. O resultado das dilig\u00eancias de hoje ainda est\u00e1 sendo contabilizado, mas at\u00e9 o momento foram cumpridos 41 mandados de busca e apreens\u00e3o, 14 mandados de pris\u00e3o preventiva, 14 presos em flagrante, \u00a008 armas de fogo e mais de uma centena de muni\u00e7\u00f5es apreendidas, al\u00e9m de apreens\u00e3o de maconha, metanfetamina e coca\u00edna, com destaque para apreens\u00e3o de mais de 2,5kg desta \u00faltima subst\u00e2ncia e apreens\u00e3o de 30 celulares e outros documentos que possibilitar\u00e3o o avan\u00e7o das investiga\u00e7\u00f5es e a confirma\u00e7\u00e3o de elementos informativos j\u00e1 colhidos.<\/p><p>A opera\u00e7\u00e3o contou ainda com o apoio da Pol\u00edcia Penal do Paran\u00e1 e Pol\u00edcia Militar do Paran\u00e1 e contou com a participa\u00e7\u00e3o de cerca de 200 integrantes dos \u00d3rg\u00e3os de Seguran\u00e7a, oriundos de diversas regi\u00f5es do estado.<\/p><p>\u00a0<\/p>\t\t\t\t\t\t\t\t<\/div>\n\t\t\t\t<\/div>\n\t\t\t\t\t<\/div>\n\t\t<\/div>\n\t\t\t\t\t<\/div>\n\t\t<\/section>\n\t\t\t\t<\/div>\n\t\t","protected":false},"excerpt":{"rendered":"<p>Pol\u00edcia Civil participa de opera\u00e7\u00e3o de combate ao tr\u00e1fico de drogas no Paran\u00e1 A Pol\u00edcia Civil de Santa Catarina, por meio da Delegacia De Investiga\u00e7\u00e3o Criminal (DIC) de S\u00e3o Louren\u00e7o do Oeste\/SC e da Delegacia da Comarca de Campo Er\u00ea\/SC, prestou apoio \u00e0 Pol\u00edcia Civil do Paran\u00e1, durante a \u201cOpera\u00e7\u00e3o Balc\u00e3o\u201d, deflagrada nesta quinta-feira (04\/09). [&hellip;]<\/p>\n","protected":false},"author":5,"featured_media":29110,"comment_status":"closed","ping_status":"open","sticky":false,"template":"","format":"standard","meta":{"_monsterinsights_skip_tracking":false,"_monsterinsights_sitenote_active":false,"_monsterinsights_sitenote_note":"","_monsterinsights_sitenote_category":0,"footnotes":""},"categories":[1],"tags":[],"class_list":["post-31855","post","type-post","status-publish","format-standard","has-post-thumbnail","hentry","category-sem-categoria"],"_links":{"self":[{"href":"https:\/\/pc.sc.gov.br\/index.php?rest_route=\/wp\/v2\/posts\/31855","targetHints":{"allow":["GET"]}}],"collection":[{"href":"https:\/\/pc.sc.gov.br\/index.php?rest_route=\/wp\/v2\/posts"}],"about":[{"href":"https:\/\/pc.sc.gov.br\/index.php?rest_route=\/wp\/v2\/types\/post"}],"author":[{"embeddable":true,"href":"https:\/\/pc.sc.gov.br\/index.php?rest_route=\/wp\/v2\/users\/5"}],"replies":[{"embeddable":true,"href":"https:\/\/pc.sc.gov.br\/index.php?rest_route=%2Fwp%2Fv2%2Fcomments&post=31855"}],"version-history":[{"count":4,"href":"https:\/\/pc.sc.gov.br\/index.php?rest_route=\/wp\/v2\/posts\/31855\/revisions"}],"predecessor-version":[{"id":31859,"href":"https:\/\/pc.sc.gov.br\/index.php?rest_route=\/wp\/v2\/posts\/31855\/revisions\/31859"}],"wp:featuredmedia":[{"embeddable":true,"href":"https:\/\/pc.sc.gov.br\/index.php?rest_route=\/wp\/v2\/media\/29110"}],"wp:attachment":[{"href":"https:\/\/pc.sc.gov.br\/index.php?rest_route=%2Fwp%2Fv2%2Fmedia&parent=31855"}],"wp:term":[{"taxonomy":"category","embeddable":true,"href":"https:\/\/pc.sc.gov.br\/index.php?rest_route=%2Fwp%2Fv2%2Fcategories&post=31855"},{"taxonomy":"post_tag","embeddable":true,"href":"https:\/\/pc.sc.gov.br\/index.php?rest_route=%2Fwp%2Fv2%2Ftags&post=31855"}],"curies":[{"name":"wp","href":"https:\/\/api.w.org\/{rel}","templated":true}]}}