{"id":31870,"date":"2025-09-04T16:33:13","date_gmt":"2025-09-04T19:33:13","guid":{"rendered":"https:\/\/www.pc.sc.gov.br\/?p=31870"},"modified":"2025-09-04T16:37:44","modified_gmt":"2025-09-04T19:37:44","slug":"policia-civil-prende-foragido-do-para-e-apreende-35-quilos-de-maconha-em-operacao-nacional-em-camboriu","status":"publish","type":"post","link":"https:\/\/pc.sc.gov.br\/?p=31870","title":{"rendered":"Pol\u00edcia Civil prende foragido do Par\u00e1 e apreende 35 quilos de maconha em Cambori\u00fa"},"content":{"rendered":"\t\t<div data-elementor-type=\"wp-post\" data-elementor-id=\"31870\" class=\"elementor elementor-31870\" data-elementor-post-type=\"post\">\n\t\t\t\t\t\t<section class=\"elementor-section elementor-top-section elementor-element elementor-element-597d8a6 elementor-section-boxed elementor-section-height-default elementor-section-height-default\" data-id=\"597d8a6\" data-element_type=\"section\">\n\t\t\t\t\t\t<div class=\"elementor-container elementor-column-gap-default\">\n\t\t\t\t\t<div class=\"elementor-column elementor-col-100 elementor-top-column elementor-element elementor-element-41242a4\" data-id=\"41242a4\" data-element_type=\"column\">\n\t\t\t<div class=\"elementor-widget-wrap elementor-element-populated\">\n\t\t\t\t\t\t<div class=\"elementor-element elementor-element-83edf8c elementor-widget elementor-widget-heading\" data-id=\"83edf8c\" data-element_type=\"widget\" data-widget_type=\"heading.default\">\n\t\t\t\t<div class=\"elementor-widget-container\">\n\t\t\t\t\t<h2 class=\"elementor-heading-title elementor-size-default\">Pol\u00edcia Civil prende foragido do Par\u00e1 e apreende 35 quilos de maconha em Cambori\u00fa<\/h2>\t\t\t\t<\/div>\n\t\t\t\t<\/div>\n\t\t\t\t\t<\/div>\n\t\t<\/div>\n\t\t\t\t\t<\/div>\n\t\t<\/section>\n\t\t\t\t<section class=\"elementor-section elementor-top-section elementor-element elementor-element-d2641d3 elementor-section-boxed elementor-section-height-default elementor-section-height-default\" data-id=\"d2641d3\" data-element_type=\"section\">\n\t\t\t\t\t\t<div class=\"elementor-container elementor-column-gap-default\">\n\t\t\t\t\t<div class=\"elementor-column elementor-col-100 elementor-top-column elementor-element elementor-element-c7b1d7f\" data-id=\"c7b1d7f\" data-element_type=\"column\">\n\t\t\t<div class=\"elementor-widget-wrap elementor-element-populated\">\n\t\t\t\t\t\t<div class=\"elementor-element elementor-element-84809fe elementor-widget elementor-widget-image\" data-id=\"84809fe\" data-element_type=\"widget\" data-widget_type=\"image.default\">\n\t\t\t\t<div class=\"elementor-widget-container\">\n\t\t\t\t\t\t\t\t\t\t\t\t\t\t\t<img fetchpriority=\"high\" decoding=\"async\" width=\"696\" height=\"816\" src=\"https:\/\/pc.sc.gov.br\/\/wp-content\/uploads\/2025\/09\/WhatsApp-Image-2025-09-04-at-16.26.47-e1757014453854-873x1024.jpeg\" class=\"attachment-large size-large wp-image-31871\" alt=\"\" srcset=\"https:\/\/pc.sc.gov.br\/\/wp-content\/uploads\/2025\/09\/WhatsApp-Image-2025-09-04-at-16.26.47-e1757014453854-873x1024.jpeg 873w, https:\/\/pc.sc.gov.br\/\/wp-content\/uploads\/2025\/09\/WhatsApp-Image-2025-09-04-at-16.26.47-e1757014453854-256x300.jpeg 256w, https:\/\/pc.sc.gov.br\/\/wp-content\/uploads\/2025\/09\/WhatsApp-Image-2025-09-04-at-16.26.47-e1757014453854-768x901.jpeg 768w, https:\/\/pc.sc.gov.br\/\/wp-content\/uploads\/2025\/09\/WhatsApp-Image-2025-09-04-at-16.26.47-e1757014453854.jpeg 960w\" sizes=\"(max-width: 696px) 100vw, 696px\" \/>\t\t\t\t\t\t\t\t\t\t\t\t\t\t\t<\/div>\n\t\t\t\t<\/div>\n\t\t\t\t<div class=\"elementor-element elementor-element-e68318e elementor-widget elementor-widget-post-info\" data-id=\"e68318e\" data-element_type=\"widget\" data-widget_type=\"post-info.default\">\n\t\t\t\t<div class=\"elementor-widget-container\">\n\t\t\t\t\t\t\t<ul class=\"elementor-inline-items elementor-icon-list-items elementor-post-info\">\n\t\t\t\t\t\t\t\t<li class=\"elementor-icon-list-item elementor-repeater-item-4ed80fa elementor-inline-item\" itemprop=\"author\">\n\t\t\t\t\t\t<a href=\"https:\/\/pc.sc.gov.br\/?author=5\">\n\t\t\t\t\t\t\t\t\t\t\t<span class=\"elementor-icon-list-icon\">\n\t\t\t\t\t\t\t\t<i aria-hidden=\"true\" class=\"far fa-user-circle\"><\/i>\t\t\t\t\t\t\t<\/span>\n\t\t\t\t\t\t\t\t\t<span class=\"elementor-icon-list-text elementor-post-info__item elementor-post-info__item--type-author\">\n\t\t\t\t\t\t\t\t\t\tStefany de Souza Alves\t\t\t\t\t<\/span>\n\t\t\t\t\t\t\t\t\t<\/a>\n\t\t\t\t<\/li>\n\t\t\t\t<li class=\"elementor-icon-list-item elementor-repeater-item-af95340 elementor-inline-item\" itemprop=\"datePublished\">\n\t\t\t\t\t\t<a href=\"https:\/\/pc.sc.gov.br\/?m=20250904\">\n\t\t\t\t\t\t\t\t\t\t\t<span class=\"elementor-icon-list-icon\">\n\t\t\t\t\t\t\t\t<i aria-hidden=\"true\" class=\"fas fa-calendar\"><\/i>\t\t\t\t\t\t\t<\/span>\n\t\t\t\t\t\t\t\t\t<span class=\"elementor-icon-list-text elementor-post-info__item elementor-post-info__item--type-date\">\n\t\t\t\t\t\t\t\t\t\t<time>setembro 4, 2025<\/time>\t\t\t\t\t<\/span>\n\t\t\t\t\t\t\t\t\t<\/a>\n\t\t\t\t<\/li>\n\t\t\t\t<li class=\"elementor-icon-list-item elementor-repeater-item-6c24171 elementor-inline-item\">\n\t\t\t\t\t\t\t\t\t\t<span class=\"elementor-icon-list-icon\">\n\t\t\t\t\t\t\t\t<i aria-hidden=\"true\" class=\"far fa-clock\"><\/i>\t\t\t\t\t\t\t<\/span>\n\t\t\t\t\t\t\t\t\t<span class=\"elementor-icon-list-text elementor-post-info__item elementor-post-info__item--type-time\">\n\t\t\t\t\t\t\t\t\t\t<time>4:33 pm<\/time>\t\t\t\t\t<\/span>\n\t\t\t\t\t\t\t\t<\/li>\n\t\t\t\t<\/ul>\n\t\t\t\t\t\t<\/div>\n\t\t\t\t<\/div>\n\t\t\t\t<div class=\"elementor-element elementor-element-b0e88de elementor-widget elementor-widget-text-editor\" data-id=\"b0e88de\" data-element_type=\"widget\" data-widget_type=\"text-editor.default\">\n\t\t\t\t<div class=\"elementor-widget-container\">\n\t\t\t\t\t\t\t\t\t<p>A Pol\u00edcia Civil de Santa Catarina, por meio da delegacia de Balne\u00e1rio Cambori\u00fa, participou nesta quarta-feira (04\/09), da Opera\u00e7\u00e3o \u201cSaldo Devedor 2\u201d, deflagrada pela For\u00e7a Integrada de Combate ao Crime Organizado do Par\u00e1 (FICCO\/PA), com apoio da Pol\u00edcia Federal e de diversas unidades da Pol\u00edcia Civil no pa\u00eds.<\/p><p>Na a\u00e7\u00e3o realizada em Cambori\u00fa, foi cumprido mandado de pris\u00e3o preventiva contra um criminoso que estava foragido do Estado do Par\u00e1 e \u00e9 apontado como integrante de uma organiza\u00e7\u00e3o criminosa ligada ao tr\u00e1fico de drogas, extors\u00f5es e homic\u00eddios.<\/p><p>Durante o cumprimento da ordem judicial, os policiais encontraram na resid\u00eancia do investigado 43 tabletes de maconha, totalizando aproximadamente 35,6 quilos, o que resultou tamb\u00e9m em sua pris\u00e3o em flagrante por tr\u00e1fico il\u00edcito de entorpecentes.<\/p><p>A Opera\u00e7\u00e3o Saldo Devedor 2 foi coordenada pela Vara de Combate ao Crime Organizado de Bel\u00e9m e teve como objetivo desarticular a atua\u00e7\u00e3o de supostos \u201ctesoureiros\u201d da fac\u00e7\u00e3o criminosa, respons\u00e1veis por movimentar recursos do tr\u00e1fico de drogas e outros crimes violentos.<\/p><p>A Pol\u00edcia Civil refor\u00e7a o compromisso das for\u00e7as de seguran\u00e7a em enfrentar o crime organizado de forma integrada e articulada em todo o territ\u00f3rio nacional.<\/p><p>\u00a0<\/p>\t\t\t\t\t\t\t\t<\/div>\n\t\t\t\t<\/div>\n\t\t\t\t\t<\/div>\n\t\t<\/div>\n\t\t\t\t\t<\/div>\n\t\t<\/section>\n\t\t\t\t<section class=\"elementor-section elementor-top-section elementor-element elementor-element-ece8067 elementor-section-boxed elementor-section-height-default elementor-section-height-default\" data-id=\"ece8067\" data-element_type=\"section\">\n\t\t\t\t\t\t<div class=\"elementor-container elementor-column-gap-default\">\n\t\t\t\t\t<div class=\"elementor-column elementor-col-100 elementor-top-column elementor-element elementor-element-c517764\" data-id=\"c517764\" data-element_type=\"column\">\n\t\t\t<div class=\"elementor-widget-wrap elementor-element-populated\">\n\t\t\t\t\t\t<div class=\"elementor-element elementor-element-7a50a58 elementor-widget elementor-widget-gallery\" data-id=\"7a50a58\" data-element_type=\"widget\" data-settings=\"{&quot;columns&quot;:2,&quot;lazyload&quot;:&quot;yes&quot;,&quot;gallery_layout&quot;:&quot;grid&quot;,&quot;columns_tablet&quot;:2,&quot;columns_mobile&quot;:1,&quot;gap&quot;:{&quot;unit&quot;:&quot;px&quot;,&quot;size&quot;:10,&quot;sizes&quot;:[]},&quot;gap_tablet&quot;:{&quot;unit&quot;:&quot;px&quot;,&quot;size&quot;:10,&quot;sizes&quot;:[]},&quot;gap_mobile&quot;:{&quot;unit&quot;:&quot;px&quot;,&quot;size&quot;:10,&quot;sizes&quot;:[]},&quot;link_to&quot;:&quot;file&quot;,&quot;aspect_ratio&quot;:&quot;3:2&quot;,&quot;overlay_background&quot;:&quot;yes&quot;,&quot;content_hover_animation&quot;:&quot;fade-in&quot;}\" data-widget_type=\"gallery.default\">\n\t\t\t\t<div class=\"elementor-widget-container\">\n\t\t\t\t\t\t\t<div class=\"elementor-gallery__container\">\n\t\t\t\t\t\t\t<a class=\"e-gallery-item elementor-gallery-item elementor-animated-content\" href=\"https:\/\/pc.sc.gov.br\/\/wp-content\/uploads\/2025\/09\/WhatsApp-Image-2025-09-04-at-16.30.47.jpeg\" data-elementor-open-lightbox=\"yes\" data-elementor-lightbox-slideshow=\"7a50a58\" data-elementor-lightbox-title=\"WhatsApp Image 2025-09-04 at 16.30.47\" data-e-action-hash=\"#elementor-action%3Aaction%3Dlightbox%26settings%3DeyJpZCI6MzE4NzMsInVybCI6Imh0dHBzOlwvXC9wYy5zYy5nb3YuYnJcL1wvd3AtY29udGVudFwvdXBsb2Fkc1wvMjAyNVwvMDlcL1doYXRzQXBwLUltYWdlLTIwMjUtMDktMDQtYXQtMTYuMzAuNDcuanBlZyIsInNsaWRlc2hvdyI6IjdhNTBhNTgifQ%3D%3D\">\n\t\t\t\t\t<div class=\"e-gallery-image elementor-gallery-item__image\" data-thumbnail=\"https:\/\/pc.sc.gov.br\/\/wp-content\/uploads\/2025\/09\/WhatsApp-Image-2025-09-04-at-16.30.47-300x225.jpeg\" data-width=\"300\" data-height=\"225\" aria-label=\"\" role=\"img\" ><\/div>\n\t\t\t\t\t\t\t\t\t\t\t<div class=\"elementor-gallery-item__overlay\"><\/div>\n\t\t\t\t\t\t\t\t\t\t\t\t\t\t<\/a>\n\t\t\t\t\t\t\t<a class=\"e-gallery-item elementor-gallery-item elementor-animated-content\" href=\"https:\/\/pc.sc.gov.br\/\/wp-content\/uploads\/2025\/09\/WhatsApp-Image-2025-09-04-at-16.27.10.jpeg\" data-elementor-open-lightbox=\"yes\" data-elementor-lightbox-slideshow=\"7a50a58\" data-elementor-lightbox-title=\"WhatsApp Image 2025-09-04 at 16.27.10\" data-e-action-hash=\"#elementor-action%3Aaction%3Dlightbox%26settings%3DeyJpZCI6MzE4NzIsInVybCI6Imh0dHBzOlwvXC9wYy5zYy5nb3YuYnJcL1wvd3AtY29udGVudFwvdXBsb2Fkc1wvMjAyNVwvMDlcL1doYXRzQXBwLUltYWdlLTIwMjUtMDktMDQtYXQtMTYuMjcuMTAuanBlZyIsInNsaWRlc2hvdyI6IjdhNTBhNTgifQ%3D%3D\">\n\t\t\t\t\t<div class=\"e-gallery-image elementor-gallery-item__image\" data-thumbnail=\"https:\/\/pc.sc.gov.br\/\/wp-content\/uploads\/2025\/09\/WhatsApp-Image-2025-09-04-at-16.27.10-300x225.jpeg\" data-width=\"300\" data-height=\"225\" aria-label=\"\" role=\"img\" ><\/div>\n\t\t\t\t\t\t\t\t\t\t\t<div class=\"elementor-gallery-item__overlay\"><\/div>\n\t\t\t\t\t\t\t\t\t\t\t\t\t\t<\/a>\n\t\t\t\t\t<\/div>\n\t\t\t\t\t<\/div>\n\t\t\t\t<\/div>\n\t\t\t\t\t<\/div>\n\t\t<\/div>\n\t\t\t\t\t<\/div>\n\t\t<\/section>\n\t\t\t\t<\/div>\n\t\t","protected":false},"excerpt":{"rendered":"<p>Pol\u00edcia Civil prende foragido do Par\u00e1 e apreende 35 quilos de maconha em Cambori\u00fa A Pol\u00edcia Civil de Santa Catarina, por meio da delegacia de Balne\u00e1rio Cambori\u00fa, participou nesta quarta-feira (04\/09), da Opera\u00e7\u00e3o \u201cSaldo Devedor 2\u201d, deflagrada pela For\u00e7a Integrada de Combate ao Crime Organizado do Par\u00e1 (FICCO\/PA), com apoio da Pol\u00edcia Federal e de [&hellip;]<\/p>\n","protected":false},"author":5,"featured_media":31871,"comment_status":"closed","ping_status":"open","sticky":false,"template":"","format":"standard","meta":{"_monsterinsights_skip_tracking":false,"_monsterinsights_sitenote_active":false,"_monsterinsights_sitenote_note":"","_monsterinsights_sitenote_category":0,"footnotes":""},"categories":[1],"tags":[],"class_list":["post-31870","post","type-post","status-publish","format-standard","has-post-thumbnail","hentry","category-sem-categoria"],"_links":{"self":[{"href":"https:\/\/pc.sc.gov.br\/index.php?rest_route=\/wp\/v2\/posts\/31870","targetHints":{"allow":["GET"]}}],"collection":[{"href":"https:\/\/pc.sc.gov.br\/index.php?rest_route=\/wp\/v2\/posts"}],"about":[{"href":"https:\/\/pc.sc.gov.br\/index.php?rest_route=\/wp\/v2\/types\/post"}],"author":[{"embeddable":true,"href":"https:\/\/pc.sc.gov.br\/index.php?rest_route=\/wp\/v2\/users\/5"}],"replies":[{"embeddable":true,"href":"https:\/\/pc.sc.gov.br\/index.php?rest_route=%2Fwp%2Fv2%2Fcomments&post=31870"}],"version-history":[{"count":4,"href":"https:\/\/pc.sc.gov.br\/index.php?rest_route=\/wp\/v2\/posts\/31870\/revisions"}],"predecessor-version":[{"id":31877,"href":"https:\/\/pc.sc.gov.br\/index.php?rest_route=\/wp\/v2\/posts\/31870\/revisions\/31877"}],"wp:featuredmedia":[{"embeddable":true,"href":"https:\/\/pc.sc.gov.br\/index.php?rest_route=\/wp\/v2\/media\/31871"}],"wp:attachment":[{"href":"https:\/\/pc.sc.gov.br\/index.php?rest_route=%2Fwp%2Fv2%2Fmedia&parent=31870"}],"wp:term":[{"taxonomy":"category","embeddable":true,"href":"https:\/\/pc.sc.gov.br\/index.php?rest_route=%2Fwp%2Fv2%2Fcategories&post=31870"},{"taxonomy":"post_tag","embeddable":true,"href":"https:\/\/pc.sc.gov.br\/index.php?rest_route=%2Fwp%2Fv2%2Ftags&post=31870"}],"curies":[{"name":"wp","href":"https:\/\/api.w.org\/{rel}","templated":true}]}}