{"id":31878,"date":"2025-09-04T16:48:13","date_gmt":"2025-09-04T19:48:13","guid":{"rendered":"https:\/\/www.pc.sc.gov.br\/?p=31878"},"modified":"2025-09-04T16:49:56","modified_gmt":"2025-09-04T19:49:56","slug":"dic-de-lages-cumpre-mandado-de-prisao-preventiva-contra-investigado-por-diversos-furtos-na-area-central-da-cidade","status":"publish","type":"post","link":"https:\/\/pc.sc.gov.br\/?p=31878","title":{"rendered":"DIC de Lages cumpre mandado de pris\u00e3o preventiva contra investigado por diversos furtos na \u00e1rea central da cidade"},"content":{"rendered":"\t\t<div data-elementor-type=\"wp-post\" data-elementor-id=\"31878\" class=\"elementor elementor-31878\" data-elementor-post-type=\"post\">\n\t\t\t\t\t\t<section class=\"elementor-section elementor-top-section elementor-element elementor-element-a0ae6be elementor-section-boxed elementor-section-height-default elementor-section-height-default\" data-id=\"a0ae6be\" data-element_type=\"section\">\n\t\t\t\t\t\t<div class=\"elementor-container elementor-column-gap-default\">\n\t\t\t\t\t<div class=\"elementor-column elementor-col-100 elementor-top-column elementor-element elementor-element-ae699d4\" data-id=\"ae699d4\" data-element_type=\"column\">\n\t\t\t<div class=\"elementor-widget-wrap elementor-element-populated\">\n\t\t\t\t\t\t<div class=\"elementor-element elementor-element-6e7aaee elementor-widget elementor-widget-heading\" data-id=\"6e7aaee\" data-element_type=\"widget\" data-widget_type=\"heading.default\">\n\t\t\t\t<div class=\"elementor-widget-container\">\n\t\t\t\t\t<h2 class=\"elementor-heading-title elementor-size-default\">DIC de Lages cumpre mandado de pris\u00e3o preventiva contra investigado por diversos furtos na \u00e1rea central da cidade<\/h2>\t\t\t\t<\/div>\n\t\t\t\t<\/div>\n\t\t\t\t\t<\/div>\n\t\t<\/div>\n\t\t\t\t\t<\/div>\n\t\t<\/section>\n\t\t\t\t<section class=\"elementor-section elementor-top-section elementor-element elementor-element-56c280e elementor-section-boxed elementor-section-height-default elementor-section-height-default\" data-id=\"56c280e\" data-element_type=\"section\">\n\t\t\t\t\t\t<div class=\"elementor-container elementor-column-gap-default\">\n\t\t\t\t\t<div class=\"elementor-column elementor-col-100 elementor-top-column elementor-element elementor-element-6353668\" data-id=\"6353668\" data-element_type=\"column\">\n\t\t\t<div class=\"elementor-widget-wrap elementor-element-populated\">\n\t\t\t\t\t\t<div class=\"elementor-element elementor-element-e2ac25f elementor-widget elementor-widget-image\" data-id=\"e2ac25f\" data-element_type=\"widget\" data-widget_type=\"image.default\">\n\t\t\t\t<div class=\"elementor-widget-container\">\n\t\t\t\t\t\t\t\t\t\t\t\t\t\t\t<img fetchpriority=\"high\" decoding=\"async\" width=\"696\" height=\"553\" src=\"https:\/\/pc.sc.gov.br\/\/wp-content\/uploads\/2025\/09\/WhatsApp-Image-2025-09-04-at-13.53.20-1024x814.jpeg\" class=\"attachment-large size-large wp-image-31879\" alt=\"\" srcset=\"https:\/\/pc.sc.gov.br\/\/wp-content\/uploads\/2025\/09\/WhatsApp-Image-2025-09-04-at-13.53.20-1024x814.jpeg 1024w, https:\/\/pc.sc.gov.br\/\/wp-content\/uploads\/2025\/09\/WhatsApp-Image-2025-09-04-at-13.53.20-300x238.jpeg 300w, https:\/\/pc.sc.gov.br\/\/wp-content\/uploads\/2025\/09\/WhatsApp-Image-2025-09-04-at-13.53.20-768x610.jpeg 768w, https:\/\/pc.sc.gov.br\/\/wp-content\/uploads\/2025\/09\/WhatsApp-Image-2025-09-04-at-13.53.20.jpeg 1280w\" sizes=\"(max-width: 696px) 100vw, 696px\" \/>\t\t\t\t\t\t\t\t\t\t\t\t\t\t\t<\/div>\n\t\t\t\t<\/div>\n\t\t\t\t<div class=\"elementor-element elementor-element-410af06 elementor-widget elementor-widget-post-info\" data-id=\"410af06\" data-element_type=\"widget\" data-widget_type=\"post-info.default\">\n\t\t\t\t<div class=\"elementor-widget-container\">\n\t\t\t\t\t\t\t<ul class=\"elementor-inline-items elementor-icon-list-items elementor-post-info\">\n\t\t\t\t\t\t\t\t<li class=\"elementor-icon-list-item elementor-repeater-item-99aa4f9 elementor-inline-item\" itemprop=\"author\">\n\t\t\t\t\t\t<a href=\"https:\/\/pc.sc.gov.br\/?author=5\">\n\t\t\t\t\t\t\t\t\t\t\t<span class=\"elementor-icon-list-icon\">\n\t\t\t\t\t\t\t\t<i aria-hidden=\"true\" class=\"far fa-user-circle\"><\/i>\t\t\t\t\t\t\t<\/span>\n\t\t\t\t\t\t\t\t\t<span class=\"elementor-icon-list-text elementor-post-info__item elementor-post-info__item--type-author\">\n\t\t\t\t\t\t\t\t\t\tStefany de Souza Alves\t\t\t\t\t<\/span>\n\t\t\t\t\t\t\t\t\t<\/a>\n\t\t\t\t<\/li>\n\t\t\t\t<li class=\"elementor-icon-list-item elementor-repeater-item-4971613 elementor-inline-item\" itemprop=\"datePublished\">\n\t\t\t\t\t\t<a href=\"https:\/\/pc.sc.gov.br\/?m=20250904\">\n\t\t\t\t\t\t\t\t\t\t\t<span class=\"elementor-icon-list-icon\">\n\t\t\t\t\t\t\t\t<i aria-hidden=\"true\" class=\"fas fa-calendar\"><\/i>\t\t\t\t\t\t\t<\/span>\n\t\t\t\t\t\t\t\t\t<span class=\"elementor-icon-list-text elementor-post-info__item elementor-post-info__item--type-date\">\n\t\t\t\t\t\t\t\t\t\t<time>setembro 4, 2025<\/time>\t\t\t\t\t<\/span>\n\t\t\t\t\t\t\t\t\t<\/a>\n\t\t\t\t<\/li>\n\t\t\t\t<li class=\"elementor-icon-list-item elementor-repeater-item-ee0d7d5 elementor-inline-item\">\n\t\t\t\t\t\t\t\t\t\t<span class=\"elementor-icon-list-icon\">\n\t\t\t\t\t\t\t\t<i aria-hidden=\"true\" class=\"far fa-clock\"><\/i>\t\t\t\t\t\t\t<\/span>\n\t\t\t\t\t\t\t\t\t<span class=\"elementor-icon-list-text elementor-post-info__item elementor-post-info__item--type-time\">\n\t\t\t\t\t\t\t\t\t\t<time>4:48 pm<\/time>\t\t\t\t\t<\/span>\n\t\t\t\t\t\t\t\t<\/li>\n\t\t\t\t<\/ul>\n\t\t\t\t\t\t<\/div>\n\t\t\t\t<\/div>\n\t\t\t\t\t<\/div>\n\t\t<\/div>\n\t\t\t\t\t<\/div>\n\t\t<\/section>\n\t\t\t\t<section class=\"elementor-section elementor-top-section elementor-element elementor-element-3c7f399 elementor-section-boxed elementor-section-height-default elementor-section-height-default\" data-id=\"3c7f399\" data-element_type=\"section\">\n\t\t\t\t\t\t<div class=\"elementor-container elementor-column-gap-default\">\n\t\t\t\t\t<div class=\"elementor-column elementor-col-100 elementor-top-column elementor-element elementor-element-187e72c\" data-id=\"187e72c\" data-element_type=\"column\">\n\t\t\t<div class=\"elementor-widget-wrap elementor-element-populated\">\n\t\t\t\t\t\t<div class=\"elementor-element elementor-element-4806887 elementor-widget elementor-widget-text-editor\" data-id=\"4806887\" data-element_type=\"widget\" data-widget_type=\"text-editor.default\">\n\t\t\t\t<div class=\"elementor-widget-container\">\n\t\t\t\t\t\t\t\t\t<p>Na manh\u00e3 de hoje (04\/09), a Pol\u00edcia Civil de Santa Catarina, por meio da 1\u00aa Delegacia de Pol\u00edcia Civil de Lages, com o apoio da Divis\u00e3o de Investiga\u00e7\u00e3o Criminal (DIC), deu cumprimento a um mandado de pris\u00e3o preventiva contra um indiv\u00edduo indiciado pela pr\u00e1tica de diversos crimes de furto qualificado, mediante arrombamento, ocorridos recentemente na \u00e1rea central da cidade.<\/p><p>A a\u00e7\u00e3o foi resultado de uma r\u00e1pida investiga\u00e7\u00e3o da Pol\u00edcia Civil, que contou ainda com informa\u00e7\u00f5es angariadas pela Pol\u00edcia Militar. Foram coletadas evid\u00eancias substanciais, como imagens de c\u00e2meras de seguran\u00e7a, que ligaram o suspeito aos crimes. A pris\u00e3o foi prontamente autorizada pelo Poder Judici\u00e1rio e pelo Minist\u00e9rio P\u00fablico da Comarca, cuja atua\u00e7\u00e3o c\u00e9lere foi crucial para o sucesso da opera\u00e7\u00e3o e para a prote\u00e7\u00e3o da comunidade.<\/p><p>Durante o cumprimento do mandado, os policiais tamb\u00e9m apreenderam objetos de origem suspeita em posse do indiv\u00edduo. Esses itens est\u00e3o agora na 1\u00aa Delegacia de Pol\u00edcia e aguardam identifica\u00e7\u00e3o por seus respectivos propriet\u00e1rios.<\/p><p>O preso foi encaminhado ao Pres\u00eddio Regional de Lages, onde permanece \u00e0 disposi\u00e7\u00e3o da Justi\u00e7a. Com esta a\u00e7\u00e3o, a Pol\u00edcia Civil refor\u00e7a seu empenho em proteger a comunidade, combatendo ativamente a criminalidade na regi\u00e3o.<\/p>\t\t\t\t\t\t\t\t<\/div>\n\t\t\t\t<\/div>\n\t\t\t\t\t<\/div>\n\t\t<\/div>\n\t\t\t\t\t<\/div>\n\t\t<\/section>\n\t\t\t\t<\/div>\n\t\t","protected":false},"excerpt":{"rendered":"<p>DIC de Lages cumpre mandado de pris\u00e3o preventiva contra investigado por diversos furtos na \u00e1rea central da cidade Na manh\u00e3 de hoje (04\/09), a Pol\u00edcia Civil de Santa Catarina, por meio da 1\u00aa Delegacia de Pol\u00edcia Civil de Lages, com o apoio da Divis\u00e3o de Investiga\u00e7\u00e3o Criminal (DIC), deu cumprimento a um mandado de pris\u00e3o [&hellip;]<\/p>\n","protected":false},"author":5,"featured_media":31879,"comment_status":"closed","ping_status":"open","sticky":false,"template":"","format":"standard","meta":{"_monsterinsights_skip_tracking":false,"_monsterinsights_sitenote_active":false,"_monsterinsights_sitenote_note":"","_monsterinsights_sitenote_category":0,"footnotes":""},"categories":[1],"tags":[],"class_list":["post-31878","post","type-post","status-publish","format-standard","has-post-thumbnail","hentry","category-sem-categoria"],"_links":{"self":[{"href":"https:\/\/pc.sc.gov.br\/index.php?rest_route=\/wp\/v2\/posts\/31878","targetHints":{"allow":["GET"]}}],"collection":[{"href":"https:\/\/pc.sc.gov.br\/index.php?rest_route=\/wp\/v2\/posts"}],"about":[{"href":"https:\/\/pc.sc.gov.br\/index.php?rest_route=\/wp\/v2\/types\/post"}],"author":[{"embeddable":true,"href":"https:\/\/pc.sc.gov.br\/index.php?rest_route=\/wp\/v2\/users\/5"}],"replies":[{"embeddable":true,"href":"https:\/\/pc.sc.gov.br\/index.php?rest_route=%2Fwp%2Fv2%2Fcomments&post=31878"}],"version-history":[{"count":4,"href":"https:\/\/pc.sc.gov.br\/index.php?rest_route=\/wp\/v2\/posts\/31878\/revisions"}],"predecessor-version":[{"id":31883,"href":"https:\/\/pc.sc.gov.br\/index.php?rest_route=\/wp\/v2\/posts\/31878\/revisions\/31883"}],"wp:featuredmedia":[{"embeddable":true,"href":"https:\/\/pc.sc.gov.br\/index.php?rest_route=\/wp\/v2\/media\/31879"}],"wp:attachment":[{"href":"https:\/\/pc.sc.gov.br\/index.php?rest_route=%2Fwp%2Fv2%2Fmedia&parent=31878"}],"wp:term":[{"taxonomy":"category","embeddable":true,"href":"https:\/\/pc.sc.gov.br\/index.php?rest_route=%2Fwp%2Fv2%2Fcategories&post=31878"},{"taxonomy":"post_tag","embeddable":true,"href":"https:\/\/pc.sc.gov.br\/index.php?rest_route=%2Fwp%2Fv2%2Ftags&post=31878"}],"curies":[{"name":"wp","href":"https:\/\/api.w.org\/{rel}","templated":true}]}}