{"id":31988,"date":"2025-09-08T17:42:02","date_gmt":"2025-09-08T20:42:02","guid":{"rendered":"https:\/\/www.pc.sc.gov.br\/?p=31988"},"modified":"2025-09-08T17:43:59","modified_gmt":"2025-09-08T20:43:59","slug":"policia-civil-anuncia-aquisicao-de-mais-de-350-novos-fuzis-israelenses","status":"publish","type":"post","link":"https:\/\/pc.sc.gov.br\/?p=31988","title":{"rendered":"Pol\u00edcia Civil anuncia aquisi\u00e7\u00e3o de mais de 350 novos fuzis israelenses"},"content":{"rendered":"\t\t<div data-elementor-type=\"wp-post\" data-elementor-id=\"31988\" class=\"elementor elementor-31988\" data-elementor-post-type=\"post\">\n\t\t\t\t\t\t<section class=\"elementor-section elementor-top-section elementor-element elementor-element-00e379b elementor-section-boxed elementor-section-height-default elementor-section-height-default\" data-id=\"00e379b\" data-element_type=\"section\">\n\t\t\t\t\t\t<div class=\"elementor-container elementor-column-gap-default\">\n\t\t\t\t\t<div class=\"elementor-column elementor-col-100 elementor-top-column elementor-element elementor-element-abaa31e\" data-id=\"abaa31e\" data-element_type=\"column\">\n\t\t\t<div class=\"elementor-widget-wrap elementor-element-populated\">\n\t\t\t\t\t\t<div class=\"elementor-element elementor-element-2fefc96 elementor-widget elementor-widget-heading\" data-id=\"2fefc96\" data-element_type=\"widget\" data-widget_type=\"heading.default\">\n\t\t\t\t<div class=\"elementor-widget-container\">\n\t\t\t\t\t<h2 class=\"elementor-heading-title elementor-size-default\">Pol\u00edcia Civil anuncia aquisi\u00e7\u00e3o de mais de 350 novos fuzis israelenses<\/h2>\t\t\t\t<\/div>\n\t\t\t\t<\/div>\n\t\t\t\t\t<\/div>\n\t\t<\/div>\n\t\t\t\t\t<\/div>\n\t\t<\/section>\n\t\t\t\t<section class=\"elementor-section elementor-top-section elementor-element elementor-element-8d1224a elementor-section-boxed elementor-section-height-default elementor-section-height-default\" data-id=\"8d1224a\" data-element_type=\"section\">\n\t\t\t\t\t\t<div class=\"elementor-container elementor-column-gap-default\">\n\t\t\t\t\t<div class=\"elementor-column elementor-col-100 elementor-top-column elementor-element elementor-element-c5942b1\" data-id=\"c5942b1\" data-element_type=\"column\">\n\t\t\t<div class=\"elementor-widget-wrap elementor-element-populated\">\n\t\t\t\t\t\t<div class=\"elementor-element elementor-element-8d4f209 elementor-widget elementor-widget-image\" data-id=\"8d4f209\" data-element_type=\"widget\" data-widget_type=\"image.default\">\n\t\t\t\t<div class=\"elementor-widget-container\">\n\t\t\t\t\t\t\t\t\t\t\t\t\t\t\t<img fetchpriority=\"high\" decoding=\"async\" width=\"696\" height=\"857\" src=\"https:\/\/pc.sc.gov.br\/\/wp-content\/uploads\/2025\/09\/WhatsApp-Image-2025-09-08-at-16.37.26-832x1024.jpeg\" class=\"attachment-large size-large wp-image-31989\" alt=\"\" srcset=\"https:\/\/pc.sc.gov.br\/\/wp-content\/uploads\/2025\/09\/WhatsApp-Image-2025-09-08-at-16.37.26-832x1024.jpeg 832w, https:\/\/pc.sc.gov.br\/\/wp-content\/uploads\/2025\/09\/WhatsApp-Image-2025-09-08-at-16.37.26-244x300.jpeg 244w, https:\/\/pc.sc.gov.br\/\/wp-content\/uploads\/2025\/09\/WhatsApp-Image-2025-09-08-at-16.37.26-768x946.jpeg 768w, https:\/\/pc.sc.gov.br\/\/wp-content\/uploads\/2025\/09\/WhatsApp-Image-2025-09-08-at-16.37.26.jpeg 1080w\" sizes=\"(max-width: 696px) 100vw, 696px\" \/>\t\t\t\t\t\t\t\t\t\t\t\t\t\t\t<\/div>\n\t\t\t\t<\/div>\n\t\t\t\t\t<\/div>\n\t\t<\/div>\n\t\t\t\t\t<\/div>\n\t\t<\/section>\n\t\t\t\t<section class=\"elementor-section elementor-top-section elementor-element elementor-element-23ed75c elementor-section-boxed elementor-section-height-default elementor-section-height-default\" data-id=\"23ed75c\" data-element_type=\"section\">\n\t\t\t\t\t\t<div class=\"elementor-container elementor-column-gap-default\">\n\t\t\t\t\t<div class=\"elementor-column elementor-col-100 elementor-top-column elementor-element elementor-element-fa89cb5\" data-id=\"fa89cb5\" data-element_type=\"column\">\n\t\t\t<div class=\"elementor-widget-wrap elementor-element-populated\">\n\t\t\t\t\t\t<div class=\"elementor-element elementor-element-4bccc99 elementor-widget elementor-widget-post-info\" data-id=\"4bccc99\" data-element_type=\"widget\" data-widget_type=\"post-info.default\">\n\t\t\t\t<div class=\"elementor-widget-container\">\n\t\t\t\t\t\t\t<ul class=\"elementor-inline-items elementor-icon-list-items elementor-post-info\">\n\t\t\t\t\t\t\t\t<li class=\"elementor-icon-list-item elementor-repeater-item-f20e35a elementor-inline-item\" itemprop=\"author\">\n\t\t\t\t\t\t<a href=\"https:\/\/pc.sc.gov.br\/?author=5\">\n\t\t\t\t\t\t\t\t\t\t\t<span class=\"elementor-icon-list-icon\">\n\t\t\t\t\t\t\t\t<i aria-hidden=\"true\" class=\"far fa-user-circle\"><\/i>\t\t\t\t\t\t\t<\/span>\n\t\t\t\t\t\t\t\t\t<span class=\"elementor-icon-list-text elementor-post-info__item elementor-post-info__item--type-author\">\n\t\t\t\t\t\t\t\t\t\tStefany de Souza Alves\t\t\t\t\t<\/span>\n\t\t\t\t\t\t\t\t\t<\/a>\n\t\t\t\t<\/li>\n\t\t\t\t<li class=\"elementor-icon-list-item elementor-repeater-item-8c1cf06 elementor-inline-item\" itemprop=\"datePublished\">\n\t\t\t\t\t\t<a href=\"https:\/\/pc.sc.gov.br\/?m=20250908\">\n\t\t\t\t\t\t\t\t\t\t\t<span class=\"elementor-icon-list-icon\">\n\t\t\t\t\t\t\t\t<i aria-hidden=\"true\" class=\"fas fa-calendar\"><\/i>\t\t\t\t\t\t\t<\/span>\n\t\t\t\t\t\t\t\t\t<span class=\"elementor-icon-list-text elementor-post-info__item elementor-post-info__item--type-date\">\n\t\t\t\t\t\t\t\t\t\t<time>setembro 8, 2025<\/time>\t\t\t\t\t<\/span>\n\t\t\t\t\t\t\t\t\t<\/a>\n\t\t\t\t<\/li>\n\t\t\t\t<li class=\"elementor-icon-list-item elementor-repeater-item-5a44f64 elementor-inline-item\">\n\t\t\t\t\t\t\t\t\t\t<span class=\"elementor-icon-list-icon\">\n\t\t\t\t\t\t\t\t<i aria-hidden=\"true\" class=\"far fa-clock\"><\/i>\t\t\t\t\t\t\t<\/span>\n\t\t\t\t\t\t\t\t\t<span class=\"elementor-icon-list-text elementor-post-info__item elementor-post-info__item--type-time\">\n\t\t\t\t\t\t\t\t\t\t<time>5:42 pm<\/time>\t\t\t\t\t<\/span>\n\t\t\t\t\t\t\t\t<\/li>\n\t\t\t\t<\/ul>\n\t\t\t\t\t\t<\/div>\n\t\t\t\t<\/div>\n\t\t\t\t<div class=\"elementor-element elementor-element-b3df310 elementor-widget elementor-widget-text-editor\" data-id=\"b3df310\" data-element_type=\"widget\" data-widget_type=\"text-editor.default\">\n\t\t\t\t<div class=\"elementor-widget-container\">\n\t\t\t\t\t\t\t\t\t<p>A Pol\u00edcia Civil de Santa Catarina anunciou a aquisi\u00e7\u00e3o de 350 novos fuzis israelenses. A compra foi autorizada pelo governador do estado Jorginho Mello. Os novos equipamentos visam garantir maior seguran\u00e7a aos policiais no enfrentamento \u00e0 criminalidade e ajudando a manter Santa Catarina como estado mais seguro do Brasil. Ao todo, ser\u00e3o 300 fuzis IWI \/ARAD calibre 5,56 x 45 mm e 50 fuzis IWI \/ ARAD 7, calibre 7,62 x 51 mm, que est\u00e3o em processo de compra, j\u00e1 autorizada pelo governador do estado Jorginho Mello. Os modelos adquiridos s\u00e3o de fabrica\u00e7\u00e3o israelense e, semelhantes, aos equipamentos utilizados pelo Ex\u00e9rcito Americano, pelo FBI e pelo Batalh\u00e3o de Opera\u00e7\u00f5es Policiais Especiais (Bope) da Pol\u00edcia Militar do Rio de Janeiro. Esta \u00e9 a maior entrega deste tipo de equipamento na hist\u00f3ria de Santa Catarina, superando os 155 fuzis entregues no ano passado para a PCSC. De acordo com o Delegado-Geral de Pol\u00edcia, Ulisses Gabriel, al\u00e9m disso, outros 87 armamentos deste porte ser\u00e3o adquiridos ainda este ano. \u201cAo todo, ser\u00e3o mais de 400 fuzis que ser\u00e3o distribu\u00eddos aos policiais para garantir a seguran\u00e7a p\u00fablica do cidad\u00e3o catarinense. N\u00f3s estamos trabalhando para dar seguran\u00e7a, sendo linha dura contra a criminalidade e buscando qualificar o atendimento ao catarinense\u201d. O Delegado-Geral disse ainda que o objetivo \u00e9 que cada policial civil que atue na investiga\u00e7\u00e3o ou na intelig\u00eancia tenha o seu pr\u00f3prio fuzil para garantir n\u00e3o s\u00f3 a sua pr\u00f3pria integridade f\u00edsica, mas principalmente proporcionar mais seguran\u00e7a ao cidad\u00e3o catarinense.<\/p>\t\t\t\t\t\t\t\t<\/div>\n\t\t\t\t<\/div>\n\t\t\t\t\t<\/div>\n\t\t<\/div>\n\t\t\t\t\t<\/div>\n\t\t<\/section>\n\t\t\t\t<\/div>\n\t\t","protected":false},"excerpt":{"rendered":"<p>Pol\u00edcia Civil anuncia aquisi\u00e7\u00e3o de mais de 350 novos fuzis israelenses A Pol\u00edcia Civil de Santa Catarina anunciou a aquisi\u00e7\u00e3o de 350 novos fuzis israelenses. A compra foi autorizada pelo governador do estado Jorginho Mello. Os novos equipamentos visam garantir maior seguran\u00e7a aos policiais no enfrentamento \u00e0 criminalidade e ajudando a manter Santa Catarina como [&hellip;]<\/p>\n","protected":false},"author":5,"featured_media":31989,"comment_status":"closed","ping_status":"open","sticky":false,"template":"","format":"standard","meta":{"_monsterinsights_skip_tracking":false,"_monsterinsights_sitenote_active":false,"_monsterinsights_sitenote_note":"","_monsterinsights_sitenote_category":0,"footnotes":""},"categories":[1],"tags":[],"class_list":["post-31988","post","type-post","status-publish","format-standard","has-post-thumbnail","hentry","category-sem-categoria"],"_links":{"self":[{"href":"https:\/\/pc.sc.gov.br\/index.php?rest_route=\/wp\/v2\/posts\/31988","targetHints":{"allow":["GET"]}}],"collection":[{"href":"https:\/\/pc.sc.gov.br\/index.php?rest_route=\/wp\/v2\/posts"}],"about":[{"href":"https:\/\/pc.sc.gov.br\/index.php?rest_route=\/wp\/v2\/types\/post"}],"author":[{"embeddable":true,"href":"https:\/\/pc.sc.gov.br\/index.php?rest_route=\/wp\/v2\/users\/5"}],"replies":[{"embeddable":true,"href":"https:\/\/pc.sc.gov.br\/index.php?rest_route=%2Fwp%2Fv2%2Fcomments&post=31988"}],"version-history":[{"count":4,"href":"https:\/\/pc.sc.gov.br\/index.php?rest_route=\/wp\/v2\/posts\/31988\/revisions"}],"predecessor-version":[{"id":31993,"href":"https:\/\/pc.sc.gov.br\/index.php?rest_route=\/wp\/v2\/posts\/31988\/revisions\/31993"}],"wp:featuredmedia":[{"embeddable":true,"href":"https:\/\/pc.sc.gov.br\/index.php?rest_route=\/wp\/v2\/media\/31989"}],"wp:attachment":[{"href":"https:\/\/pc.sc.gov.br\/index.php?rest_route=%2Fwp%2Fv2%2Fmedia&parent=31988"}],"wp:term":[{"taxonomy":"category","embeddable":true,"href":"https:\/\/pc.sc.gov.br\/index.php?rest_route=%2Fwp%2Fv2%2Fcategories&post=31988"},{"taxonomy":"post_tag","embeddable":true,"href":"https:\/\/pc.sc.gov.br\/index.php?rest_route=%2Fwp%2Fv2%2Ftags&post=31988"}],"curies":[{"name":"wp","href":"https:\/\/api.w.org\/{rel}","templated":true}]}}