{"id":31995,"date":"2025-09-09T13:04:43","date_gmt":"2025-09-09T16:04:43","guid":{"rendered":"https:\/\/www.pc.sc.gov.br\/?p=31995"},"modified":"2025-09-09T13:06:08","modified_gmt":"2025-09-09T16:06:08","slug":"policia-civil-deflagra-operacao-domino-contra-faccao-criminosa-em-balneario-camboriu-e-regiao","status":"publish","type":"post","link":"https:\/\/pc.sc.gov.br\/?p=31995","title":{"rendered":"Pol\u00edcia Civil deflagra opera\u00e7\u00e3o \u201cDomin\u00f3\u201d contra fac\u00e7\u00e3o criminosa em Balne\u00e1rio Cambori\u00fa e regi\u00e3o"},"content":{"rendered":"\t\t<div data-elementor-type=\"wp-post\" data-elementor-id=\"31995\" class=\"elementor elementor-31995\" data-elementor-post-type=\"post\">\n\t\t\t\t\t\t<section class=\"elementor-section elementor-top-section elementor-element elementor-element-e823446 elementor-section-boxed elementor-section-height-default elementor-section-height-default\" data-id=\"e823446\" data-element_type=\"section\">\n\t\t\t\t\t\t<div class=\"elementor-container elementor-column-gap-default\">\n\t\t\t\t\t<div class=\"elementor-column elementor-col-100 elementor-top-column elementor-element elementor-element-af0dd27\" data-id=\"af0dd27\" data-element_type=\"column\">\n\t\t\t<div class=\"elementor-widget-wrap elementor-element-populated\">\n\t\t\t\t\t\t<div class=\"elementor-element elementor-element-e853597 elementor-widget elementor-widget-heading\" data-id=\"e853597\" data-element_type=\"widget\" data-widget_type=\"heading.default\">\n\t\t\t\t<div class=\"elementor-widget-container\">\n\t\t\t\t\t<h2 class=\"elementor-heading-title elementor-size-default\">Pol\u00edcia Civil deflagra opera\u00e7\u00e3o \u201cDomin\u00f3\u201d contra fac\u00e7\u00e3o criminosa em Balne\u00e1rio Cambori\u00fa e regi\u00e3o<\/h2>\t\t\t\t<\/div>\n\t\t\t\t<\/div>\n\t\t\t\t\t<\/div>\n\t\t<\/div>\n\t\t\t\t\t<\/div>\n\t\t<\/section>\n\t\t\t\t<section class=\"elementor-section elementor-top-section elementor-element elementor-element-c5b84c2 elementor-section-boxed elementor-section-height-default elementor-section-height-default\" data-id=\"c5b84c2\" data-element_type=\"section\">\n\t\t\t\t\t\t<div class=\"elementor-container elementor-column-gap-default\">\n\t\t\t\t\t<div class=\"elementor-column elementor-col-100 elementor-top-column elementor-element elementor-element-283907b\" data-id=\"283907b\" data-element_type=\"column\">\n\t\t\t<div class=\"elementor-widget-wrap elementor-element-populated\">\n\t\t\t\t\t\t<div class=\"elementor-element elementor-element-0ca3aa9 elementor-widget elementor-widget-image\" data-id=\"0ca3aa9\" data-element_type=\"widget\" data-widget_type=\"image.default\">\n\t\t\t\t<div class=\"elementor-widget-container\">\n\t\t\t\t\t\t\t\t\t\t\t\t\t\t\t<img fetchpriority=\"high\" decoding=\"async\" width=\"696\" height=\"606\" src=\"https:\/\/pc.sc.gov.br\/\/wp-content\/uploads\/2025\/09\/WhatsApp-Image-2025-09-09-at-11.27.51-1-1024x891.jpeg\" class=\"attachment-large size-large wp-image-31996\" alt=\"\" srcset=\"https:\/\/pc.sc.gov.br\/\/wp-content\/uploads\/2025\/09\/WhatsApp-Image-2025-09-09-at-11.27.51-1-1024x891.jpeg 1024w, https:\/\/pc.sc.gov.br\/\/wp-content\/uploads\/2025\/09\/WhatsApp-Image-2025-09-09-at-11.27.51-1-300x261.jpeg 300w, https:\/\/pc.sc.gov.br\/\/wp-content\/uploads\/2025\/09\/WhatsApp-Image-2025-09-09-at-11.27.51-1-768x668.jpeg 768w, https:\/\/pc.sc.gov.br\/\/wp-content\/uploads\/2025\/09\/WhatsApp-Image-2025-09-09-at-11.27.51-1.jpeg 1178w\" sizes=\"(max-width: 696px) 100vw, 696px\" \/>\t\t\t\t\t\t\t\t\t\t\t\t\t\t\t<\/div>\n\t\t\t\t<\/div>\n\t\t\t\t\t<\/div>\n\t\t<\/div>\n\t\t\t\t\t<\/div>\n\t\t<\/section>\n\t\t\t\t<section class=\"elementor-section elementor-top-section elementor-element elementor-element-8c304c9 elementor-section-boxed elementor-section-height-default elementor-section-height-default\" data-id=\"8c304c9\" data-element_type=\"section\">\n\t\t\t\t\t\t<div class=\"elementor-container elementor-column-gap-default\">\n\t\t\t\t\t<div class=\"elementor-column elementor-col-100 elementor-top-column elementor-element elementor-element-13aee50\" data-id=\"13aee50\" data-element_type=\"column\">\n\t\t\t<div class=\"elementor-widget-wrap elementor-element-populated\">\n\t\t\t\t\t\t<div class=\"elementor-element elementor-element-970bae9 elementor-widget elementor-widget-text-editor\" data-id=\"970bae9\" data-element_type=\"widget\" data-widget_type=\"text-editor.default\">\n\t\t\t\t<div class=\"elementor-widget-container\">\n\t\t\t\t\t\t\t\t\t<p>A Pol\u00edcia Civil de Santa Catarina, por meio da Delegacia de Investiga\u00e7\u00f5es Criminais de Balne\u00e1rio Cambori\u00fa, deflagrou, na manh\u00e3 desta ter\u00e7a-feira (09\/09), a opera\u00e7\u00e3o \u201cDomin\u00f3\u201d, com o objetivo de desarticular a atua\u00e7\u00e3o de uma conhecida fac\u00e7\u00e3o criminosa na regi\u00e3o de Balne\u00e1rio Cambori\u00fa.<\/p><p>A a\u00e7\u00e3o visou o cumprimento de 43 ordens judiciais, sendo 22 mandados de pris\u00e3o preventiva e 21 mandados de busca e apreens\u00e3o, expedidos com base em investiga\u00e7\u00e3o que apurou a estrutura e o modo de atua\u00e7\u00e3o do grupo criminoso na pr\u00e1tica de diversos crimes, especialmente relacionados ao tr\u00e1fico de drogas.<\/p><p>Os mandados foram cumpridos nas cidades de Balne\u00e1rio Cambori\u00fa, Cambori\u00fa e Itaja\u00ed, resultando, at\u00e9 o momento, na pris\u00e3o de 17 pessoas. Durante as dilig\u00eancias, foram apreendidos aparelhos celulares, muni\u00e7\u00f5es e documentos relacionados \u00e0s atividades do grupo criminoso.<\/p><p>A opera\u00e7\u00e3o contou com o apoio de 85 policiais e foi resultado de um trabalho investigativo cont\u00ednuo no enfrentamento ao crime organizado.<\/p>\t\t\t\t\t\t\t\t<\/div>\n\t\t\t\t<\/div>\n\t\t\t\t\t<\/div>\n\t\t<\/div>\n\t\t\t\t\t<\/div>\n\t\t<\/section>\n\t\t\t\t<section class=\"elementor-section elementor-top-section elementor-element elementor-element-1f9b947 elementor-section-boxed elementor-section-height-default elementor-section-height-default\" data-id=\"1f9b947\" data-element_type=\"section\">\n\t\t\t\t\t\t<div class=\"elementor-container elementor-column-gap-default\">\n\t\t\t\t\t<div class=\"elementor-column elementor-col-100 elementor-top-column elementor-element elementor-element-3e7af50\" data-id=\"3e7af50\" data-element_type=\"column\">\n\t\t\t<div class=\"elementor-widget-wrap elementor-element-populated\">\n\t\t\t\t\t\t<div class=\"elementor-element elementor-element-ba97e97 elementor-widget elementor-widget-image\" data-id=\"ba97e97\" data-element_type=\"widget\" data-widget_type=\"image.default\">\n\t\t\t\t<div class=\"elementor-widget-container\">\n\t\t\t\t\t\t\t\t\t\t\t\t\t\t\t<img decoding=\"async\" width=\"696\" height=\"928\" src=\"https:\/\/pc.sc.gov.br\/\/wp-content\/uploads\/2025\/09\/WhatsApp-Image-2025-09-09-at-11.27.51-768x1024.jpeg\" class=\"attachment-large size-large wp-image-31997\" alt=\"\" srcset=\"https:\/\/pc.sc.gov.br\/\/wp-content\/uploads\/2025\/09\/WhatsApp-Image-2025-09-09-at-11.27.51-768x1024.jpeg 768w, https:\/\/pc.sc.gov.br\/\/wp-content\/uploads\/2025\/09\/WhatsApp-Image-2025-09-09-at-11.27.51-225x300.jpeg 225w, https:\/\/pc.sc.gov.br\/\/wp-content\/uploads\/2025\/09\/WhatsApp-Image-2025-09-09-at-11.27.51-1152x1536.jpeg 1152w, https:\/\/pc.sc.gov.br\/\/wp-content\/uploads\/2025\/09\/WhatsApp-Image-2025-09-09-at-11.27.51.jpeg 1200w\" sizes=\"(max-width: 696px) 100vw, 696px\" \/>\t\t\t\t\t\t\t\t\t\t\t\t\t\t\t<\/div>\n\t\t\t\t<\/div>\n\t\t\t\t\t<\/div>\n\t\t<\/div>\n\t\t\t\t\t<\/div>\n\t\t<\/section>\n\t\t\t\t<\/div>\n\t\t","protected":false},"excerpt":{"rendered":"<p>Pol\u00edcia Civil deflagra opera\u00e7\u00e3o \u201cDomin\u00f3\u201d contra fac\u00e7\u00e3o criminosa em Balne\u00e1rio Cambori\u00fa e regi\u00e3o A Pol\u00edcia Civil de Santa Catarina, por meio da Delegacia de Investiga\u00e7\u00f5es Criminais de Balne\u00e1rio Cambori\u00fa, deflagrou, na manh\u00e3 desta ter\u00e7a-feira (09\/09), a opera\u00e7\u00e3o \u201cDomin\u00f3\u201d, com o objetivo de desarticular a atua\u00e7\u00e3o de uma conhecida fac\u00e7\u00e3o criminosa na regi\u00e3o de Balne\u00e1rio Cambori\u00fa. [&hellip;]<\/p>\n","protected":false},"author":5,"featured_media":31996,"comment_status":"closed","ping_status":"open","sticky":false,"template":"","format":"standard","meta":{"_monsterinsights_skip_tracking":false,"_monsterinsights_sitenote_active":false,"_monsterinsights_sitenote_note":"","_monsterinsights_sitenote_category":0,"footnotes":""},"categories":[1],"tags":[],"class_list":["post-31995","post","type-post","status-publish","format-standard","has-post-thumbnail","hentry","category-sem-categoria"],"_links":{"self":[{"href":"https:\/\/pc.sc.gov.br\/index.php?rest_route=\/wp\/v2\/posts\/31995","targetHints":{"allow":["GET"]}}],"collection":[{"href":"https:\/\/pc.sc.gov.br\/index.php?rest_route=\/wp\/v2\/posts"}],"about":[{"href":"https:\/\/pc.sc.gov.br\/index.php?rest_route=\/wp\/v2\/types\/post"}],"author":[{"embeddable":true,"href":"https:\/\/pc.sc.gov.br\/index.php?rest_route=\/wp\/v2\/users\/5"}],"replies":[{"embeddable":true,"href":"https:\/\/pc.sc.gov.br\/index.php?rest_route=%2Fwp%2Fv2%2Fcomments&post=31995"}],"version-history":[{"count":4,"href":"https:\/\/pc.sc.gov.br\/index.php?rest_route=\/wp\/v2\/posts\/31995\/revisions"}],"predecessor-version":[{"id":32001,"href":"https:\/\/pc.sc.gov.br\/index.php?rest_route=\/wp\/v2\/posts\/31995\/revisions\/32001"}],"wp:featuredmedia":[{"embeddable":true,"href":"https:\/\/pc.sc.gov.br\/index.php?rest_route=\/wp\/v2\/media\/31996"}],"wp:attachment":[{"href":"https:\/\/pc.sc.gov.br\/index.php?rest_route=%2Fwp%2Fv2%2Fmedia&parent=31995"}],"wp:term":[{"taxonomy":"category","embeddable":true,"href":"https:\/\/pc.sc.gov.br\/index.php?rest_route=%2Fwp%2Fv2%2Fcategories&post=31995"},{"taxonomy":"post_tag","embeddable":true,"href":"https:\/\/pc.sc.gov.br\/index.php?rest_route=%2Fwp%2Fv2%2Ftags&post=31995"}],"curies":[{"name":"wp","href":"https:\/\/api.w.org\/{rel}","templated":true}]}}