{"id":32017,"date":"2025-09-09T18:36:33","date_gmt":"2025-09-09T21:36:33","guid":{"rendered":"https:\/\/www.pc.sc.gov.br\/?p=32017"},"modified":"2025-09-09T18:38:26","modified_gmt":"2025-09-09T21:38:26","slug":"em-florianopolis-policia-civil-prende-foragido-por-duplo-homicidio-ocorrido-em-brunopolis","status":"publish","type":"post","link":"https:\/\/pc.sc.gov.br\/?p=32017","title":{"rendered":"Em Florian\u00f3polis, Pol\u00edcia Civil prende foragido por duplo homic\u00eddio ocorrido em Brun\u00f3polis"},"content":{"rendered":"\t\t<div data-elementor-type=\"wp-post\" data-elementor-id=\"32017\" class=\"elementor elementor-32017\" data-elementor-post-type=\"post\">\n\t\t\t\t\t\t<section class=\"elementor-section elementor-top-section elementor-element elementor-element-de2639f elementor-section-boxed elementor-section-height-default elementor-section-height-default\" data-id=\"de2639f\" data-element_type=\"section\">\n\t\t\t\t\t\t<div class=\"elementor-container elementor-column-gap-default\">\n\t\t\t\t\t<div class=\"elementor-column elementor-col-100 elementor-top-column elementor-element elementor-element-dc09742\" data-id=\"dc09742\" data-element_type=\"column\">\n\t\t\t<div class=\"elementor-widget-wrap elementor-element-populated\">\n\t\t\t\t\t\t<div class=\"elementor-element elementor-element-4cb1d8e elementor-widget elementor-widget-heading\" data-id=\"4cb1d8e\" data-element_type=\"widget\" data-widget_type=\"heading.default\">\n\t\t\t\t<div class=\"elementor-widget-container\">\n\t\t\t\t\t<h2 class=\"elementor-heading-title elementor-size-default\">Em Florian\u00f3polis, Pol\u00edcia Civil prende foragido por duplo homic\u00eddio ocorrido em Brun\u00f3polis<\/h2>\t\t\t\t<\/div>\n\t\t\t\t<\/div>\n\t\t\t\t\t<\/div>\n\t\t<\/div>\n\t\t\t\t\t<\/div>\n\t\t<\/section>\n\t\t\t\t<section class=\"elementor-section elementor-top-section elementor-element elementor-element-538c7f8 elementor-section-boxed elementor-section-height-default elementor-section-height-default\" data-id=\"538c7f8\" data-element_type=\"section\">\n\t\t\t\t\t\t<div class=\"elementor-container elementor-column-gap-default\">\n\t\t\t\t\t<div class=\"elementor-column elementor-col-100 elementor-top-column elementor-element elementor-element-809b16b\" data-id=\"809b16b\" data-element_type=\"column\">\n\t\t\t<div class=\"elementor-widget-wrap elementor-element-populated\">\n\t\t\t\t\t\t<div class=\"elementor-element elementor-element-73bc205 elementor-widget elementor-widget-image\" data-id=\"73bc205\" data-element_type=\"widget\" data-widget_type=\"image.default\">\n\t\t\t\t<div class=\"elementor-widget-container\">\n\t\t\t\t\t\t\t\t\t\t\t\t\t\t\t<img fetchpriority=\"high\" decoding=\"async\" width=\"696\" height=\"522\" src=\"https:\/\/pc.sc.gov.br\/\/wp-content\/uploads\/2025\/02\/PCSC-PADRAO.jpg\" class=\"attachment-large size-large wp-image-26591\" alt=\"\" srcset=\"https:\/\/pc.sc.gov.br\/\/wp-content\/uploads\/2025\/02\/PCSC-PADRAO.jpg 768w, https:\/\/pc.sc.gov.br\/\/wp-content\/uploads\/2025\/02\/PCSC-PADRAO-300x225.jpg 300w\" sizes=\"(max-width: 696px) 100vw, 696px\" \/>\t\t\t\t\t\t\t\t\t\t\t\t\t\t\t<\/div>\n\t\t\t\t<\/div>\n\t\t\t\t<div class=\"elementor-element elementor-element-34a5808 elementor-widget elementor-widget-post-info\" data-id=\"34a5808\" data-element_type=\"widget\" data-widget_type=\"post-info.default\">\n\t\t\t\t<div class=\"elementor-widget-container\">\n\t\t\t\t\t\t\t<ul class=\"elementor-inline-items elementor-icon-list-items elementor-post-info\">\n\t\t\t\t\t\t\t\t<li class=\"elementor-icon-list-item elementor-repeater-item-57a6172 elementor-inline-item\" itemprop=\"author\">\n\t\t\t\t\t\t<a href=\"https:\/\/pc.sc.gov.br\/?author=5\">\n\t\t\t\t\t\t\t\t\t\t\t<span class=\"elementor-icon-list-icon\">\n\t\t\t\t\t\t\t\t<i aria-hidden=\"true\" class=\"far fa-user-circle\"><\/i>\t\t\t\t\t\t\t<\/span>\n\t\t\t\t\t\t\t\t\t<span class=\"elementor-icon-list-text elementor-post-info__item elementor-post-info__item--type-author\">\n\t\t\t\t\t\t\t\t\t\tStefany de Souza Alves\t\t\t\t\t<\/span>\n\t\t\t\t\t\t\t\t\t<\/a>\n\t\t\t\t<\/li>\n\t\t\t\t<li class=\"elementor-icon-list-item elementor-repeater-item-98c031f elementor-inline-item\" itemprop=\"datePublished\">\n\t\t\t\t\t\t<a href=\"https:\/\/pc.sc.gov.br\/?m=20250909\">\n\t\t\t\t\t\t\t\t\t\t\t<span class=\"elementor-icon-list-icon\">\n\t\t\t\t\t\t\t\t<i aria-hidden=\"true\" class=\"fas fa-calendar\"><\/i>\t\t\t\t\t\t\t<\/span>\n\t\t\t\t\t\t\t\t\t<span class=\"elementor-icon-list-text elementor-post-info__item elementor-post-info__item--type-date\">\n\t\t\t\t\t\t\t\t\t\t<time>setembro 9, 2025<\/time>\t\t\t\t\t<\/span>\n\t\t\t\t\t\t\t\t\t<\/a>\n\t\t\t\t<\/li>\n\t\t\t\t<li class=\"elementor-icon-list-item elementor-repeater-item-dd7e102 elementor-inline-item\">\n\t\t\t\t\t\t\t\t\t\t<span class=\"elementor-icon-list-icon\">\n\t\t\t\t\t\t\t\t<i aria-hidden=\"true\" class=\"far fa-clock\"><\/i>\t\t\t\t\t\t\t<\/span>\n\t\t\t\t\t\t\t\t\t<span class=\"elementor-icon-list-text elementor-post-info__item elementor-post-info__item--type-time\">\n\t\t\t\t\t\t\t\t\t\t<time>6:36 pm<\/time>\t\t\t\t\t<\/span>\n\t\t\t\t\t\t\t\t<\/li>\n\t\t\t\t<\/ul>\n\t\t\t\t\t\t<\/div>\n\t\t\t\t<\/div>\n\t\t\t\t\t<\/div>\n\t\t<\/div>\n\t\t\t\t\t<\/div>\n\t\t<\/section>\n\t\t\t\t<section class=\"elementor-section elementor-top-section elementor-element elementor-element-36b9feb elementor-section-boxed elementor-section-height-default elementor-section-height-default\" data-id=\"36b9feb\" data-element_type=\"section\">\n\t\t\t\t\t\t<div class=\"elementor-container elementor-column-gap-default\">\n\t\t\t\t\t<div class=\"elementor-column elementor-col-100 elementor-top-column elementor-element elementor-element-6c49019\" data-id=\"6c49019\" data-element_type=\"column\">\n\t\t\t<div class=\"elementor-widget-wrap elementor-element-populated\">\n\t\t\t\t\t\t<div class=\"elementor-element elementor-element-5e55a06 elementor-widget elementor-widget-text-editor\" data-id=\"5e55a06\" data-element_type=\"widget\" data-widget_type=\"text-editor.default\">\n\t\t\t\t<div class=\"elementor-widget-container\">\n\t\t\t\t\t\t\t\t\t<p>Nesta ter\u00e7a-feira (09\/09), a Pol\u00edcia Civil de Santa Catarina prendeu o homem que causou o duplo homic\u00eddio de um casal em Brun\u00f3polis, ocorrido no tr\u00e2nsito, no dia 2 de agosto deste ano. Em uma a\u00e7\u00e3o conjunta entre a Delegacia de Pol\u00edcia do Munic\u00edpio de Brun\u00f3polis e a Diretoria de Intelig\u00eancia da PCSC, o homem foi encontrado em Florian\u00f3polis.<\/p><p>O homem era considerado foragido desde ent\u00e3o. Ele foi localizado na casa de parentes, no bairro Rio Vermelho, no Norte da Ilha. O autor foi encaminhado ao Pres\u00eddio e ficar\u00e1 \u00e0 disposi\u00e7\u00e3o da Justi\u00e7a.<\/p><p><strong>Entenda o caso<\/strong><\/p><p>Na data do acidente, as v\u00edtimas se deslocavam para a cidade de Lages a fim de participar de um encontro de carros antigos. Segundo apurado durante a investiga\u00e7\u00e3o, o autor causou as duas mortes no tr\u00e2nsito de forma dolosa, na medida em que conduzia seu ve\u00edculo sem a devida habilita\u00e7\u00e3o e em estado de embriaguez alco\u00f3lica.<\/p><p>Ali\u00e1s, apurou-se que o indiv\u00edduo nunca foi habilitado para conduzir ve\u00edculos automotores, possuindo diversas passagens nesse sentido, al\u00e9m de j\u00e1 possuir passagem por embriaguez ao volante.<\/p><p>Ademais, no dia do fato o autor foi abordado portando uma arma de fogo de forma irregular, da qual n\u00e3o possu\u00eda o registro nem a autoriza\u00e7\u00e3o para port\u00e1-la. Ap\u00f3s o acidente o autor ainda teria amea\u00e7ado a equipe de socorristas com o referido armamento.<\/p><p>O pedido de pris\u00e3o preventiva do autor j\u00e1 havia sido feito logo no in\u00edcio da investiga\u00e7\u00e3o pela Delegacia de Pol\u00edcia do Munic\u00edpio de Brun\u00f3polis e o procedimento policial que apurava o fato foi finalizado e remetido ao Poder Judici\u00e1rio em 19 de agosto de 2025, com indiciamento do indiv\u00edduo por duplo homic\u00eddio doloso e porte ilegal de arma de fogo.<\/p>\t\t\t\t\t\t\t\t<\/div>\n\t\t\t\t<\/div>\n\t\t\t\t\t<\/div>\n\t\t<\/div>\n\t\t\t\t\t<\/div>\n\t\t<\/section>\n\t\t\t\t<\/div>\n\t\t","protected":false},"excerpt":{"rendered":"<p>Em Florian\u00f3polis, Pol\u00edcia Civil prende foragido por duplo homic\u00eddio ocorrido em Brun\u00f3polis Nesta ter\u00e7a-feira (09\/09), a Pol\u00edcia Civil de Santa Catarina prendeu o homem que causou o duplo homic\u00eddio de um casal em Brun\u00f3polis, ocorrido no tr\u00e2nsito, no dia 2 de agosto deste ano. Em uma a\u00e7\u00e3o conjunta entre a Delegacia de Pol\u00edcia do Munic\u00edpio [&hellip;]<\/p>\n","protected":false},"author":5,"featured_media":22127,"comment_status":"closed","ping_status":"open","sticky":false,"template":"","format":"standard","meta":{"_monsterinsights_skip_tracking":false,"_monsterinsights_sitenote_active":false,"_monsterinsights_sitenote_note":"","_monsterinsights_sitenote_category":0,"footnotes":""},"categories":[1],"tags":[],"class_list":["post-32017","post","type-post","status-publish","format-standard","has-post-thumbnail","hentry","category-sem-categoria"],"_links":{"self":[{"href":"https:\/\/pc.sc.gov.br\/index.php?rest_route=\/wp\/v2\/posts\/32017","targetHints":{"allow":["GET"]}}],"collection":[{"href":"https:\/\/pc.sc.gov.br\/index.php?rest_route=\/wp\/v2\/posts"}],"about":[{"href":"https:\/\/pc.sc.gov.br\/index.php?rest_route=\/wp\/v2\/types\/post"}],"author":[{"embeddable":true,"href":"https:\/\/pc.sc.gov.br\/index.php?rest_route=\/wp\/v2\/users\/5"}],"replies":[{"embeddable":true,"href":"https:\/\/pc.sc.gov.br\/index.php?rest_route=%2Fwp%2Fv2%2Fcomments&post=32017"}],"version-history":[{"count":4,"href":"https:\/\/pc.sc.gov.br\/index.php?rest_route=\/wp\/v2\/posts\/32017\/revisions"}],"predecessor-version":[{"id":32021,"href":"https:\/\/pc.sc.gov.br\/index.php?rest_route=\/wp\/v2\/posts\/32017\/revisions\/32021"}],"wp:featuredmedia":[{"embeddable":true,"href":"https:\/\/pc.sc.gov.br\/index.php?rest_route=\/wp\/v2\/media\/22127"}],"wp:attachment":[{"href":"https:\/\/pc.sc.gov.br\/index.php?rest_route=%2Fwp%2Fv2%2Fmedia&parent=32017"}],"wp:term":[{"taxonomy":"category","embeddable":true,"href":"https:\/\/pc.sc.gov.br\/index.php?rest_route=%2Fwp%2Fv2%2Fcategories&post=32017"},{"taxonomy":"post_tag","embeddable":true,"href":"https:\/\/pc.sc.gov.br\/index.php?rest_route=%2Fwp%2Fv2%2Ftags&post=32017"}],"curies":[{"name":"wp","href":"https:\/\/api.w.org\/{rel}","templated":true}]}}