{"id":32079,"date":"2025-09-10T18:26:49","date_gmt":"2025-09-10T21:26:49","guid":{"rendered":"https:\/\/pc.sc.gov.br\/?p=32079"},"modified":"2025-09-10T18:29:02","modified_gmt":"2025-09-10T21:29:02","slug":"delegado-enio-de-oliveira-matos-e-homenageado-na-alesc-por-carreira-dedicada-a-seguranca-publica","status":"publish","type":"post","link":"https:\/\/pc.sc.gov.br\/?p=32079","title":{"rendered":"Delegado \u00canio de Oliveira Matos \u00e9 homenageado na ALESC por carreira dedicada \u00e0 seguran\u00e7a p\u00fablica"},"content":{"rendered":"\t\t<div data-elementor-type=\"wp-post\" data-elementor-id=\"32079\" class=\"elementor elementor-32079\" data-elementor-post-type=\"post\">\n\t\t\t\t\t\t<section class=\"elementor-section elementor-top-section elementor-element elementor-element-2528f93 elementor-section-boxed elementor-section-height-default elementor-section-height-default\" data-id=\"2528f93\" data-element_type=\"section\">\n\t\t\t\t\t\t<div class=\"elementor-container elementor-column-gap-default\">\n\t\t\t\t\t<div class=\"elementor-column elementor-col-100 elementor-top-column elementor-element elementor-element-8cf38b5\" data-id=\"8cf38b5\" data-element_type=\"column\">\n\t\t\t<div class=\"elementor-widget-wrap elementor-element-populated\">\n\t\t\t\t\t\t<div class=\"elementor-element elementor-element-35d731c elementor-widget elementor-widget-heading\" data-id=\"35d731c\" data-element_type=\"widget\" data-widget_type=\"heading.default\">\n\t\t\t\t<div class=\"elementor-widget-container\">\n\t\t\t\t\t<h2 class=\"elementor-heading-title elementor-size-default\">Delegado \u00canio de Oliveira Matos \u00e9 homenageado na ALESC por carreira dedicada \u00e0 seguran\u00e7a p\u00fablica<\/h2>\t\t\t\t<\/div>\n\t\t\t\t<\/div>\n\t\t\t\t\t<\/div>\n\t\t<\/div>\n\t\t\t\t\t<\/div>\n\t\t<\/section>\n\t\t\t\t<section class=\"elementor-section elementor-top-section elementor-element elementor-element-86216b1 elementor-section-boxed elementor-section-height-default elementor-section-height-default\" data-id=\"86216b1\" data-element_type=\"section\">\n\t\t\t\t\t\t<div class=\"elementor-container elementor-column-gap-default\">\n\t\t\t\t\t<div class=\"elementor-column elementor-col-100 elementor-top-column elementor-element elementor-element-332df02\" data-id=\"332df02\" data-element_type=\"column\">\n\t\t\t<div class=\"elementor-widget-wrap elementor-element-populated\">\n\t\t\t\t\t\t<div class=\"elementor-element elementor-element-f24300f elementor-widget elementor-widget-image\" data-id=\"f24300f\" data-element_type=\"widget\" data-widget_type=\"image.default\">\n\t\t\t\t<div class=\"elementor-widget-container\">\n\t\t\t\t\t\t\t\t\t\t\t\t\t\t\t<img fetchpriority=\"high\" decoding=\"async\" width=\"696\" height=\"464\" src=\"https:\/\/pc.sc.gov.br\/\/wp-content\/uploads\/2025\/09\/WhatsApp-Image-2025-09-10-at-18.24.50-1024x682.jpeg\" class=\"attachment-large size-large wp-image-32082\" alt=\"\" srcset=\"https:\/\/pc.sc.gov.br\/\/wp-content\/uploads\/2025\/09\/WhatsApp-Image-2025-09-10-at-18.24.50-1024x682.jpeg 1024w, https:\/\/pc.sc.gov.br\/\/wp-content\/uploads\/2025\/09\/WhatsApp-Image-2025-09-10-at-18.24.50-300x200.jpeg 300w, https:\/\/pc.sc.gov.br\/\/wp-content\/uploads\/2025\/09\/WhatsApp-Image-2025-09-10-at-18.24.50-768x512.jpeg 768w, https:\/\/pc.sc.gov.br\/\/wp-content\/uploads\/2025\/09\/WhatsApp-Image-2025-09-10-at-18.24.50.jpeg 1439w\" sizes=\"(max-width: 696px) 100vw, 696px\" \/>\t\t\t\t\t\t\t\t\t\t\t\t\t\t\t<\/div>\n\t\t\t\t<\/div>\n\t\t\t\t\t<\/div>\n\t\t<\/div>\n\t\t\t\t\t<\/div>\n\t\t<\/section>\n\t\t\t\t<section class=\"elementor-section elementor-top-section elementor-element elementor-element-336bb3f elementor-section-boxed elementor-section-height-default elementor-section-height-default\" data-id=\"336bb3f\" data-element_type=\"section\">\n\t\t\t\t\t\t<div class=\"elementor-container elementor-column-gap-default\">\n\t\t\t\t\t<div class=\"elementor-column elementor-col-100 elementor-top-column elementor-element elementor-element-7755fed\" data-id=\"7755fed\" data-element_type=\"column\">\n\t\t\t<div class=\"elementor-widget-wrap elementor-element-populated\">\n\t\t\t\t\t\t<div class=\"elementor-element elementor-element-987b90e elementor-widget elementor-widget-post-info\" data-id=\"987b90e\" data-element_type=\"widget\" data-widget_type=\"post-info.default\">\n\t\t\t\t<div class=\"elementor-widget-container\">\n\t\t\t\t\t\t\t<ul class=\"elementor-inline-items elementor-icon-list-items elementor-post-info\">\n\t\t\t\t\t\t\t\t<li class=\"elementor-icon-list-item elementor-repeater-item-4c64b09 elementor-inline-item\" itemprop=\"author\">\n\t\t\t\t\t\t<a href=\"https:\/\/pc.sc.gov.br\/?author=5\">\n\t\t\t\t\t\t\t\t\t\t\t<span class=\"elementor-icon-list-icon\">\n\t\t\t\t\t\t\t\t<i aria-hidden=\"true\" class=\"far fa-user-circle\"><\/i>\t\t\t\t\t\t\t<\/span>\n\t\t\t\t\t\t\t\t\t<span class=\"elementor-icon-list-text elementor-post-info__item elementor-post-info__item--type-author\">\n\t\t\t\t\t\t\t\t\t\tStefany de Souza Alves\t\t\t\t\t<\/span>\n\t\t\t\t\t\t\t\t\t<\/a>\n\t\t\t\t<\/li>\n\t\t\t\t<li class=\"elementor-icon-list-item elementor-repeater-item-5ee1ff1 elementor-inline-item\" itemprop=\"datePublished\">\n\t\t\t\t\t\t<a href=\"https:\/\/pc.sc.gov.br\/?m=20250910\">\n\t\t\t\t\t\t\t\t\t\t\t<span class=\"elementor-icon-list-icon\">\n\t\t\t\t\t\t\t\t<i aria-hidden=\"true\" class=\"fas fa-calendar\"><\/i>\t\t\t\t\t\t\t<\/span>\n\t\t\t\t\t\t\t\t\t<span class=\"elementor-icon-list-text elementor-post-info__item elementor-post-info__item--type-date\">\n\t\t\t\t\t\t\t\t\t\t<time>setembro 10, 2025<\/time>\t\t\t\t\t<\/span>\n\t\t\t\t\t\t\t\t\t<\/a>\n\t\t\t\t<\/li>\n\t\t\t\t<li class=\"elementor-icon-list-item elementor-repeater-item-c1c43da elementor-inline-item\">\n\t\t\t\t\t\t\t\t\t\t<span class=\"elementor-icon-list-icon\">\n\t\t\t\t\t\t\t\t<i aria-hidden=\"true\" class=\"far fa-clock\"><\/i>\t\t\t\t\t\t\t<\/span>\n\t\t\t\t\t\t\t\t\t<span class=\"elementor-icon-list-text elementor-post-info__item elementor-post-info__item--type-time\">\n\t\t\t\t\t\t\t\t\t\t<time>6:26 pm<\/time>\t\t\t\t\t<\/span>\n\t\t\t\t\t\t\t\t<\/li>\n\t\t\t\t<\/ul>\n\t\t\t\t\t\t<\/div>\n\t\t\t\t<\/div>\n\t\t\t\t\t<\/div>\n\t\t<\/div>\n\t\t\t\t\t<\/div>\n\t\t<\/section>\n\t\t\t\t<section class=\"elementor-section elementor-top-section elementor-element elementor-element-ff86958 elementor-section-boxed elementor-section-height-default elementor-section-height-default\" data-id=\"ff86958\" data-element_type=\"section\">\n\t\t\t\t\t\t<div class=\"elementor-container elementor-column-gap-default\">\n\t\t\t\t\t<div class=\"elementor-column elementor-col-100 elementor-top-column elementor-element elementor-element-1dea06a\" data-id=\"1dea06a\" data-element_type=\"column\">\n\t\t\t<div class=\"elementor-widget-wrap elementor-element-populated\">\n\t\t\t\t\t\t<div class=\"elementor-element elementor-element-ec89de2 elementor-widget elementor-widget-text-editor\" data-id=\"ec89de2\" data-element_type=\"widget\" data-widget_type=\"text-editor.default\">\n\t\t\t\t<div class=\"elementor-widget-container\">\n\t\t\t\t\t\t\t\t\t<p>O delegado de Pol\u00edcia Civil \u00canio de Oliveira Matos, que recentemente se aposentou ap\u00f3s uma trajet\u00f3ria marcada pela dedica\u00e7\u00e3o e efici\u00eancia, recebeu homenagem nesta ter\u00e7a-feira (9), em sess\u00e3o solene realizada no Plen\u00e1rio da Assembleia Legislativa de Santa Catarina (ALESC).<\/p><p>\u00c0 frente da Delegacia de Homic\u00eddios da Capital desde a sua cria\u00e7\u00e3o, em 2008, o delegado \u00canio coordenou a elucida\u00e7\u00e3o de mais de 1.300 homic\u00eddios, resultado que destacou Santa Catarina no cen\u00e1rio nacional pela efici\u00eancia da Pol\u00edcia Civil.<\/p><p>A cerim\u00f4nia reuniu familiares, amigos e autoridades da Seguran\u00e7a P\u00fablica. Em seu discurso, \u00canio ressaltou o trabalho conjunto da institui\u00e7\u00e3o e a import\u00e2ncia da equipe: \u201cO m\u00e9rito \u00e9 de todos os policiais civis\u201d, afirmou, demonstrando humildade e esp\u00edrito de colabora\u00e7\u00e3o.<\/p><p>A Pol\u00edcia Civil de Santa Catarina expressa seu reconhecimento e gratid\u00e3o pelo legado do delegado \u00canio de Oliveira Matos, cuja atua\u00e7\u00e3o contribuiu de forma decisiva para a prote\u00e7\u00e3o e seguran\u00e7a da sociedade catarinense.<\/p>\t\t\t\t\t\t\t\t<\/div>\n\t\t\t\t<\/div>\n\t\t\t\t\t<\/div>\n\t\t<\/div>\n\t\t\t\t\t<\/div>\n\t\t<\/section>\n\t\t\t\t<section class=\"elementor-section elementor-top-section elementor-element elementor-element-bed6fff elementor-section-boxed elementor-section-height-default elementor-section-height-default\" data-id=\"bed6fff\" data-element_type=\"section\">\n\t\t\t\t\t\t<div class=\"elementor-container elementor-column-gap-default\">\n\t\t\t\t\t<div class=\"elementor-column elementor-col-100 elementor-top-column elementor-element elementor-element-6c4707a\" data-id=\"6c4707a\" data-element_type=\"column\">\n\t\t\t<div class=\"elementor-widget-wrap elementor-element-populated\">\n\t\t\t\t\t\t<div class=\"elementor-element elementor-element-e6662a4 elementor-widget elementor-widget-image\" data-id=\"e6662a4\" data-element_type=\"widget\" data-widget_type=\"image.default\">\n\t\t\t\t<div class=\"elementor-widget-container\">\n\t\t\t\t\t\t\t\t\t\t\t\t\t\t\t<img decoding=\"async\" width=\"696\" height=\"392\" src=\"https:\/\/pc.sc.gov.br\/\/wp-content\/uploads\/2025\/09\/WhatsApp-Image-2025-09-09-at-16.41.40-1024x576.jpeg\" class=\"attachment-large size-large wp-image-32080\" alt=\"\" srcset=\"https:\/\/pc.sc.gov.br\/\/wp-content\/uploads\/2025\/09\/WhatsApp-Image-2025-09-09-at-16.41.40-1024x576.jpeg 1024w, https:\/\/pc.sc.gov.br\/\/wp-content\/uploads\/2025\/09\/WhatsApp-Image-2025-09-09-at-16.41.40-300x169.jpeg 300w, https:\/\/pc.sc.gov.br\/\/wp-content\/uploads\/2025\/09\/WhatsApp-Image-2025-09-09-at-16.41.40-768x432.jpeg 768w, https:\/\/pc.sc.gov.br\/\/wp-content\/uploads\/2025\/09\/WhatsApp-Image-2025-09-09-at-16.41.40-1536x864.jpeg 1536w, https:\/\/pc.sc.gov.br\/\/wp-content\/uploads\/2025\/09\/WhatsApp-Image-2025-09-09-at-16.41.40.jpeg 1600w\" sizes=\"(max-width: 696px) 100vw, 696px\" \/>\t\t\t\t\t\t\t\t\t\t\t\t\t\t\t<\/div>\n\t\t\t\t<\/div>\n\t\t\t\t\t<\/div>\n\t\t<\/div>\n\t\t\t\t\t<\/div>\n\t\t<\/section>\n\t\t\t\t<\/div>\n\t\t","protected":false},"excerpt":{"rendered":"<p>Delegado \u00canio de Oliveira Matos \u00e9 homenageado na ALESC por carreira dedicada \u00e0 seguran\u00e7a p\u00fablica O delegado de Pol\u00edcia Civil \u00canio de Oliveira Matos, que recentemente se aposentou ap\u00f3s uma trajet\u00f3ria marcada pela dedica\u00e7\u00e3o e efici\u00eancia, recebeu homenagem nesta ter\u00e7a-feira (9), em sess\u00e3o solene realizada no Plen\u00e1rio da Assembleia Legislativa de Santa Catarina (ALESC). \u00c0 [&hellip;]<\/p>\n","protected":false},"author":5,"featured_media":32080,"comment_status":"closed","ping_status":"open","sticky":false,"template":"","format":"standard","meta":{"_monsterinsights_skip_tracking":false,"_monsterinsights_sitenote_active":false,"_monsterinsights_sitenote_note":"","_monsterinsights_sitenote_category":0,"footnotes":""},"categories":[1],"tags":[],"class_list":["post-32079","post","type-post","status-publish","format-standard","has-post-thumbnail","hentry","category-sem-categoria"],"_links":{"self":[{"href":"https:\/\/pc.sc.gov.br\/index.php?rest_route=\/wp\/v2\/posts\/32079","targetHints":{"allow":["GET"]}}],"collection":[{"href":"https:\/\/pc.sc.gov.br\/index.php?rest_route=\/wp\/v2\/posts"}],"about":[{"href":"https:\/\/pc.sc.gov.br\/index.php?rest_route=\/wp\/v2\/types\/post"}],"author":[{"embeddable":true,"href":"https:\/\/pc.sc.gov.br\/index.php?rest_route=\/wp\/v2\/users\/5"}],"replies":[{"embeddable":true,"href":"https:\/\/pc.sc.gov.br\/index.php?rest_route=%2Fwp%2Fv2%2Fcomments&post=32079"}],"version-history":[{"count":4,"href":"https:\/\/pc.sc.gov.br\/index.php?rest_route=\/wp\/v2\/posts\/32079\/revisions"}],"predecessor-version":[{"id":32085,"href":"https:\/\/pc.sc.gov.br\/index.php?rest_route=\/wp\/v2\/posts\/32079\/revisions\/32085"}],"wp:featuredmedia":[{"embeddable":true,"href":"https:\/\/pc.sc.gov.br\/index.php?rest_route=\/wp\/v2\/media\/32080"}],"wp:attachment":[{"href":"https:\/\/pc.sc.gov.br\/index.php?rest_route=%2Fwp%2Fv2%2Fmedia&parent=32079"}],"wp:term":[{"taxonomy":"category","embeddable":true,"href":"https:\/\/pc.sc.gov.br\/index.php?rest_route=%2Fwp%2Fv2%2Fcategories&post=32079"},{"taxonomy":"post_tag","embeddable":true,"href":"https:\/\/pc.sc.gov.br\/index.php?rest_route=%2Fwp%2Fv2%2Ftags&post=32079"}],"curies":[{"name":"wp","href":"https:\/\/api.w.org\/{rel}","templated":true}]}}