{"id":32158,"date":"2025-09-12T15:33:41","date_gmt":"2025-09-12T18:33:41","guid":{"rendered":"https:\/\/pc.sc.gov.br\/?p=32158"},"modified":"2025-09-12T15:43:10","modified_gmt":"2025-09-12T18:43:10","slug":"policia-civil-prende-autor-de-roubo-de-veiculo-em-criciuma","status":"publish","type":"post","link":"https:\/\/pc.sc.gov.br\/?p=32158","title":{"rendered":"Pol\u00edcia Civil prende autor de roubo de ve\u00edculo em Crici\u00fama"},"content":{"rendered":"\t\t<div data-elementor-type=\"wp-post\" data-elementor-id=\"32158\" class=\"elementor elementor-32158\" data-elementor-post-type=\"post\">\n\t\t\t\t\t\t<section class=\"elementor-section elementor-top-section elementor-element elementor-element-7f3d2fe elementor-section-boxed elementor-section-height-default elementor-section-height-default\" data-id=\"7f3d2fe\" data-element_type=\"section\">\n\t\t\t\t\t\t<div class=\"elementor-container elementor-column-gap-default\">\n\t\t\t\t\t<div class=\"elementor-column elementor-col-100 elementor-top-column elementor-element elementor-element-7351678\" data-id=\"7351678\" data-element_type=\"column\">\n\t\t\t<div class=\"elementor-widget-wrap elementor-element-populated\">\n\t\t\t\t\t\t<div class=\"elementor-element elementor-element-5683680 elementor-widget elementor-widget-heading\" data-id=\"5683680\" data-element_type=\"widget\" data-widget_type=\"heading.default\">\n\t\t\t\t<div class=\"elementor-widget-container\">\n\t\t\t\t\t<h2 class=\"elementor-heading-title elementor-size-default\">Pol\u00edcia Civil prende autor de roubo de ve\u00edculo em Crici\u00fama<\/h2>\t\t\t\t<\/div>\n\t\t\t\t<\/div>\n\t\t\t\t\t<\/div>\n\t\t<\/div>\n\t\t\t\t\t<\/div>\n\t\t<\/section>\n\t\t\t\t<section class=\"elementor-section elementor-top-section elementor-element elementor-element-4ec3ad3 elementor-section-boxed elementor-section-height-default elementor-section-height-default\" data-id=\"4ec3ad3\" data-element_type=\"section\">\n\t\t\t\t\t\t<div class=\"elementor-container elementor-column-gap-default\">\n\t\t\t\t\t<div class=\"elementor-column elementor-col-100 elementor-top-column elementor-element elementor-element-c170aee\" data-id=\"c170aee\" data-element_type=\"column\">\n\t\t\t<div class=\"elementor-widget-wrap elementor-element-populated\">\n\t\t\t\t\t\t<div class=\"elementor-element elementor-element-d1bb0f4 elementor-widget elementor-widget-image\" data-id=\"d1bb0f4\" data-element_type=\"widget\" data-widget_type=\"image.default\">\n\t\t\t\t<div class=\"elementor-widget-container\">\n\t\t\t\t\t\t\t\t\t\t\t\t\t\t\t<img fetchpriority=\"high\" decoding=\"async\" width=\"696\" height=\"730\" src=\"https:\/\/pc.sc.gov.br\/\/wp-content\/uploads\/2025\/09\/WhatsApp-Image-2025-09-12-at-15.02.37-976x1024.jpeg\" class=\"attachment-large size-large wp-image-32160\" alt=\"\" srcset=\"https:\/\/pc.sc.gov.br\/\/wp-content\/uploads\/2025\/09\/WhatsApp-Image-2025-09-12-at-15.02.37-976x1024.jpeg 976w, https:\/\/pc.sc.gov.br\/\/wp-content\/uploads\/2025\/09\/WhatsApp-Image-2025-09-12-at-15.02.37-286x300.jpeg 286w, https:\/\/pc.sc.gov.br\/\/wp-content\/uploads\/2025\/09\/WhatsApp-Image-2025-09-12-at-15.02.37-768x806.jpeg 768w, https:\/\/pc.sc.gov.br\/\/wp-content\/uploads\/2025\/09\/WhatsApp-Image-2025-09-12-at-15.02.37.jpeg 1000w\" sizes=\"(max-width: 696px) 100vw, 696px\" \/>\t\t\t\t\t\t\t\t\t\t\t\t\t\t\t<\/div>\n\t\t\t\t<\/div>\n\t\t\t\t<div class=\"elementor-element elementor-element-45fd926 elementor-widget elementor-widget-post-info\" data-id=\"45fd926\" data-element_type=\"widget\" data-widget_type=\"post-info.default\">\n\t\t\t\t<div class=\"elementor-widget-container\">\n\t\t\t\t\t\t\t<ul class=\"elementor-inline-items elementor-icon-list-items elementor-post-info\">\n\t\t\t\t\t\t\t\t<li class=\"elementor-icon-list-item elementor-repeater-item-51eb6f4 elementor-inline-item\" itemprop=\"author\">\n\t\t\t\t\t\t<a href=\"https:\/\/pc.sc.gov.br\/?author=5\">\n\t\t\t\t\t\t\t\t\t\t\t<span class=\"elementor-icon-list-icon\">\n\t\t\t\t\t\t\t\t<i aria-hidden=\"true\" class=\"far fa-user-circle\"><\/i>\t\t\t\t\t\t\t<\/span>\n\t\t\t\t\t\t\t\t\t<span class=\"elementor-icon-list-text elementor-post-info__item elementor-post-info__item--type-author\">\n\t\t\t\t\t\t\t\t\t\tStefany de Souza Alves\t\t\t\t\t<\/span>\n\t\t\t\t\t\t\t\t\t<\/a>\n\t\t\t\t<\/li>\n\t\t\t\t<li class=\"elementor-icon-list-item elementor-repeater-item-5293168 elementor-inline-item\" itemprop=\"datePublished\">\n\t\t\t\t\t\t<a href=\"https:\/\/pc.sc.gov.br\/?m=20250912\">\n\t\t\t\t\t\t\t\t\t\t\t<span class=\"elementor-icon-list-icon\">\n\t\t\t\t\t\t\t\t<i aria-hidden=\"true\" class=\"fas fa-calendar\"><\/i>\t\t\t\t\t\t\t<\/span>\n\t\t\t\t\t\t\t\t\t<span class=\"elementor-icon-list-text elementor-post-info__item elementor-post-info__item--type-date\">\n\t\t\t\t\t\t\t\t\t\t<time>setembro 12, 2025<\/time>\t\t\t\t\t<\/span>\n\t\t\t\t\t\t\t\t\t<\/a>\n\t\t\t\t<\/li>\n\t\t\t\t<li class=\"elementor-icon-list-item elementor-repeater-item-ebc39fd elementor-inline-item\">\n\t\t\t\t\t\t\t\t\t\t<span class=\"elementor-icon-list-icon\">\n\t\t\t\t\t\t\t\t<i aria-hidden=\"true\" class=\"far fa-clock\"><\/i>\t\t\t\t\t\t\t<\/span>\n\t\t\t\t\t\t\t\t\t<span class=\"elementor-icon-list-text elementor-post-info__item elementor-post-info__item--type-time\">\n\t\t\t\t\t\t\t\t\t\t<time>3:33 pm<\/time>\t\t\t\t\t<\/span>\n\t\t\t\t\t\t\t\t<\/li>\n\t\t\t\t<\/ul>\n\t\t\t\t\t\t<\/div>\n\t\t\t\t<\/div>\n\t\t\t\t\t<\/div>\n\t\t<\/div>\n\t\t\t\t\t<\/div>\n\t\t<\/section>\n\t\t\t\t<section class=\"elementor-section elementor-top-section elementor-element elementor-element-03697d9 elementor-section-boxed elementor-section-height-default elementor-section-height-default\" data-id=\"03697d9\" data-element_type=\"section\">\n\t\t\t\t\t\t<div class=\"elementor-container elementor-column-gap-default\">\n\t\t\t\t\t<div class=\"elementor-column elementor-col-100 elementor-top-column elementor-element elementor-element-43192ec\" data-id=\"43192ec\" data-element_type=\"column\">\n\t\t\t<div class=\"elementor-widget-wrap elementor-element-populated\">\n\t\t\t\t\t\t<div class=\"elementor-element elementor-element-1448daa elementor-widget elementor-widget-text-editor\" data-id=\"1448daa\" data-element_type=\"widget\" data-widget_type=\"text-editor.default\">\n\t\t\t\t<div class=\"elementor-widget-container\">\n\t\t\t\t\t\t\t\t\t<p>Nesta semana, a Pol\u00edcia Civil de Santa Catarina, por meio da Delegacia de Repress\u00e3o a Roubos (DRR\/DIC Crici\u00fama), concluiu investiga\u00e7\u00e3o sobre o roubo de um ve\u00edculo ocorrido em maio deste ano. O inqu\u00e9rito apontou a identifica\u00e7\u00e3o do principal autor do crime. O homem foi preso de forma preventiva.<\/p><p>O crime, ocorrido no bairro Vila Floresta I, envolveu a abordagem da v\u00edtima, com uso de uma faca de cozinha, para subtrair o ve\u00edculo da fam\u00edlia. O autom\u00f3vel foi posteriormente abandonado pelos assaltantes, ap\u00f3s colidir com um poste, ainda nas proximidades do local do roubo.<\/p><p>As dilig\u00eancias investigativas foram conclusivas para a identifica\u00e7\u00e3o de um dos envolvidos. Em seu interrogat\u00f3rio, o investigado tentou apresentar um \u00e1libi que n\u00e3o foi confirmado. O autor identificado possui hist\u00f3rico policial, figurando em procedimentos envolvendo crimes contra o patrim\u00f4nio, amea\u00e7a, furto e recepta\u00e7\u00e3o.<\/p><p>Em raz\u00e3o da gravidade dos fatos e dos fortes ind\u00edcios de autoria, al\u00e9m de promover o indiciamento formal, a Pol\u00edcia Civil requereu a pris\u00e3o preventiva do investigado, sendo deferida pelo Poder Judici\u00e1rio, ap\u00f3s parecer favor\u00e1vel do Minist\u00e9rio P\u00fablico. O suspeito teve sua pris\u00e3o efetivada, estando \u00e0 disposi\u00e7\u00e3o da Justi\u00e7a, no Pres\u00eddio Santa Augusta.<\/p>\t\t\t\t\t\t\t\t<\/div>\n\t\t\t\t<\/div>\n\t\t\t\t\t<\/div>\n\t\t<\/div>\n\t\t\t\t\t<\/div>\n\t\t<\/section>\n\t\t\t\t<\/div>\n\t\t","protected":false},"excerpt":{"rendered":"<p>Pol\u00edcia Civil prende autor de roubo de ve\u00edculo em Crici\u00fama Nesta semana, a Pol\u00edcia Civil de Santa Catarina, por meio da Delegacia de Repress\u00e3o a Roubos (DRR\/DIC Crici\u00fama), concluiu investiga\u00e7\u00e3o sobre o roubo de um ve\u00edculo ocorrido em maio deste ano. O inqu\u00e9rito apontou a identifica\u00e7\u00e3o do principal autor do crime. O homem foi preso [&hellip;]<\/p>\n","protected":false},"author":5,"featured_media":32160,"comment_status":"closed","ping_status":"open","sticky":false,"template":"","format":"standard","meta":{"_monsterinsights_skip_tracking":false,"_monsterinsights_sitenote_active":false,"_monsterinsights_sitenote_note":"","_monsterinsights_sitenote_category":0,"footnotes":""},"categories":[1],"tags":[],"class_list":["post-32158","post","type-post","status-publish","format-standard","has-post-thumbnail","hentry","category-sem-categoria"],"_links":{"self":[{"href":"https:\/\/pc.sc.gov.br\/index.php?rest_route=\/wp\/v2\/posts\/32158","targetHints":{"allow":["GET"]}}],"collection":[{"href":"https:\/\/pc.sc.gov.br\/index.php?rest_route=\/wp\/v2\/posts"}],"about":[{"href":"https:\/\/pc.sc.gov.br\/index.php?rest_route=\/wp\/v2\/types\/post"}],"author":[{"embeddable":true,"href":"https:\/\/pc.sc.gov.br\/index.php?rest_route=\/wp\/v2\/users\/5"}],"replies":[{"embeddable":true,"href":"https:\/\/pc.sc.gov.br\/index.php?rest_route=%2Fwp%2Fv2%2Fcomments&post=32158"}],"version-history":[{"count":4,"href":"https:\/\/pc.sc.gov.br\/index.php?rest_route=\/wp\/v2\/posts\/32158\/revisions"}],"predecessor-version":[{"id":32166,"href":"https:\/\/pc.sc.gov.br\/index.php?rest_route=\/wp\/v2\/posts\/32158\/revisions\/32166"}],"wp:featuredmedia":[{"embeddable":true,"href":"https:\/\/pc.sc.gov.br\/index.php?rest_route=\/wp\/v2\/media\/32160"}],"wp:attachment":[{"href":"https:\/\/pc.sc.gov.br\/index.php?rest_route=%2Fwp%2Fv2%2Fmedia&parent=32158"}],"wp:term":[{"taxonomy":"category","embeddable":true,"href":"https:\/\/pc.sc.gov.br\/index.php?rest_route=%2Fwp%2Fv2%2Fcategories&post=32158"},{"taxonomy":"post_tag","embeddable":true,"href":"https:\/\/pc.sc.gov.br\/index.php?rest_route=%2Fwp%2Fv2%2Ftags&post=32158"}],"curies":[{"name":"wp","href":"https:\/\/api.w.org\/{rel}","templated":true}]}}