{"id":32170,"date":"2025-09-12T15:59:58","date_gmt":"2025-09-12T18:59:58","guid":{"rendered":"https:\/\/pc.sc.gov.br\/?p=32170"},"modified":"2025-09-12T16:12:15","modified_gmt":"2025-09-12T19:12:15","slug":"policia-civil-de-sc-deflagra-100a-operacao-da-cecor-contra-a-corrupcao","status":"publish","type":"post","link":"https:\/\/pc.sc.gov.br\/?p=32170","title":{"rendered":"Pol\u00edcia Civil de SC deflagra 100\u00aa opera\u00e7\u00e3o da CECOR contra a corrup\u00e7\u00e3o"},"content":{"rendered":"\t\t<div data-elementor-type=\"wp-post\" data-elementor-id=\"32170\" class=\"elementor elementor-32170\" data-elementor-post-type=\"post\">\n\t\t\t\t\t\t<section class=\"elementor-section elementor-top-section elementor-element elementor-element-7a4acd0 elementor-section-boxed elementor-section-height-default elementor-section-height-default\" data-id=\"7a4acd0\" data-element_type=\"section\">\n\t\t\t\t\t\t<div class=\"elementor-container elementor-column-gap-default\">\n\t\t\t\t\t<div class=\"elementor-column elementor-col-100 elementor-top-column elementor-element elementor-element-0157a2c\" data-id=\"0157a2c\" data-element_type=\"column\">\n\t\t\t<div class=\"elementor-widget-wrap elementor-element-populated\">\n\t\t\t\t\t\t<div class=\"elementor-element elementor-element-49a9681 elementor-widget elementor-widget-heading\" data-id=\"49a9681\" data-element_type=\"widget\" data-widget_type=\"heading.default\">\n\t\t\t\t<div class=\"elementor-widget-container\">\n\t\t\t\t\t<h2 class=\"elementor-heading-title elementor-size-default\">Pol\u00edcia Civil de SC deflagra 100\u00aa opera\u00e7\u00e3o da CECOR contra a corrup\u00e7\u00e3o<\/h2>\t\t\t\t<\/div>\n\t\t\t\t<\/div>\n\t\t\t\t\t<\/div>\n\t\t<\/div>\n\t\t\t\t\t<\/div>\n\t\t<\/section>\n\t\t\t\t<section class=\"elementor-section elementor-top-section elementor-element elementor-element-25ca892 elementor-section-boxed elementor-section-height-default elementor-section-height-default\" data-id=\"25ca892\" data-element_type=\"section\">\n\t\t\t\t\t\t<div class=\"elementor-container elementor-column-gap-default\">\n\t\t\t\t\t<div class=\"elementor-column elementor-col-100 elementor-top-column elementor-element elementor-element-97bed12\" data-id=\"97bed12\" data-element_type=\"column\">\n\t\t\t<div class=\"elementor-widget-wrap elementor-element-populated\">\n\t\t\t\t\t\t<div class=\"elementor-element elementor-element-e430ab6 elementor-widget elementor-widget-image\" data-id=\"e430ab6\" data-element_type=\"widget\" data-widget_type=\"image.default\">\n\t\t\t\t<div class=\"elementor-widget-container\">\n\t\t\t\t\t\t\t\t\t\t\t\t\t\t\t<img fetchpriority=\"high\" decoding=\"async\" width=\"696\" height=\"363\" src=\"https:\/\/pc.sc.gov.br\/\/wp-content\/uploads\/2025\/09\/WhatsApp-Image-2025-09-12-at-14.08.02.jpeg\" class=\"attachment-large size-large wp-image-32171\" alt=\"\" srcset=\"https:\/\/pc.sc.gov.br\/\/wp-content\/uploads\/2025\/09\/WhatsApp-Image-2025-09-12-at-14.08.02.jpeg 767w, https:\/\/pc.sc.gov.br\/\/wp-content\/uploads\/2025\/09\/WhatsApp-Image-2025-09-12-at-14.08.02-300x156.jpeg 300w\" sizes=\"(max-width: 696px) 100vw, 696px\" \/>\t\t\t\t\t\t\t\t\t\t\t\t\t\t\t<\/div>\n\t\t\t\t<\/div>\n\t\t\t\t\t<\/div>\n\t\t<\/div>\n\t\t\t\t\t<\/div>\n\t\t<\/section>\n\t\t\t\t<section class=\"elementor-section elementor-top-section elementor-element elementor-element-d759e41 elementor-section-boxed elementor-section-height-default elementor-section-height-default\" data-id=\"d759e41\" data-element_type=\"section\">\n\t\t\t\t\t\t<div class=\"elementor-container elementor-column-gap-default\">\n\t\t\t\t\t<div class=\"elementor-column elementor-col-100 elementor-top-column elementor-element elementor-element-e41be39\" data-id=\"e41be39\" data-element_type=\"column\">\n\t\t\t<div class=\"elementor-widget-wrap elementor-element-populated\">\n\t\t\t\t\t\t<div class=\"elementor-element elementor-element-28b0312 elementor-widget elementor-widget-heading\" data-id=\"28b0312\" data-element_type=\"widget\" data-widget_type=\"heading.default\">\n\t\t\t\t<div class=\"elementor-widget-container\">\n\t\t\t\t\t<h2 class=\"elementor-heading-title elementor-size-default\">Em Santa Catarina, as opera\u00e7\u00f5es ocorreram em 82 munic<i>\u00edpios. <\/i><\/h2>\t\t\t\t<\/div>\n\t\t\t\t<\/div>\n\t\t\t\t\t<\/div>\n\t\t<\/div>\n\t\t\t\t\t<\/div>\n\t\t<\/section>\n\t\t\t\t<section class=\"elementor-section elementor-top-section elementor-element elementor-element-a3d56cc elementor-section-boxed elementor-section-height-default elementor-section-height-default\" data-id=\"a3d56cc\" data-element_type=\"section\">\n\t\t\t\t\t\t<div class=\"elementor-container elementor-column-gap-default\">\n\t\t\t\t\t<div class=\"elementor-column elementor-col-100 elementor-top-column elementor-element elementor-element-67976c1\" data-id=\"67976c1\" data-element_type=\"column\">\n\t\t\t<div class=\"elementor-widget-wrap elementor-element-populated\">\n\t\t\t\t\t\t<div class=\"elementor-element elementor-element-fe8eec5 elementor-widget elementor-widget-post-info\" data-id=\"fe8eec5\" data-element_type=\"widget\" data-widget_type=\"post-info.default\">\n\t\t\t\t<div class=\"elementor-widget-container\">\n\t\t\t\t\t\t\t<ul class=\"elementor-inline-items elementor-icon-list-items elementor-post-info\">\n\t\t\t\t\t\t\t\t<li class=\"elementor-icon-list-item elementor-repeater-item-8fb51d8 elementor-inline-item\" itemprop=\"author\">\n\t\t\t\t\t\t<a href=\"https:\/\/pc.sc.gov.br\/?author=5\">\n\t\t\t\t\t\t\t\t\t\t\t<span class=\"elementor-icon-list-icon\">\n\t\t\t\t\t\t\t\t<i aria-hidden=\"true\" class=\"far fa-user-circle\"><\/i>\t\t\t\t\t\t\t<\/span>\n\t\t\t\t\t\t\t\t\t<span class=\"elementor-icon-list-text elementor-post-info__item elementor-post-info__item--type-author\">\n\t\t\t\t\t\t\t\t\t\tStefany de Souza Alves\t\t\t\t\t<\/span>\n\t\t\t\t\t\t\t\t\t<\/a>\n\t\t\t\t<\/li>\n\t\t\t\t<li class=\"elementor-icon-list-item elementor-repeater-item-53914c4 elementor-inline-item\" itemprop=\"datePublished\">\n\t\t\t\t\t\t<a href=\"https:\/\/pc.sc.gov.br\/?m=20250912\">\n\t\t\t\t\t\t\t\t\t\t\t<span class=\"elementor-icon-list-icon\">\n\t\t\t\t\t\t\t\t<i aria-hidden=\"true\" class=\"fas fa-calendar\"><\/i>\t\t\t\t\t\t\t<\/span>\n\t\t\t\t\t\t\t\t\t<span class=\"elementor-icon-list-text elementor-post-info__item elementor-post-info__item--type-date\">\n\t\t\t\t\t\t\t\t\t\t<time>setembro 12, 2025<\/time>\t\t\t\t\t<\/span>\n\t\t\t\t\t\t\t\t\t<\/a>\n\t\t\t\t<\/li>\n\t\t\t\t<li class=\"elementor-icon-list-item elementor-repeater-item-7630fb5 elementor-inline-item\">\n\t\t\t\t\t\t\t\t\t\t<span class=\"elementor-icon-list-icon\">\n\t\t\t\t\t\t\t\t<i aria-hidden=\"true\" class=\"far fa-clock\"><\/i>\t\t\t\t\t\t\t<\/span>\n\t\t\t\t\t\t\t\t\t<span class=\"elementor-icon-list-text elementor-post-info__item elementor-post-info__item--type-time\">\n\t\t\t\t\t\t\t\t\t\t<time>3:59 pm<\/time>\t\t\t\t\t<\/span>\n\t\t\t\t\t\t\t\t<\/li>\n\t\t\t\t<\/ul>\n\t\t\t\t\t\t<\/div>\n\t\t\t\t<\/div>\n\t\t\t\t\t<\/div>\n\t\t<\/div>\n\t\t\t\t\t<\/div>\n\t\t<\/section>\n\t\t\t\t<section class=\"elementor-section elementor-top-section elementor-element elementor-element-c87300a elementor-section-boxed elementor-section-height-default elementor-section-height-default\" data-id=\"c87300a\" data-element_type=\"section\">\n\t\t\t\t\t\t<div class=\"elementor-container elementor-column-gap-default\">\n\t\t\t\t\t<div class=\"elementor-column elementor-col-100 elementor-top-column elementor-element elementor-element-40c9f34\" data-id=\"40c9f34\" data-element_type=\"column\">\n\t\t\t<div class=\"elementor-widget-wrap elementor-element-populated\">\n\t\t\t\t\t\t<div class=\"elementor-element elementor-element-c335a0e elementor-widget elementor-widget-text-editor\" data-id=\"c335a0e\" data-element_type=\"widget\" data-widget_type=\"text-editor.default\">\n\t\t\t\t<div class=\"elementor-widget-container\">\n\t\t\t\t\t\t\t\t\t<p>A Pol\u00edcia Civil de Santa Catarina alcan\u00e7ou um marco hist\u00f3rico na \u00faltima semana: a Coordenadoria Estadual de Combate \u00e0 Corrup\u00e7\u00e3o (CECOR) deflagrou sua 100\u00aa opera\u00e7\u00e3o desde a cria\u00e7\u00e3o, em 2020. A a\u00e7\u00e3o consolida o trabalho de investiga\u00e7\u00e3o e enfrentamento aos crimes contra a administra\u00e7\u00e3o p\u00fablica no estado.<\/p>\n<p>Desde o in\u00edcio das atividades, a CECOR e as seis Delegacias de Combate \u00e0 Corrup\u00e7\u00e3o (DECOR), distribu\u00eddas estrategicamente em diferentes regi\u00f5es, t\u00eam atuado no desmantelamento de esquemas complexos de desvio de recursos p\u00fablicos. O impacto n\u00e3o se restringe \u00e0 Capital: as opera\u00e7\u00f5es j\u00e1 alcan\u00e7aram 82 munic\u00edpios catarinenses, com resultados expressivos no combate \u00e0 criminalidade.<\/p>\n<p><b>Resultados expressivos<\/b><\/p>\n<p>Em cinco anos, as opera\u00e7\u00f5es coordenadas pela CECOR resultaram em 120 pris\u00f5es, al\u00e9m do cumprimento de 874 mandados de busca e do bloqueio de aproximadamente R$ 56,1 milh\u00f5es em bens e valores. Os n\u00fameros refletem a combina\u00e7\u00e3o de intelig\u00eancia policial, dedica\u00e7\u00e3o e articula\u00e7\u00e3o de equipes multidisciplinares que trabalham com t\u00e9cnica, sigilo e comprometimento.<\/p>\n<p><b>Compromisso permanente<\/b><\/p>\n<p>Segundo o Coordenador Estadual de Combate \u00e0 Corrup\u00e7\u00e3o, delegado Gustavo Muniz, cada opera\u00e7\u00e3o representa n\u00e3o apenas um avan\u00e7o no enfrentamento da corrup\u00e7\u00e3o, mas tamb\u00e9m um passo fundamental para fortalecer a transpar\u00eancia e a \u00e9tica na gest\u00e3o p\u00fablica.<\/p>\n<p>O trabalho da CECOR, al\u00e9m de garantir resultados concretos, tem servido como legado institucional de enfrentamento permanente \u00e0 impunidade. A marca da 100\u00aa opera\u00e7\u00e3o, mais do que um n\u00famero simb\u00f3lico, refor\u00e7a a consolida\u00e7\u00e3o de uma estrutura especializada voltada \u00e0 prote\u00e7\u00e3o do interesse p\u00fablico e \u00e0 constru\u00e7\u00e3o de um futuro mais pr\u00f3spero para Santa Catarina.<\/p>\t\t\t\t\t\t\t\t<\/div>\n\t\t\t\t<\/div>\n\t\t\t\t\t<\/div>\n\t\t<\/div>\n\t\t\t\t\t<\/div>\n\t\t<\/section>\n\t\t\t\t<\/div>\n\t\t","protected":false},"excerpt":{"rendered":"<p>Pol\u00edcia Civil de SC deflagra 100\u00aa opera\u00e7\u00e3o da CECOR contra a corrup\u00e7\u00e3o Em Santa Catarina, as opera\u00e7\u00f5es ocorreram em 82 munic\u00edpios. A Pol\u00edcia Civil de Santa Catarina alcan\u00e7ou um marco hist\u00f3rico na \u00faltima semana: a Coordenadoria Estadual de Combate \u00e0 Corrup\u00e7\u00e3o (CECOR) deflagrou sua 100\u00aa opera\u00e7\u00e3o desde a cria\u00e7\u00e3o, em 2020. A a\u00e7\u00e3o consolida o [&hellip;]<\/p>\n","protected":false},"author":5,"featured_media":32171,"comment_status":"closed","ping_status":"open","sticky":false,"template":"","format":"standard","meta":{"_monsterinsights_skip_tracking":false,"_monsterinsights_sitenote_active":false,"_monsterinsights_sitenote_note":"","_monsterinsights_sitenote_category":0,"footnotes":""},"categories":[1],"tags":[],"class_list":["post-32170","post","type-post","status-publish","format-standard","has-post-thumbnail","hentry","category-sem-categoria"],"_links":{"self":[{"href":"https:\/\/pc.sc.gov.br\/index.php?rest_route=\/wp\/v2\/posts\/32170","targetHints":{"allow":["GET"]}}],"collection":[{"href":"https:\/\/pc.sc.gov.br\/index.php?rest_route=\/wp\/v2\/posts"}],"about":[{"href":"https:\/\/pc.sc.gov.br\/index.php?rest_route=\/wp\/v2\/types\/post"}],"author":[{"embeddable":true,"href":"https:\/\/pc.sc.gov.br\/index.php?rest_route=\/wp\/v2\/users\/5"}],"replies":[{"embeddable":true,"href":"https:\/\/pc.sc.gov.br\/index.php?rest_route=%2Fwp%2Fv2%2Fcomments&post=32170"}],"version-history":[{"count":4,"href":"https:\/\/pc.sc.gov.br\/index.php?rest_route=\/wp\/v2\/posts\/32170\/revisions"}],"predecessor-version":[{"id":32175,"href":"https:\/\/pc.sc.gov.br\/index.php?rest_route=\/wp\/v2\/posts\/32170\/revisions\/32175"}],"wp:featuredmedia":[{"embeddable":true,"href":"https:\/\/pc.sc.gov.br\/index.php?rest_route=\/wp\/v2\/media\/32171"}],"wp:attachment":[{"href":"https:\/\/pc.sc.gov.br\/index.php?rest_route=%2Fwp%2Fv2%2Fmedia&parent=32170"}],"wp:term":[{"taxonomy":"category","embeddable":true,"href":"https:\/\/pc.sc.gov.br\/index.php?rest_route=%2Fwp%2Fv2%2Fcategories&post=32170"},{"taxonomy":"post_tag","embeddable":true,"href":"https:\/\/pc.sc.gov.br\/index.php?rest_route=%2Fwp%2Fv2%2Ftags&post=32170"}],"curies":[{"name":"wp","href":"https:\/\/api.w.org\/{rel}","templated":true}]}}