{"id":32195,"date":"2025-09-15T15:47:14","date_gmt":"2025-09-15T18:47:14","guid":{"rendered":"https:\/\/pc.sc.gov.br\/?p=32195"},"modified":"2025-09-15T15:50:15","modified_gmt":"2025-09-15T18:50:15","slug":"policia-civil-cumpre-mandados-de-busca-e-apreensao-em-investigacao-a-ameacas-ao-governador-do-estado-de-sc","status":"publish","type":"post","link":"https:\/\/pc.sc.gov.br\/?p=32195","title":{"rendered":"Pol\u00edcia Civil cumpre mandados de busca e apreens\u00e3o em investiga\u00e7\u00e3o a amea\u00e7as ao Governador do Estado de SC"},"content":{"rendered":"\t\t<div data-elementor-type=\"wp-post\" data-elementor-id=\"32195\" class=\"elementor elementor-32195\" data-elementor-post-type=\"post\">\n\t\t\t\t\t\t<section class=\"elementor-section elementor-top-section elementor-element elementor-element-b7e3c07 elementor-section-boxed elementor-section-height-default elementor-section-height-default\" data-id=\"b7e3c07\" data-element_type=\"section\">\n\t\t\t\t\t\t<div class=\"elementor-container elementor-column-gap-default\">\n\t\t\t\t\t<div class=\"elementor-column elementor-col-100 elementor-top-column elementor-element elementor-element-5224bf4\" data-id=\"5224bf4\" data-element_type=\"column\">\n\t\t\t<div class=\"elementor-widget-wrap elementor-element-populated\">\n\t\t\t\t\t\t<div class=\"elementor-element elementor-element-0a83dad elementor-widget elementor-widget-heading\" data-id=\"0a83dad\" data-element_type=\"widget\" data-widget_type=\"heading.default\">\n\t\t\t\t<div class=\"elementor-widget-container\">\n\t\t\t\t\t<h2 class=\"elementor-heading-title elementor-size-default\">Pol\u00edcia Civil cumpre mandados de busca e apreens\u00e3o em investiga\u00e7\u00e3o a amea\u00e7as ao Governador do Estado de SC <\/h2>\t\t\t\t<\/div>\n\t\t\t\t<\/div>\n\t\t\t\t<div class=\"elementor-element elementor-element-43bbcd3 elementor-widget elementor-widget-image\" data-id=\"43bbcd3\" data-element_type=\"widget\" data-widget_type=\"image.default\">\n\t\t\t\t<div class=\"elementor-widget-container\">\n\t\t\t\t\t\t\t\t\t\t\t\t\t\t\t<img fetchpriority=\"high\" decoding=\"async\" width=\"696\" height=\"522\" src=\"https:\/\/pc.sc.gov.br\/\/wp-content\/uploads\/2025\/09\/WhatsApp-Image-2025-09-15-at-08.47.07-1024x768.jpeg\" class=\"attachment-large size-large wp-image-32196\" alt=\"\" srcset=\"https:\/\/pc.sc.gov.br\/\/wp-content\/uploads\/2025\/09\/WhatsApp-Image-2025-09-15-at-08.47.07-1024x768.jpeg 1024w, https:\/\/pc.sc.gov.br\/\/wp-content\/uploads\/2025\/09\/WhatsApp-Image-2025-09-15-at-08.47.07-300x225.jpeg 300w, https:\/\/pc.sc.gov.br\/\/wp-content\/uploads\/2025\/09\/WhatsApp-Image-2025-09-15-at-08.47.07-768x576.jpeg 768w, https:\/\/pc.sc.gov.br\/\/wp-content\/uploads\/2025\/09\/WhatsApp-Image-2025-09-15-at-08.47.07.jpeg 1280w\" sizes=\"(max-width: 696px) 100vw, 696px\" \/>\t\t\t\t\t\t\t\t\t\t\t\t\t\t\t<\/div>\n\t\t\t\t<\/div>\n\t\t\t\t\t<\/div>\n\t\t<\/div>\n\t\t\t\t\t<\/div>\n\t\t<\/section>\n\t\t\t\t<section class=\"elementor-section elementor-top-section elementor-element elementor-element-54fa179 elementor-section-boxed elementor-section-height-default elementor-section-height-default\" data-id=\"54fa179\" data-element_type=\"section\">\n\t\t\t\t\t\t<div class=\"elementor-container elementor-column-gap-default\">\n\t\t\t\t\t<div class=\"elementor-column elementor-col-100 elementor-top-column elementor-element elementor-element-ae74dee\" data-id=\"ae74dee\" data-element_type=\"column\">\n\t\t\t<div class=\"elementor-widget-wrap elementor-element-populated\">\n\t\t\t\t\t\t<div class=\"elementor-element elementor-element-78180a3 elementor-widget elementor-widget-post-info\" data-id=\"78180a3\" data-element_type=\"widget\" data-widget_type=\"post-info.default\">\n\t\t\t\t<div class=\"elementor-widget-container\">\n\t\t\t\t\t\t\t<ul class=\"elementor-inline-items elementor-icon-list-items elementor-post-info\">\n\t\t\t\t\t\t\t\t<li class=\"elementor-icon-list-item elementor-repeater-item-e02fa0a elementor-inline-item\" itemprop=\"author\">\n\t\t\t\t\t\t<a href=\"https:\/\/pc.sc.gov.br\/?author=5\">\n\t\t\t\t\t\t\t\t\t\t\t<span class=\"elementor-icon-list-icon\">\n\t\t\t\t\t\t\t\t<i aria-hidden=\"true\" class=\"far fa-user-circle\"><\/i>\t\t\t\t\t\t\t<\/span>\n\t\t\t\t\t\t\t\t\t<span class=\"elementor-icon-list-text elementor-post-info__item elementor-post-info__item--type-author\">\n\t\t\t\t\t\t\t\t\t\tStefany de Souza Alves\t\t\t\t\t<\/span>\n\t\t\t\t\t\t\t\t\t<\/a>\n\t\t\t\t<\/li>\n\t\t\t\t<li class=\"elementor-icon-list-item elementor-repeater-item-8abee82 elementor-inline-item\" itemprop=\"datePublished\">\n\t\t\t\t\t\t<a href=\"https:\/\/pc.sc.gov.br\/?m=20250915\">\n\t\t\t\t\t\t\t\t\t\t\t<span class=\"elementor-icon-list-icon\">\n\t\t\t\t\t\t\t\t<i aria-hidden=\"true\" class=\"fas fa-calendar\"><\/i>\t\t\t\t\t\t\t<\/span>\n\t\t\t\t\t\t\t\t\t<span class=\"elementor-icon-list-text elementor-post-info__item elementor-post-info__item--type-date\">\n\t\t\t\t\t\t\t\t\t\t<time>setembro 15, 2025<\/time>\t\t\t\t\t<\/span>\n\t\t\t\t\t\t\t\t\t<\/a>\n\t\t\t\t<\/li>\n\t\t\t\t<li class=\"elementor-icon-list-item elementor-repeater-item-ca0cdd4 elementor-inline-item\">\n\t\t\t\t\t\t\t\t\t\t<span class=\"elementor-icon-list-icon\">\n\t\t\t\t\t\t\t\t<i aria-hidden=\"true\" class=\"far fa-clock\"><\/i>\t\t\t\t\t\t\t<\/span>\n\t\t\t\t\t\t\t\t\t<span class=\"elementor-icon-list-text elementor-post-info__item elementor-post-info__item--type-time\">\n\t\t\t\t\t\t\t\t\t\t<time>3:47 pm<\/time>\t\t\t\t\t<\/span>\n\t\t\t\t\t\t\t\t<\/li>\n\t\t\t\t<\/ul>\n\t\t\t\t\t\t<\/div>\n\t\t\t\t<\/div>\n\t\t\t\t\t<\/div>\n\t\t<\/div>\n\t\t\t\t\t<\/div>\n\t\t<\/section>\n\t\t\t\t<section class=\"elementor-section elementor-top-section elementor-element elementor-element-c277588 elementor-section-boxed elementor-section-height-default elementor-section-height-default\" data-id=\"c277588\" data-element_type=\"section\">\n\t\t\t\t\t\t<div class=\"elementor-container elementor-column-gap-default\">\n\t\t\t\t\t<div class=\"elementor-column elementor-col-100 elementor-top-column elementor-element elementor-element-f14daa8\" data-id=\"f14daa8\" data-element_type=\"column\">\n\t\t\t<div class=\"elementor-widget-wrap elementor-element-populated\">\n\t\t\t\t\t\t<div class=\"elementor-element elementor-element-d0a6429 elementor-widget elementor-widget-text-editor\" data-id=\"d0a6429\" data-element_type=\"widget\" data-widget_type=\"text-editor.default\">\n\t\t\t\t<div class=\"elementor-widget-container\">\n\t\t\t\t\t\t\t\t\t<p>Nesta segunda-feira (15\/09), a Pol\u00edcia Civil de Santa Catarina, por meio da Delegacia de Repress\u00e3o a Crimes de Inform\u00e1tica da Diretoria Estadual de Investiga\u00e7\u00f5es Criminais (DRCI\/DEIC), com apoio das Pol\u00edcias Civis de S\u00e3o Paulo e da Para\u00edba, cumpriu cinco mandados de busca e apreens\u00e3o em tr\u00eas estados brasileiros contra suspeitos de amea\u00e7arem o Governador de Santa Catarina, Jorginho Mello.<\/p><p>Em um grupo de mensagens, um dos investigados disse que iria encontrar o governador Jorginho em Benedito Novo. Na sequ\u00eancia, outros investigados falam em \u201cuso de faca, rodar a faca, que deve ser enferrujada e bem suja e n\u00e3o se esquecer de coquet\u00e9is molotov\u201d.<\/p><p>Na quinta-feira (11\/09), a Diretoria de Intelig\u00eancia da PCSC identificou o crime e o primeiro suspeito. Depois, em conjunto com a DEIC, foram identificados outros quatro suspeitos. No s\u00e1bado (13\/09), ap\u00f3s r\u00e1pida manifesta\u00e7\u00e3o do MPSC e decis\u00e3o da Vara de Garantias da Capital, foram expedidas diversas medidas cautelares, que foram cumpridas em Benedito Novo\/SC, Campina Grande\/PB, Cabedelo\/PB, Mat\u00e3o\/SP e \u00c1lvares Machado\/SP.<\/p><p>\u201cO objetivo da opera\u00e7\u00e3o foi aprender os aparelhos de telefone de onde originaram-se as mensagens e outros elementos de prova. O inqu\u00e9rito continua at\u00e9 que todos os fatos sejam totalmente esclarecidos, principalmente, diante do atual cen\u00e1rio mundial de viol\u00eancia pol\u00edtica que vivenciamos\u201d, destacou a delegada D\u00e9bora Mariani Jardim, titular da DFAZ\/DEIC, que est\u00e1 respondendo tamb\u00e9m pela DRCI\/DEIC.<\/p>\t\t\t\t\t\t\t\t<\/div>\n\t\t\t\t<\/div>\n\t\t\t\t\t<\/div>\n\t\t<\/div>\n\t\t\t\t\t<\/div>\n\t\t<\/section>\n\t\t\t\t<\/div>\n\t\t","protected":false},"excerpt":{"rendered":"<p>Pol\u00edcia Civil cumpre mandados de busca e apreens\u00e3o em investiga\u00e7\u00e3o a amea\u00e7as ao Governador do Estado de SC Nesta segunda-feira (15\/09), a Pol\u00edcia Civil de Santa Catarina, por meio da Delegacia de Repress\u00e3o a Crimes de Inform\u00e1tica da Diretoria Estadual de Investiga\u00e7\u00f5es Criminais (DRCI\/DEIC), com apoio das Pol\u00edcias Civis de S\u00e3o Paulo e da Para\u00edba, [&hellip;]<\/p>\n","protected":false},"author":5,"featured_media":32196,"comment_status":"closed","ping_status":"open","sticky":false,"template":"","format":"standard","meta":{"_monsterinsights_skip_tracking":false,"_monsterinsights_sitenote_active":false,"_monsterinsights_sitenote_note":"","_monsterinsights_sitenote_category":0,"footnotes":""},"categories":[1],"tags":[],"class_list":["post-32195","post","type-post","status-publish","format-standard","has-post-thumbnail","hentry","category-sem-categoria"],"_links":{"self":[{"href":"https:\/\/pc.sc.gov.br\/index.php?rest_route=\/wp\/v2\/posts\/32195","targetHints":{"allow":["GET"]}}],"collection":[{"href":"https:\/\/pc.sc.gov.br\/index.php?rest_route=\/wp\/v2\/posts"}],"about":[{"href":"https:\/\/pc.sc.gov.br\/index.php?rest_route=\/wp\/v2\/types\/post"}],"author":[{"embeddable":true,"href":"https:\/\/pc.sc.gov.br\/index.php?rest_route=\/wp\/v2\/users\/5"}],"replies":[{"embeddable":true,"href":"https:\/\/pc.sc.gov.br\/index.php?rest_route=%2Fwp%2Fv2%2Fcomments&post=32195"}],"version-history":[{"count":4,"href":"https:\/\/pc.sc.gov.br\/index.php?rest_route=\/wp\/v2\/posts\/32195\/revisions"}],"predecessor-version":[{"id":32200,"href":"https:\/\/pc.sc.gov.br\/index.php?rest_route=\/wp\/v2\/posts\/32195\/revisions\/32200"}],"wp:featuredmedia":[{"embeddable":true,"href":"https:\/\/pc.sc.gov.br\/index.php?rest_route=\/wp\/v2\/media\/32196"}],"wp:attachment":[{"href":"https:\/\/pc.sc.gov.br\/index.php?rest_route=%2Fwp%2Fv2%2Fmedia&parent=32195"}],"wp:term":[{"taxonomy":"category","embeddable":true,"href":"https:\/\/pc.sc.gov.br\/index.php?rest_route=%2Fwp%2Fv2%2Fcategories&post=32195"},{"taxonomy":"post_tag","embeddable":true,"href":"https:\/\/pc.sc.gov.br\/index.php?rest_route=%2Fwp%2Fv2%2Ftags&post=32195"}],"curies":[{"name":"wp","href":"https:\/\/api.w.org\/{rel}","templated":true}]}}