{"id":32460,"date":"2025-09-23T17:44:08","date_gmt":"2025-09-23T20:44:08","guid":{"rendered":"https:\/\/pc.sc.gov.br\/?p=32460"},"modified":"2025-09-23T17:45:10","modified_gmt":"2025-09-23T20:45:10","slug":"loja-de-autopecas-em-icara-e-alvo-da-34a-edicao-da-operacao-311","status":"publish","type":"post","link":"https:\/\/pc.sc.gov.br\/?p=32460","title":{"rendered":"Loja de autope\u00e7as em I\u00e7ara \u00e9 alvo da 34\u00aa edi\u00e7\u00e3o da opera\u00e7\u00e3o \u201c311\u201d"},"content":{"rendered":"\t\t<div data-elementor-type=\"wp-post\" data-elementor-id=\"32460\" class=\"elementor elementor-32460\" data-elementor-post-type=\"post\">\n\t\t\t\t\t\t<section class=\"elementor-section elementor-top-section elementor-element elementor-element-f1b9946 elementor-section-boxed elementor-section-height-default elementor-section-height-default\" data-id=\"f1b9946\" data-element_type=\"section\">\n\t\t\t\t\t\t<div class=\"elementor-container elementor-column-gap-default\">\n\t\t\t\t\t<div class=\"elementor-column elementor-col-100 elementor-top-column elementor-element elementor-element-4719eca\" data-id=\"4719eca\" data-element_type=\"column\">\n\t\t\t<div class=\"elementor-widget-wrap elementor-element-populated\">\n\t\t\t\t\t\t<div class=\"elementor-element elementor-element-724b887 elementor-widget elementor-widget-heading\" data-id=\"724b887\" data-element_type=\"widget\" data-widget_type=\"heading.default\">\n\t\t\t\t<div class=\"elementor-widget-container\">\n\t\t\t\t\t<h2 class=\"elementor-heading-title elementor-size-default\">Loja de autope\u00e7as em I\u00e7ara \u00e9 alvo da 34\u00aa edi\u00e7\u00e3o da opera\u00e7\u00e3o \u201c311\u201d<\/h2>\t\t\t\t<\/div>\n\t\t\t\t<\/div>\n\t\t\t\t\t<\/div>\n\t\t<\/div>\n\t\t\t\t\t<\/div>\n\t\t<\/section>\n\t\t\t\t<section class=\"elementor-section elementor-top-section elementor-element elementor-element-5f895dd elementor-section-boxed elementor-section-height-default elementor-section-height-default\" data-id=\"5f895dd\" data-element_type=\"section\">\n\t\t\t\t\t\t<div class=\"elementor-container elementor-column-gap-default\">\n\t\t\t\t\t<div class=\"elementor-column elementor-col-100 elementor-top-column elementor-element elementor-element-292c916\" data-id=\"292c916\" data-element_type=\"column\">\n\t\t\t<div class=\"elementor-widget-wrap elementor-element-populated\">\n\t\t\t\t\t\t<div class=\"elementor-element elementor-element-5d72d78 elementor-widget elementor-widget-image\" data-id=\"5d72d78\" data-element_type=\"widget\" data-widget_type=\"image.default\">\n\t\t\t\t<div class=\"elementor-widget-container\">\n\t\t\t\t\t\t\t\t\t\t\t\t\t\t\t<img fetchpriority=\"high\" decoding=\"async\" width=\"696\" height=\"522\" src=\"https:\/\/pc.sc.gov.br\/\/wp-content\/uploads\/2025\/09\/WhatsApp-Image-2025-09-23-at-13.22.52-1024x768.jpeg\" class=\"attachment-large size-large wp-image-32461\" alt=\"\" srcset=\"https:\/\/pc.sc.gov.br\/\/wp-content\/uploads\/2025\/09\/WhatsApp-Image-2025-09-23-at-13.22.52-1024x768.jpeg 1024w, https:\/\/pc.sc.gov.br\/\/wp-content\/uploads\/2025\/09\/WhatsApp-Image-2025-09-23-at-13.22.52-300x225.jpeg 300w, https:\/\/pc.sc.gov.br\/\/wp-content\/uploads\/2025\/09\/WhatsApp-Image-2025-09-23-at-13.22.52-768x576.jpeg 768w, https:\/\/pc.sc.gov.br\/\/wp-content\/uploads\/2025\/09\/WhatsApp-Image-2025-09-23-at-13.22.52-1536x1152.jpeg 1536w, https:\/\/pc.sc.gov.br\/\/wp-content\/uploads\/2025\/09\/WhatsApp-Image-2025-09-23-at-13.22.52.jpeg 1600w\" sizes=\"(max-width: 696px) 100vw, 696px\" \/>\t\t\t\t\t\t\t\t\t\t\t\t\t\t\t<\/div>\n\t\t\t\t<\/div>\n\t\t\t\t\t<\/div>\n\t\t<\/div>\n\t\t\t\t\t<\/div>\n\t\t<\/section>\n\t\t\t\t<section class=\"elementor-section elementor-top-section elementor-element elementor-element-58523d4 elementor-section-boxed elementor-section-height-default elementor-section-height-default\" data-id=\"58523d4\" data-element_type=\"section\">\n\t\t\t\t\t\t<div class=\"elementor-container elementor-column-gap-default\">\n\t\t\t\t\t<div class=\"elementor-column elementor-col-100 elementor-top-column elementor-element elementor-element-4c6bb5b\" data-id=\"4c6bb5b\" data-element_type=\"column\">\n\t\t\t<div class=\"elementor-widget-wrap elementor-element-populated\">\n\t\t\t\t\t\t<div class=\"elementor-element elementor-element-2709312 elementor-widget elementor-widget-post-info\" data-id=\"2709312\" data-element_type=\"widget\" data-widget_type=\"post-info.default\">\n\t\t\t\t<div class=\"elementor-widget-container\">\n\t\t\t\t\t\t\t<ul class=\"elementor-inline-items elementor-icon-list-items elementor-post-info\">\n\t\t\t\t\t\t\t\t<li class=\"elementor-icon-list-item elementor-repeater-item-5e56310 elementor-inline-item\" itemprop=\"author\">\n\t\t\t\t\t\t<a href=\"https:\/\/pc.sc.gov.br\/?author=5\">\n\t\t\t\t\t\t\t\t\t\t\t<span class=\"elementor-icon-list-icon\">\n\t\t\t\t\t\t\t\t<i aria-hidden=\"true\" class=\"far fa-user-circle\"><\/i>\t\t\t\t\t\t\t<\/span>\n\t\t\t\t\t\t\t\t\t<span class=\"elementor-icon-list-text elementor-post-info__item elementor-post-info__item--type-author\">\n\t\t\t\t\t\t\t\t\t\tStefany de Souza Alves\t\t\t\t\t<\/span>\n\t\t\t\t\t\t\t\t\t<\/a>\n\t\t\t\t<\/li>\n\t\t\t\t<li class=\"elementor-icon-list-item elementor-repeater-item-37a3ec9 elementor-inline-item\" itemprop=\"datePublished\">\n\t\t\t\t\t\t<a href=\"https:\/\/pc.sc.gov.br\/?m=20250923\">\n\t\t\t\t\t\t\t\t\t\t\t<span class=\"elementor-icon-list-icon\">\n\t\t\t\t\t\t\t\t<i aria-hidden=\"true\" class=\"fas fa-calendar\"><\/i>\t\t\t\t\t\t\t<\/span>\n\t\t\t\t\t\t\t\t\t<span class=\"elementor-icon-list-text elementor-post-info__item elementor-post-info__item--type-date\">\n\t\t\t\t\t\t\t\t\t\t<time>setembro 23, 2025<\/time>\t\t\t\t\t<\/span>\n\t\t\t\t\t\t\t\t\t<\/a>\n\t\t\t\t<\/li>\n\t\t\t\t<li class=\"elementor-icon-list-item elementor-repeater-item-2717a29 elementor-inline-item\">\n\t\t\t\t\t\t\t\t\t\t<span class=\"elementor-icon-list-icon\">\n\t\t\t\t\t\t\t\t<i aria-hidden=\"true\" class=\"far fa-clock\"><\/i>\t\t\t\t\t\t\t<\/span>\n\t\t\t\t\t\t\t\t\t<span class=\"elementor-icon-list-text elementor-post-info__item elementor-post-info__item--type-time\">\n\t\t\t\t\t\t\t\t\t\t<time>5:44 pm<\/time>\t\t\t\t\t<\/span>\n\t\t\t\t\t\t\t\t<\/li>\n\t\t\t\t<\/ul>\n\t\t\t\t\t\t<\/div>\n\t\t\t\t<\/div>\n\t\t\t\t\t<\/div>\n\t\t<\/div>\n\t\t\t\t\t<\/div>\n\t\t<\/section>\n\t\t\t\t<section class=\"elementor-section elementor-top-section elementor-element elementor-element-bced802 elementor-section-boxed elementor-section-height-default elementor-section-height-default\" data-id=\"bced802\" data-element_type=\"section\">\n\t\t\t\t\t\t<div class=\"elementor-container elementor-column-gap-default\">\n\t\t\t\t\t<div class=\"elementor-column elementor-col-100 elementor-top-column elementor-element elementor-element-2455534\" data-id=\"2455534\" data-element_type=\"column\">\n\t\t\t<div class=\"elementor-widget-wrap elementor-element-populated\">\n\t\t\t\t\t\t<div class=\"elementor-element elementor-element-2b39e31 elementor-widget elementor-widget-text-editor\" data-id=\"2b39e31\" data-element_type=\"widget\" data-widget_type=\"text-editor.default\">\n\t\t\t\t<div class=\"elementor-widget-container\">\n\t\t\t\t\t\t\t\t\t<p>Nesta ter\u00e7a-feira (23\/09), a Pol\u00edcia Civil de Santa Catarina deflagrou a 34\u00aa edi\u00e7\u00e3o da opera\u00e7\u00e3o \u201c311\u201d, voltada ao combate do com\u00e9rcio ilegal de pe\u00e7as automotivas em I\u00e7ara e ao desmantelamento de esquemas criminosos ligados ao setor. A a\u00e7\u00e3o foi realizada em conjunto com a Pol\u00edcia Cient\u00edfica e a Corregedoria do Detran.<\/p><p>Durante a fiscaliza\u00e7\u00e3o em uma loja de autope\u00e7as no munic\u00edpio de I\u00e7ara, os policiais localizaram um ve\u00edculo modelo Tracker totalmente desmontado, com os sinais identificadores suprimidos, evidenciando sua origem il\u00edcita.<\/p><p>A Corregedoria do Detran identificou irregularidades administrativas no estabelecimento, que ser\u00e3o apuradas em processo administrativo.<\/p><p>Paralelamente, foi instaurado o inqu\u00e9rito policial para investigar os crimes de estelionato, adultera\u00e7\u00e3o qualificada de sinal identificador de ve\u00edculo automotor e associa\u00e7\u00e3o criminosa.<\/p><p>As apura\u00e7\u00f5es desta fase tamb\u00e9m buscam esclarecer o poss\u00edvel envolvimento de empres\u00e1rios do ramo automotivo com grupos criminosos especializados no chamado \u201cgolpe do seguro\u201d, esquema em que ve\u00edculos s\u00e3o fraudados para obten\u00e7\u00e3o de indeniza\u00e7\u00f5es indevidas e, posteriormente, direcionados ao com\u00e9rcio clandestino de pe\u00e7as.<\/p><p>A Pol\u00edcia Civil refor\u00e7a a import\u00e2ncia da colabora\u00e7\u00e3o da popula\u00e7\u00e3o no enfrentamento ao crime. Informa\u00e7\u00f5es podem ser repassadas de forma an\u00f4nima e segura pelo Disque-Den\u00fancia 181 ou pelo WhatsApp (48) 98844-0011.<\/p>\t\t\t\t\t\t\t\t<\/div>\n\t\t\t\t<\/div>\n\t\t\t\t\t<\/div>\n\t\t<\/div>\n\t\t\t\t\t<\/div>\n\t\t<\/section>\n\t\t\t\t<\/div>\n\t\t","protected":false},"excerpt":{"rendered":"<p>Loja de autope\u00e7as em I\u00e7ara \u00e9 alvo da 34\u00aa edi\u00e7\u00e3o da opera\u00e7\u00e3o \u201c311\u201d Nesta ter\u00e7a-feira (23\/09), a Pol\u00edcia Civil de Santa Catarina deflagrou a 34\u00aa edi\u00e7\u00e3o da opera\u00e7\u00e3o \u201c311\u201d, voltada ao combate do com\u00e9rcio ilegal de pe\u00e7as automotivas em I\u00e7ara e ao desmantelamento de esquemas criminosos ligados ao setor. A a\u00e7\u00e3o foi realizada em conjunto [&hellip;]<\/p>\n","protected":false},"author":5,"featured_media":32461,"comment_status":"closed","ping_status":"open","sticky":false,"template":"","format":"standard","meta":{"_monsterinsights_skip_tracking":false,"_monsterinsights_sitenote_active":false,"_monsterinsights_sitenote_note":"","_monsterinsights_sitenote_category":0,"footnotes":""},"categories":[1],"tags":[],"class_list":["post-32460","post","type-post","status-publish","format-standard","has-post-thumbnail","hentry","category-sem-categoria"],"_links":{"self":[{"href":"https:\/\/pc.sc.gov.br\/index.php?rest_route=\/wp\/v2\/posts\/32460","targetHints":{"allow":["GET"]}}],"collection":[{"href":"https:\/\/pc.sc.gov.br\/index.php?rest_route=\/wp\/v2\/posts"}],"about":[{"href":"https:\/\/pc.sc.gov.br\/index.php?rest_route=\/wp\/v2\/types\/post"}],"author":[{"embeddable":true,"href":"https:\/\/pc.sc.gov.br\/index.php?rest_route=\/wp\/v2\/users\/5"}],"replies":[{"embeddable":true,"href":"https:\/\/pc.sc.gov.br\/index.php?rest_route=%2Fwp%2Fv2%2Fcomments&post=32460"}],"version-history":[{"count":4,"href":"https:\/\/pc.sc.gov.br\/index.php?rest_route=\/wp\/v2\/posts\/32460\/revisions"}],"predecessor-version":[{"id":32465,"href":"https:\/\/pc.sc.gov.br\/index.php?rest_route=\/wp\/v2\/posts\/32460\/revisions\/32465"}],"wp:featuredmedia":[{"embeddable":true,"href":"https:\/\/pc.sc.gov.br\/index.php?rest_route=\/wp\/v2\/media\/32461"}],"wp:attachment":[{"href":"https:\/\/pc.sc.gov.br\/index.php?rest_route=%2Fwp%2Fv2%2Fmedia&parent=32460"}],"wp:term":[{"taxonomy":"category","embeddable":true,"href":"https:\/\/pc.sc.gov.br\/index.php?rest_route=%2Fwp%2Fv2%2Fcategories&post=32460"},{"taxonomy":"post_tag","embeddable":true,"href":"https:\/\/pc.sc.gov.br\/index.php?rest_route=%2Fwp%2Fv2%2Ftags&post=32460"}],"curies":[{"name":"wp","href":"https:\/\/api.w.org\/{rel}","templated":true}]}}