{"id":32572,"date":"2025-09-24T17:59:31","date_gmt":"2025-09-24T20:59:31","guid":{"rendered":"https:\/\/pc.sc.gov.br\/?p=32572"},"modified":"2025-09-24T19:02:56","modified_gmt":"2025-09-24T22:02:56","slug":"em-2025-dpcami-de-chapeco-ja-cumpriu-mais-mandados-de-busca-e-apreensao-do-que-todo-o-ano-de-2024","status":"publish","type":"post","link":"https:\/\/pc.sc.gov.br\/?p=32572","title":{"rendered":"Em 2025, DPCAMI de Chapec\u00f3 j\u00e1 cumpriu mais mandados de busca e apreens\u00e3o do que todo o ano de 2024"},"content":{"rendered":"\t\t<div data-elementor-type=\"wp-post\" data-elementor-id=\"32572\" class=\"elementor elementor-32572\" data-elementor-post-type=\"post\">\n\t\t\t\t\t\t<section class=\"elementor-section elementor-top-section elementor-element elementor-element-c8175b7 elementor-section-boxed elementor-section-height-default elementor-section-height-default\" data-id=\"c8175b7\" data-element_type=\"section\">\n\t\t\t\t\t\t<div class=\"elementor-container elementor-column-gap-default\">\n\t\t\t\t\t<div class=\"elementor-column elementor-col-100 elementor-top-column elementor-element elementor-element-89732e4\" data-id=\"89732e4\" data-element_type=\"column\">\n\t\t\t<div class=\"elementor-widget-wrap elementor-element-populated\">\n\t\t\t\t\t\t<div class=\"elementor-element elementor-element-e51b8cd elementor-widget elementor-widget-heading\" data-id=\"e51b8cd\" data-element_type=\"widget\" data-widget_type=\"heading.default\">\n\t\t\t\t<div class=\"elementor-widget-container\">\n\t\t\t\t\t<h2 class=\"elementor-heading-title elementor-size-default\">Em 2025, DPCAMI de Chapec\u00f3 j\u00e1 cumpriu mais mandados de busca e apreens\u00e3o do que todo o ano de 2024<\/h2>\t\t\t\t<\/div>\n\t\t\t\t<\/div>\n\t\t\t\t\t<\/div>\n\t\t<\/div>\n\t\t\t\t\t<\/div>\n\t\t<\/section>\n\t\t\t\t<section class=\"elementor-section elementor-top-section elementor-element elementor-element-07928d5 elementor-section-boxed elementor-section-height-default elementor-section-height-default\" data-id=\"07928d5\" data-element_type=\"section\">\n\t\t\t\t\t\t<div class=\"elementor-container elementor-column-gap-default\">\n\t\t\t\t\t<div class=\"elementor-column elementor-col-100 elementor-top-column elementor-element elementor-element-1cba18a\" data-id=\"1cba18a\" data-element_type=\"column\">\n\t\t\t<div class=\"elementor-widget-wrap elementor-element-populated\">\n\t\t\t\t\t\t<div class=\"elementor-element elementor-element-208e501 elementor-widget elementor-widget-image\" data-id=\"208e501\" data-element_type=\"widget\" data-widget_type=\"image.default\">\n\t\t\t\t<div class=\"elementor-widget-container\">\n\t\t\t\t\t\t\t\t\t\t\t\t\t\t\t<img fetchpriority=\"high\" decoding=\"async\" width=\"696\" height=\"318\" src=\"https:\/\/pc.sc.gov.br\/\/wp-content\/uploads\/2023\/06\/VIATURA_DPCAMI1-e1758915309751-1024x468.jpg\" class=\"attachment-large size-large wp-image-10063\" alt=\"\" srcset=\"https:\/\/pc.sc.gov.br\/\/wp-content\/uploads\/2023\/06\/VIATURA_DPCAMI1-e1758915309751-1024x468.jpg 1024w, https:\/\/pc.sc.gov.br\/\/wp-content\/uploads\/2023\/06\/VIATURA_DPCAMI1-e1758915309751-300x137.jpg 300w, https:\/\/pc.sc.gov.br\/\/wp-content\/uploads\/2023\/06\/VIATURA_DPCAMI1-e1758915309751-768x351.jpg 768w, https:\/\/pc.sc.gov.br\/\/wp-content\/uploads\/2023\/06\/VIATURA_DPCAMI1-e1758915309751.jpg 1195w\" sizes=\"(max-width: 696px) 100vw, 696px\" \/>\t\t\t\t\t\t\t\t\t\t\t\t\t\t\t<\/div>\n\t\t\t\t<\/div>\n\t\t\t\t\t<\/div>\n\t\t<\/div>\n\t\t\t\t\t<\/div>\n\t\t<\/section>\n\t\t\t\t<section class=\"elementor-section elementor-top-section elementor-element elementor-element-0ae169c elementor-section-boxed elementor-section-height-default elementor-section-height-default\" data-id=\"0ae169c\" data-element_type=\"section\">\n\t\t\t\t\t\t<div class=\"elementor-container elementor-column-gap-default\">\n\t\t\t\t\t<div class=\"elementor-column elementor-col-100 elementor-top-column elementor-element elementor-element-3130d93\" data-id=\"3130d93\" data-element_type=\"column\">\n\t\t\t<div class=\"elementor-widget-wrap elementor-element-populated\">\n\t\t\t\t\t\t<div class=\"elementor-element elementor-element-31057dd elementor-widget elementor-widget-post-info\" data-id=\"31057dd\" data-element_type=\"widget\" data-widget_type=\"post-info.default\">\n\t\t\t\t<div class=\"elementor-widget-container\">\n\t\t\t\t\t\t\t<ul class=\"elementor-inline-items elementor-icon-list-items elementor-post-info\">\n\t\t\t\t\t\t\t\t<li class=\"elementor-icon-list-item elementor-repeater-item-48b6049 elementor-inline-item\" itemprop=\"author\">\n\t\t\t\t\t\t<a href=\"https:\/\/pc.sc.gov.br\/?author=5\">\n\t\t\t\t\t\t\t\t\t\t\t<span class=\"elementor-icon-list-icon\">\n\t\t\t\t\t\t\t\t<i aria-hidden=\"true\" class=\"far fa-user-circle\"><\/i>\t\t\t\t\t\t\t<\/span>\n\t\t\t\t\t\t\t\t\t<span class=\"elementor-icon-list-text elementor-post-info__item elementor-post-info__item--type-author\">\n\t\t\t\t\t\t\t\t\t\tStefany de Souza Alves\t\t\t\t\t<\/span>\n\t\t\t\t\t\t\t\t\t<\/a>\n\t\t\t\t<\/li>\n\t\t\t\t<li class=\"elementor-icon-list-item elementor-repeater-item-12addad elementor-inline-item\" itemprop=\"datePublished\">\n\t\t\t\t\t\t<a href=\"https:\/\/pc.sc.gov.br\/?m=20250924\">\n\t\t\t\t\t\t\t\t\t\t\t<span class=\"elementor-icon-list-icon\">\n\t\t\t\t\t\t\t\t<i aria-hidden=\"true\" class=\"fas fa-calendar\"><\/i>\t\t\t\t\t\t\t<\/span>\n\t\t\t\t\t\t\t\t\t<span class=\"elementor-icon-list-text elementor-post-info__item elementor-post-info__item--type-date\">\n\t\t\t\t\t\t\t\t\t\t<time>setembro 24, 2025<\/time>\t\t\t\t\t<\/span>\n\t\t\t\t\t\t\t\t\t<\/a>\n\t\t\t\t<\/li>\n\t\t\t\t<li class=\"elementor-icon-list-item elementor-repeater-item-eae3456 elementor-inline-item\">\n\t\t\t\t\t\t\t\t\t\t<span class=\"elementor-icon-list-icon\">\n\t\t\t\t\t\t\t\t<i aria-hidden=\"true\" class=\"far fa-clock\"><\/i>\t\t\t\t\t\t\t<\/span>\n\t\t\t\t\t\t\t\t\t<span class=\"elementor-icon-list-text elementor-post-info__item elementor-post-info__item--type-time\">\n\t\t\t\t\t\t\t\t\t\t<time>5:59 pm<\/time>\t\t\t\t\t<\/span>\n\t\t\t\t\t\t\t\t<\/li>\n\t\t\t\t<\/ul>\n\t\t\t\t\t\t<\/div>\n\t\t\t\t<\/div>\n\t\t\t\t<div class=\"elementor-element elementor-element-af45f6d elementor-widget elementor-widget-text-editor\" data-id=\"af45f6d\" data-element_type=\"widget\" data-widget_type=\"text-editor.default\">\n\t\t\t\t<div class=\"elementor-widget-container\">\n\t\t\t\t\t\t\t\t\t<p>A Delegacia de Prote\u00e7\u00e3o \u00e0 Crian\u00e7a, ao Adolescente, \u00e0 Mulher e ao Idoso (DPCAMI) de Chapec\u00f3 alcan\u00e7ou um importante marco de produtividade investigativa.<\/p><p>A unidade da Pol\u00edcia Civil de Santa Catarina atingiu, nesta ter\u00e7a-feira, 23\/09\/2025, a quantidade de 58 mandados de busca e apreens\u00e3o cumpridos, mais do que todo o ano de 2024.<\/p><p>O resultado, alcan\u00e7ado em menos de nove meses, sinaliza um expressivo aumento na efici\u00eancia e na celeridade das a\u00e7\u00f5es de combate a crimes no munic\u00edpio.<\/p><p>A intensifica\u00e7\u00e3o dos trabalhos reflete o compromisso da delegacia especializada em dar respostas r\u00e1pidas e efetivas \u00e0 sociedade.<\/p><p>O cumprimento de mandados de busca e apreens\u00e3o \u00e9 uma ferramenta estrat\u00e9gica e fundamental para a coleta de provas, permitindo a responsabiliza\u00e7\u00e3o de autores de crimes e a interrup\u00e7\u00e3o de ciclos de viol\u00eancia, especialmente nos casos de viol\u00eancia dom\u00e9stica, abusos e outras viola\u00e7\u00f5es de direitos investigadas pela DPCAMI.<\/p><p>O avan\u00e7o nos indicadores operacionais demonstra o empenho do Estado na apura\u00e7\u00e3o e repress\u00e3o qualificada da criminalidade, visando \u00e0 prote\u00e7\u00e3o dos cidad\u00e3os mais vulner\u00e1veis.<\/p><p>O desempenho aponta para um acr\u00e9scimo significativo no \u00edndice de cumprimento deste tipo de dilig\u00eancia at\u00e9 o final do ano.<\/p><p>A DPCAMI de Chapec\u00f3 refor\u00e7a a import\u00e2ncia da colabora\u00e7\u00e3o da comunidade por meio de den\u00fancias, essenciais para o in\u00edcio de investiga\u00e7\u00f5es e a prote\u00e7\u00e3o das v\u00edtimas.<\/p><p>\u00a0<\/p><p>\u00a0<\/p><p>\u00a0<\/p>\t\t\t\t\t\t\t\t<\/div>\n\t\t\t\t<\/div>\n\t\t\t\t\t<\/div>\n\t\t<\/div>\n\t\t\t\t\t<\/div>\n\t\t<\/section>\n\t\t\t\t<\/div>\n\t\t","protected":false},"excerpt":{"rendered":"<p>Em 2025, DPCAMI de Chapec\u00f3 j\u00e1 cumpriu mais mandados de busca e apreens\u00e3o do que todo o ano de 2024 A Delegacia de Prote\u00e7\u00e3o \u00e0 Crian\u00e7a, ao Adolescente, \u00e0 Mulher e ao Idoso (DPCAMI) de Chapec\u00f3 alcan\u00e7ou um importante marco de produtividade investigativa. A unidade da Pol\u00edcia Civil de Santa Catarina atingiu, nesta ter\u00e7a-feira, 23\/09\/2025, [&hellip;]<\/p>\n","protected":false},"author":5,"featured_media":10063,"comment_status":"closed","ping_status":"open","sticky":false,"template":"","format":"standard","meta":{"_monsterinsights_skip_tracking":false,"_monsterinsights_sitenote_active":false,"_monsterinsights_sitenote_note":"","_monsterinsights_sitenote_category":0,"footnotes":""},"categories":[1],"tags":[],"class_list":["post-32572","post","type-post","status-publish","format-standard","has-post-thumbnail","hentry","category-sem-categoria"],"_links":{"self":[{"href":"https:\/\/pc.sc.gov.br\/index.php?rest_route=\/wp\/v2\/posts\/32572","targetHints":{"allow":["GET"]}}],"collection":[{"href":"https:\/\/pc.sc.gov.br\/index.php?rest_route=\/wp\/v2\/posts"}],"about":[{"href":"https:\/\/pc.sc.gov.br\/index.php?rest_route=\/wp\/v2\/types\/post"}],"author":[{"embeddable":true,"href":"https:\/\/pc.sc.gov.br\/index.php?rest_route=\/wp\/v2\/users\/5"}],"replies":[{"embeddable":true,"href":"https:\/\/pc.sc.gov.br\/index.php?rest_route=%2Fwp%2Fv2%2Fcomments&post=32572"}],"version-history":[{"count":3,"href":"https:\/\/pc.sc.gov.br\/index.php?rest_route=\/wp\/v2\/posts\/32572\/revisions"}],"predecessor-version":[{"id":32575,"href":"https:\/\/pc.sc.gov.br\/index.php?rest_route=\/wp\/v2\/posts\/32572\/revisions\/32575"}],"wp:featuredmedia":[{"embeddable":true,"href":"https:\/\/pc.sc.gov.br\/index.php?rest_route=\/wp\/v2\/media\/10063"}],"wp:attachment":[{"href":"https:\/\/pc.sc.gov.br\/index.php?rest_route=%2Fwp%2Fv2%2Fmedia&parent=32572"}],"wp:term":[{"taxonomy":"category","embeddable":true,"href":"https:\/\/pc.sc.gov.br\/index.php?rest_route=%2Fwp%2Fv2%2Fcategories&post=32572"},{"taxonomy":"post_tag","embeddable":true,"href":"https:\/\/pc.sc.gov.br\/index.php?rest_route=%2Fwp%2Fv2%2Ftags&post=32572"}],"curies":[{"name":"wp","href":"https:\/\/api.w.org\/{rel}","templated":true}]}}