{"id":33118,"date":"2025-10-10T18:04:44","date_gmt":"2025-10-10T21:04:44","guid":{"rendered":"https:\/\/pc.sc.gov.br\/?p=33118"},"modified":"2025-10-10T18:11:31","modified_gmt":"2025-10-10T21:11:31","slug":"policia-civil-deflagra-operacao-exame-final-em-ararangua","status":"publish","type":"post","link":"https:\/\/pc.sc.gov.br\/?p=33118","title":{"rendered":"Pol\u00edcia Civil deflagra opera\u00e7\u00e3o \u201cExame Final\u201d em Ararangu\u00e1"},"content":{"rendered":"\t\t<div data-elementor-type=\"wp-post\" data-elementor-id=\"33118\" class=\"elementor elementor-33118\" data-elementor-post-type=\"post\">\n\t\t\t\t\t\t<section class=\"elementor-section elementor-top-section elementor-element elementor-element-357fbf9 elementor-section-boxed elementor-section-height-default elementor-section-height-default\" data-id=\"357fbf9\" data-element_type=\"section\">\n\t\t\t\t\t\t<div class=\"elementor-container elementor-column-gap-default\">\n\t\t\t\t\t<div class=\"elementor-column elementor-col-100 elementor-top-column elementor-element elementor-element-c261141\" data-id=\"c261141\" data-element_type=\"column\">\n\t\t\t<div class=\"elementor-widget-wrap elementor-element-populated\">\n\t\t\t\t\t\t<div class=\"elementor-element elementor-element-1f4a904 elementor-widget elementor-widget-heading\" data-id=\"1f4a904\" data-element_type=\"widget\" data-widget_type=\"heading.default\">\n\t\t\t\t<div class=\"elementor-widget-container\">\n\t\t\t\t\t<h2 class=\"elementor-heading-title elementor-size-default\">Pol\u00edcia Civil deflagra opera\u00e7\u00e3o \u201cExame Final\u201d em Ararangu\u00e1 <\/h2>\t\t\t\t<\/div>\n\t\t\t\t<\/div>\n\t\t\t\t\t<\/div>\n\t\t<\/div>\n\t\t\t\t\t<\/div>\n\t\t<\/section>\n\t\t\t\t<section class=\"elementor-section elementor-top-section elementor-element elementor-element-d3c8009 elementor-section-boxed elementor-section-height-default elementor-section-height-default\" data-id=\"d3c8009\" data-element_type=\"section\">\n\t\t\t\t\t\t<div class=\"elementor-container elementor-column-gap-default\">\n\t\t\t\t\t<div class=\"elementor-column elementor-col-100 elementor-top-column elementor-element elementor-element-dc7a3d1\" data-id=\"dc7a3d1\" data-element_type=\"column\">\n\t\t\t<div class=\"elementor-widget-wrap elementor-element-populated\">\n\t\t\t\t\t\t<div class=\"elementor-element elementor-element-e4f2e8b elementor-widget elementor-widget-image\" data-id=\"e4f2e8b\" data-element_type=\"widget\" data-widget_type=\"image.default\">\n\t\t\t\t<div class=\"elementor-widget-container\">\n\t\t\t\t\t\t\t\t\t\t\t\t\t\t\t<img fetchpriority=\"high\" decoding=\"async\" width=\"696\" height=\"404\" src=\"https:\/\/pc.sc.gov.br\/\/wp-content\/uploads\/2025\/05\/54556333709_8b72d1c43b_c-e1761332681406.jpg\" class=\"attachment-large size-large wp-image-29110\" alt=\"\" srcset=\"https:\/\/pc.sc.gov.br\/\/wp-content\/uploads\/2025\/05\/54556333709_8b72d1c43b_c-e1761332681406.jpg 789w, https:\/\/pc.sc.gov.br\/\/wp-content\/uploads\/2025\/05\/54556333709_8b72d1c43b_c-e1761332681406-300x174.jpg 300w, https:\/\/pc.sc.gov.br\/\/wp-content\/uploads\/2025\/05\/54556333709_8b72d1c43b_c-e1761332681406-768x446.jpg 768w\" sizes=\"(max-width: 696px) 100vw, 696px\" \/>\t\t\t\t\t\t\t\t\t\t\t\t\t\t\t<\/div>\n\t\t\t\t<\/div>\n\t\t\t\t\t<\/div>\n\t\t<\/div>\n\t\t\t\t\t<\/div>\n\t\t<\/section>\n\t\t\t\t<section class=\"elementor-section elementor-top-section elementor-element elementor-element-af40a08 elementor-section-boxed elementor-section-height-default elementor-section-height-default\" data-id=\"af40a08\" data-element_type=\"section\">\n\t\t\t\t\t\t<div class=\"elementor-container elementor-column-gap-default\">\n\t\t\t\t\t<div class=\"elementor-column elementor-col-100 elementor-top-column elementor-element elementor-element-eafea0f\" data-id=\"eafea0f\" data-element_type=\"column\">\n\t\t\t<div class=\"elementor-widget-wrap elementor-element-populated\">\n\t\t\t\t\t\t<div class=\"elementor-element elementor-element-ac329d3 elementor-widget elementor-widget-post-info\" data-id=\"ac329d3\" data-element_type=\"widget\" data-widget_type=\"post-info.default\">\n\t\t\t\t<div class=\"elementor-widget-container\">\n\t\t\t\t\t\t\t<ul class=\"elementor-inline-items elementor-icon-list-items elementor-post-info\">\n\t\t\t\t\t\t\t\t<li class=\"elementor-icon-list-item elementor-repeater-item-a8e3cdb elementor-inline-item\" itemprop=\"author\">\n\t\t\t\t\t\t<a href=\"https:\/\/pc.sc.gov.br\/?author=5\">\n\t\t\t\t\t\t\t\t\t\t\t<span class=\"elementor-icon-list-icon\">\n\t\t\t\t\t\t\t\t<i aria-hidden=\"true\" class=\"far fa-user-circle\"><\/i>\t\t\t\t\t\t\t<\/span>\n\t\t\t\t\t\t\t\t\t<span class=\"elementor-icon-list-text elementor-post-info__item elementor-post-info__item--type-author\">\n\t\t\t\t\t\t\t\t\t\tStefany de Souza Alves\t\t\t\t\t<\/span>\n\t\t\t\t\t\t\t\t\t<\/a>\n\t\t\t\t<\/li>\n\t\t\t\t<li class=\"elementor-icon-list-item elementor-repeater-item-ad59d35 elementor-inline-item\" itemprop=\"datePublished\">\n\t\t\t\t\t\t<a href=\"https:\/\/pc.sc.gov.br\/?m=20251010\">\n\t\t\t\t\t\t\t\t\t\t\t<span class=\"elementor-icon-list-icon\">\n\t\t\t\t\t\t\t\t<i aria-hidden=\"true\" class=\"fas fa-calendar\"><\/i>\t\t\t\t\t\t\t<\/span>\n\t\t\t\t\t\t\t\t\t<span class=\"elementor-icon-list-text elementor-post-info__item elementor-post-info__item--type-date\">\n\t\t\t\t\t\t\t\t\t\t<time>outubro 10, 2025<\/time>\t\t\t\t\t<\/span>\n\t\t\t\t\t\t\t\t\t<\/a>\n\t\t\t\t<\/li>\n\t\t\t\t<li class=\"elementor-icon-list-item elementor-repeater-item-8eeec11 elementor-inline-item\">\n\t\t\t\t\t\t\t\t\t\t<span class=\"elementor-icon-list-icon\">\n\t\t\t\t\t\t\t\t<i aria-hidden=\"true\" class=\"far fa-clock\"><\/i>\t\t\t\t\t\t\t<\/span>\n\t\t\t\t\t\t\t\t\t<span class=\"elementor-icon-list-text elementor-post-info__item elementor-post-info__item--type-time\">\n\t\t\t\t\t\t\t\t\t\t<time>6:04 pm<\/time>\t\t\t\t\t<\/span>\n\t\t\t\t\t\t\t\t<\/li>\n\t\t\t\t<\/ul>\n\t\t\t\t\t\t<\/div>\n\t\t\t\t<\/div>\n\t\t\t\t<div class=\"elementor-element elementor-element-14525ec elementor-widget elementor-widget-text-editor\" data-id=\"14525ec\" data-element_type=\"widget\" data-widget_type=\"text-editor.default\">\n\t\t\t\t<div class=\"elementor-widget-container\">\n\t\t\t\t\t\t\t\t\t<p>A Pol\u00edcia Civil de Santa Catarina, por meio da Delegacia de Prote\u00e7\u00e3o a Crian\u00e7a, ao Adolescente, a Mulher e ao Idoso, (DPCAMI) de Ararangu\u00e1, deflagrou na manh\u00e3 desta sexta-feira (10\/10), na cidade de Ararangu\u00e1, a Opera\u00e7\u00e3o \u201cExame Final\u201d, para cumprimento de mandados de busca e apreens\u00e3o.<\/p><p>Foram cumpridos seis mandados de busca e apreens\u00e3o emitidos pela Justi\u00e7a ap\u00f3s representa\u00e7\u00e3o feita pela DPCAMI de Ararangu\u00e1 nos autos de inqu\u00e9rito policial instaurado para investigar crimes previstos nos artigos 240, 241-A, 241-B e 243 do Estatuto da Crian\u00e7a e Adolescente (ECA).<\/p><p>Os alvos s\u00e3o docentes (professores) e dicentes (adolescentes) de uma escola p\u00fablica estadual do munic\u00edpio de Ararangu\u00e1.<\/p><p>O ECA criminaliza a produ\u00e7\u00e3o, reprodu\u00e7\u00e3o, dire\u00e7\u00e3o, registro ou filmagem de cenas de sexo expl\u00edcito ou pornogr\u00e1ficas envolvendo crian\u00e7as e adolescentes, com pena de 4 a 8 anos de reclus\u00e3o e multa.\u00a0O crime tamb\u00e9m se aplica a quem agencia, facilita, recruta, coage ou intermedeia a participa\u00e7\u00e3o de menores nessas cenas, ou quem contracena com eles.\u00a0<\/p><p>Da mesma forma, o Estatuto define como crimes, o armazenamento (1 a 4 anos de reclus\u00e3o) e o compartilhamento (3 a 6 anos de reclus\u00e3o) desse material.<\/p><p>J\u00e1 o artigo 243 do ECA criminaliza quem vender, fornecer, servir ou entregar, mesmo que gratuitamente, a crian\u00e7a ou adolescente, bebida alco\u00f3lica ou outros produtos que possam causar depend\u00eancia f\u00edsica ou ps\u00edquica sem justa causa.\u00a0A pena \u00e9 de 2 a 4 anos de deten\u00e7\u00e3o e multa, se o fato n\u00e3o constituir crime mais grave.\u00a0<\/p><p>Uma equipe com 20 policiais civis de unidades da 19\u00aa DRP participou do cumprimento dos mandados em apoio aos policiais da DPCAMI de Ararangu\u00e1, bem como, Peritos Criminais da Pol\u00edcia Cient\u00edfica acompanharam as buscas para execu\u00e7\u00e3o de per\u00edcia t\u00e9cnica.<\/p>\t\t\t\t\t\t\t\t<\/div>\n\t\t\t\t<\/div>\n\t\t\t\t\t<\/div>\n\t\t<\/div>\n\t\t\t\t\t<\/div>\n\t\t<\/section>\n\t\t\t\t<\/div>\n\t\t","protected":false},"excerpt":{"rendered":"<p>Pol\u00edcia Civil deflagra opera\u00e7\u00e3o \u201cExame Final\u201d em Ararangu\u00e1 A Pol\u00edcia Civil de Santa Catarina, por meio da Delegacia de Prote\u00e7\u00e3o a Crian\u00e7a, ao Adolescente, a Mulher e ao Idoso, (DPCAMI) de Ararangu\u00e1, deflagrou na manh\u00e3 desta sexta-feira (10\/10), na cidade de Ararangu\u00e1, a Opera\u00e7\u00e3o \u201cExame Final\u201d, para cumprimento de mandados de busca e apreens\u00e3o. Foram [&hellip;]<\/p>\n","protected":false},"author":5,"featured_media":29110,"comment_status":"closed","ping_status":"open","sticky":false,"template":"","format":"standard","meta":{"_monsterinsights_skip_tracking":false,"_monsterinsights_sitenote_active":false,"_monsterinsights_sitenote_note":"","_monsterinsights_sitenote_category":0,"footnotes":""},"categories":[1],"tags":[],"class_list":["post-33118","post","type-post","status-publish","format-standard","has-post-thumbnail","hentry","category-sem-categoria"],"_links":{"self":[{"href":"https:\/\/pc.sc.gov.br\/index.php?rest_route=\/wp\/v2\/posts\/33118","targetHints":{"allow":["GET"]}}],"collection":[{"href":"https:\/\/pc.sc.gov.br\/index.php?rest_route=\/wp\/v2\/posts"}],"about":[{"href":"https:\/\/pc.sc.gov.br\/index.php?rest_route=\/wp\/v2\/types\/post"}],"author":[{"embeddable":true,"href":"https:\/\/pc.sc.gov.br\/index.php?rest_route=\/wp\/v2\/users\/5"}],"replies":[{"embeddable":true,"href":"https:\/\/pc.sc.gov.br\/index.php?rest_route=%2Fwp%2Fv2%2Fcomments&post=33118"}],"version-history":[{"count":3,"href":"https:\/\/pc.sc.gov.br\/index.php?rest_route=\/wp\/v2\/posts\/33118\/revisions"}],"predecessor-version":[{"id":33121,"href":"https:\/\/pc.sc.gov.br\/index.php?rest_route=\/wp\/v2\/posts\/33118\/revisions\/33121"}],"wp:featuredmedia":[{"embeddable":true,"href":"https:\/\/pc.sc.gov.br\/index.php?rest_route=\/wp\/v2\/media\/29110"}],"wp:attachment":[{"href":"https:\/\/pc.sc.gov.br\/index.php?rest_route=%2Fwp%2Fv2%2Fmedia&parent=33118"}],"wp:term":[{"taxonomy":"category","embeddable":true,"href":"https:\/\/pc.sc.gov.br\/index.php?rest_route=%2Fwp%2Fv2%2Fcategories&post=33118"},{"taxonomy":"post_tag","embeddable":true,"href":"https:\/\/pc.sc.gov.br\/index.php?rest_route=%2Fwp%2Fv2%2Ftags&post=33118"}],"curies":[{"name":"wp","href":"https:\/\/api.w.org\/{rel}","templated":true}]}}