{"id":33190,"date":"2025-10-14T17:22:33","date_gmt":"2025-10-14T20:22:33","guid":{"rendered":"https:\/\/pc.sc.gov.br\/?p=33190"},"modified":"2025-10-14T17:23:53","modified_gmt":"2025-10-14T20:23:53","slug":"policia-civil-prende-dupla-e-apreende-35-quilos-de-maconha-na-fronteira-de-santa-catarina-e-parana","status":"publish","type":"post","link":"https:\/\/pc.sc.gov.br\/?p=33190","title":{"rendered":"Pol\u00edcia Civil prende dupla e apreende 35 quilos de maconha na fronteira de Santa Catarina e Paran\u00e1"},"content":{"rendered":"\t\t<div data-elementor-type=\"wp-post\" data-elementor-id=\"33190\" class=\"elementor elementor-33190\" data-elementor-post-type=\"post\">\n\t\t\t\t\t\t<section class=\"elementor-section elementor-top-section elementor-element elementor-element-d7f438c elementor-section-boxed elementor-section-height-default elementor-section-height-default\" data-id=\"d7f438c\" data-element_type=\"section\">\n\t\t\t\t\t\t<div class=\"elementor-container elementor-column-gap-default\">\n\t\t\t\t\t<div class=\"elementor-column elementor-col-100 elementor-top-column elementor-element elementor-element-66fb5bf\" data-id=\"66fb5bf\" data-element_type=\"column\">\n\t\t\t<div class=\"elementor-widget-wrap elementor-element-populated\">\n\t\t\t\t\t\t<div class=\"elementor-element elementor-element-7716dec elementor-widget elementor-widget-heading\" data-id=\"7716dec\" data-element_type=\"widget\" data-widget_type=\"heading.default\">\n\t\t\t\t<div class=\"elementor-widget-container\">\n\t\t\t\t\t<h2 class=\"elementor-heading-title elementor-size-default\">Pol\u00edcia Civil prende dupla e apreende 35 quilos de maconha na fronteira de Santa Catarina e Paran\u00e1<\/h2>\t\t\t\t<\/div>\n\t\t\t\t<\/div>\n\t\t\t\t\t<\/div>\n\t\t<\/div>\n\t\t\t\t\t<\/div>\n\t\t<\/section>\n\t\t\t\t<section class=\"elementor-section elementor-top-section elementor-element elementor-element-7658ee7 elementor-section-boxed elementor-section-height-default elementor-section-height-default\" data-id=\"7658ee7\" data-element_type=\"section\">\n\t\t\t\t\t\t<div class=\"elementor-container elementor-column-gap-default\">\n\t\t\t\t\t<div class=\"elementor-column elementor-col-100 elementor-top-column elementor-element elementor-element-c6badd1\" data-id=\"c6badd1\" data-element_type=\"column\">\n\t\t\t<div class=\"elementor-widget-wrap elementor-element-populated\">\n\t\t\t\t\t\t<div class=\"elementor-element elementor-element-b83d428 elementor-widget elementor-widget-image\" data-id=\"b83d428\" data-element_type=\"widget\" data-widget_type=\"image.default\">\n\t\t\t\t<div class=\"elementor-widget-container\">\n\t\t\t\t\t\t\t\t\t\t\t\t\t\t\t<img fetchpriority=\"high\" decoding=\"async\" width=\"693\" height=\"1024\" src=\"https:\/\/pc.sc.gov.br\/\/wp-content\/uploads\/2025\/10\/WhatsApp-Image-2025-10-14-at-10.44.54-e1760473344925-693x1024.jpeg\" class=\"attachment-large size-large wp-image-33191\" alt=\"\" srcset=\"https:\/\/pc.sc.gov.br\/\/wp-content\/uploads\/2025\/10\/WhatsApp-Image-2025-10-14-at-10.44.54-e1760473344925-693x1024.jpeg 693w, https:\/\/pc.sc.gov.br\/\/wp-content\/uploads\/2025\/10\/WhatsApp-Image-2025-10-14-at-10.44.54-e1760473344925-203x300.jpeg 203w, https:\/\/pc.sc.gov.br\/\/wp-content\/uploads\/2025\/10\/WhatsApp-Image-2025-10-14-at-10.44.54-e1760473344925-768x1134.jpeg 768w, https:\/\/pc.sc.gov.br\/\/wp-content\/uploads\/2025\/10\/WhatsApp-Image-2025-10-14-at-10.44.54-e1760473344925.jpeg 770w\" sizes=\"(max-width: 693px) 100vw, 693px\" \/>\t\t\t\t\t\t\t\t\t\t\t\t\t\t\t<\/div>\n\t\t\t\t<\/div>\n\t\t\t\t\t<\/div>\n\t\t<\/div>\n\t\t\t\t\t<\/div>\n\t\t<\/section>\n\t\t\t\t<section class=\"elementor-section elementor-top-section elementor-element elementor-element-fdf5857 elementor-section-boxed elementor-section-height-default elementor-section-height-default\" data-id=\"fdf5857\" data-element_type=\"section\">\n\t\t\t\t\t\t<div class=\"elementor-container elementor-column-gap-default\">\n\t\t\t\t\t<div class=\"elementor-column elementor-col-100 elementor-top-column elementor-element elementor-element-e16183d\" data-id=\"e16183d\" data-element_type=\"column\">\n\t\t\t<div class=\"elementor-widget-wrap elementor-element-populated\">\n\t\t\t\t\t\t<div class=\"elementor-element elementor-element-8dce2f0 elementor-widget elementor-widget-post-info\" data-id=\"8dce2f0\" data-element_type=\"widget\" data-widget_type=\"post-info.default\">\n\t\t\t\t<div class=\"elementor-widget-container\">\n\t\t\t\t\t\t\t<ul class=\"elementor-inline-items elementor-icon-list-items elementor-post-info\">\n\t\t\t\t\t\t\t\t<li class=\"elementor-icon-list-item elementor-repeater-item-e847e3f elementor-inline-item\" itemprop=\"author\">\n\t\t\t\t\t\t<a href=\"https:\/\/pc.sc.gov.br\/?author=5\">\n\t\t\t\t\t\t\t\t\t\t\t<span class=\"elementor-icon-list-icon\">\n\t\t\t\t\t\t\t\t<i aria-hidden=\"true\" class=\"far fa-user-circle\"><\/i>\t\t\t\t\t\t\t<\/span>\n\t\t\t\t\t\t\t\t\t<span class=\"elementor-icon-list-text elementor-post-info__item elementor-post-info__item--type-author\">\n\t\t\t\t\t\t\t\t\t\tStefany de Souza Alves\t\t\t\t\t<\/span>\n\t\t\t\t\t\t\t\t\t<\/a>\n\t\t\t\t<\/li>\n\t\t\t\t<li class=\"elementor-icon-list-item elementor-repeater-item-add31f9 elementor-inline-item\" itemprop=\"datePublished\">\n\t\t\t\t\t\t<a href=\"https:\/\/pc.sc.gov.br\/?m=20251014\">\n\t\t\t\t\t\t\t\t\t\t\t<span class=\"elementor-icon-list-icon\">\n\t\t\t\t\t\t\t\t<i aria-hidden=\"true\" class=\"fas fa-calendar\"><\/i>\t\t\t\t\t\t\t<\/span>\n\t\t\t\t\t\t\t\t\t<span class=\"elementor-icon-list-text elementor-post-info__item elementor-post-info__item--type-date\">\n\t\t\t\t\t\t\t\t\t\t<time>outubro 14, 2025<\/time>\t\t\t\t\t<\/span>\n\t\t\t\t\t\t\t\t\t<\/a>\n\t\t\t\t<\/li>\n\t\t\t\t<li class=\"elementor-icon-list-item elementor-repeater-item-b0844fe elementor-inline-item\">\n\t\t\t\t\t\t\t\t\t\t<span class=\"elementor-icon-list-icon\">\n\t\t\t\t\t\t\t\t<i aria-hidden=\"true\" class=\"far fa-clock\"><\/i>\t\t\t\t\t\t\t<\/span>\n\t\t\t\t\t\t\t\t\t<span class=\"elementor-icon-list-text elementor-post-info__item elementor-post-info__item--type-time\">\n\t\t\t\t\t\t\t\t\t\t<time>5:22 pm<\/time>\t\t\t\t\t<\/span>\n\t\t\t\t\t\t\t\t<\/li>\n\t\t\t\t<\/ul>\n\t\t\t\t\t\t<\/div>\n\t\t\t\t<\/div>\n\t\t\t\t<div class=\"elementor-element elementor-element-924fb36 elementor-widget elementor-widget-text-editor\" data-id=\"924fb36\" data-element_type=\"widget\" data-widget_type=\"text-editor.default\">\n\t\t\t\t<div class=\"elementor-widget-container\">\n\t\t\t\t\t\t\t\t\t<p>Na manh\u00e3 de hoje (14\/10), a Pol\u00edcia Civil de Santa Catarina, em uma a\u00e7\u00e3o integrada da Delegacia de Investiga\u00e7\u00e3o Criminal (DIC), da Delegacia de Pol\u00edcia de Comarca (DPCo) e do N\u00facleo de Opera\u00e7\u00f5es com C\u00e3es (NOC), de S\u00e3o Louren\u00e7o do Oeste\/SC, desferiu um duro golpe contra o tr\u00e1fico interestadual de drogas.<\/p><p>Ap\u00f3s troca de informa\u00e7\u00f5es com a Pol\u00edcia Rodovi\u00e1ria Federal (PRF) e o Servi\u00e7o Aeropolicial da Fronteira (SAER-Fron) de Chapec\u00f3\/SC, as for\u00e7as de seguran\u00e7a tomaram conhecimento de que um ve\u00edculo Ford\/Focus estaria transitando de Foz do Igua\u00e7u\/PR para o Estado de Santa Catarina, possivelmente transportando entorpecentes.<\/p><p>Por volta das 04h30min, o carro foi visualizado chegando \u00e0 cidade de Vitorino\/PR, onde foi imediatamente abordado. Constatou-se que o autom\u00f3vel era conduzido por um homem venezuelano, de 26 anos de idade, e transportava um passageiro brasileiro, de 18 anos de idade. Durante as buscas, foram encontradas duas malas contendo 65 tabletes de subst\u00e2ncia an\u00e1loga \u00e0 maconha, pesando aproximadamente 35 quilos da droga.<\/p><p>Os homens foram presos em flagrante e conduzidos \u00e0 12\u00aa Central Regional de Plant\u00e3o Policial de Pato Branco\/PR, onde permanecer\u00e3o \u00e0 disposi\u00e7\u00e3o da Justi\u00e7a.<\/p>\t\t\t\t\t\t\t\t<\/div>\n\t\t\t\t<\/div>\n\t\t\t\t\t<\/div>\n\t\t<\/div>\n\t\t\t\t\t<\/div>\n\t\t<\/section>\n\t\t\t\t<\/div>\n\t\t","protected":false},"excerpt":{"rendered":"<p>Pol\u00edcia Civil prende dupla e apreende 35 quilos de maconha na fronteira de Santa Catarina e Paran\u00e1 Na manh\u00e3 de hoje (14\/10), a Pol\u00edcia Civil de Santa Catarina, em uma a\u00e7\u00e3o integrada da Delegacia de Investiga\u00e7\u00e3o Criminal (DIC), da Delegacia de Pol\u00edcia de Comarca (DPCo) e do N\u00facleo de Opera\u00e7\u00f5es com C\u00e3es (NOC), de S\u00e3o [&hellip;]<\/p>\n","protected":false},"author":5,"featured_media":33191,"comment_status":"closed","ping_status":"open","sticky":false,"template":"","format":"standard","meta":{"_monsterinsights_skip_tracking":false,"_monsterinsights_sitenote_active":false,"_monsterinsights_sitenote_note":"","_monsterinsights_sitenote_category":0,"footnotes":""},"categories":[1],"tags":[],"class_list":["post-33190","post","type-post","status-publish","format-standard","has-post-thumbnail","hentry","category-sem-categoria"],"_links":{"self":[{"href":"https:\/\/pc.sc.gov.br\/index.php?rest_route=\/wp\/v2\/posts\/33190","targetHints":{"allow":["GET"]}}],"collection":[{"href":"https:\/\/pc.sc.gov.br\/index.php?rest_route=\/wp\/v2\/posts"}],"about":[{"href":"https:\/\/pc.sc.gov.br\/index.php?rest_route=\/wp\/v2\/types\/post"}],"author":[{"embeddable":true,"href":"https:\/\/pc.sc.gov.br\/index.php?rest_route=\/wp\/v2\/users\/5"}],"replies":[{"embeddable":true,"href":"https:\/\/pc.sc.gov.br\/index.php?rest_route=%2Fwp%2Fv2%2Fcomments&post=33190"}],"version-history":[{"count":4,"href":"https:\/\/pc.sc.gov.br\/index.php?rest_route=\/wp\/v2\/posts\/33190\/revisions"}],"predecessor-version":[{"id":33195,"href":"https:\/\/pc.sc.gov.br\/index.php?rest_route=\/wp\/v2\/posts\/33190\/revisions\/33195"}],"wp:featuredmedia":[{"embeddable":true,"href":"https:\/\/pc.sc.gov.br\/index.php?rest_route=\/wp\/v2\/media\/33191"}],"wp:attachment":[{"href":"https:\/\/pc.sc.gov.br\/index.php?rest_route=%2Fwp%2Fv2%2Fmedia&parent=33190"}],"wp:term":[{"taxonomy":"category","embeddable":true,"href":"https:\/\/pc.sc.gov.br\/index.php?rest_route=%2Fwp%2Fv2%2Fcategories&post=33190"},{"taxonomy":"post_tag","embeddable":true,"href":"https:\/\/pc.sc.gov.br\/index.php?rest_route=%2Fwp%2Fv2%2Ftags&post=33190"}],"curies":[{"name":"wp","href":"https:\/\/api.w.org\/{rel}","templated":true}]}}