{"id":33264,"date":"2025-10-16T16:30:21","date_gmt":"2025-10-16T19:30:21","guid":{"rendered":"https:\/\/pc.sc.gov.br\/?p=33264"},"modified":"2025-10-16T16:31:57","modified_gmt":"2025-10-16T19:31:57","slug":"empresario-reincidente-e-preso-em-criciuma-durante-a-37a-edicao-da-operacao-311","status":"publish","type":"post","link":"https:\/\/pc.sc.gov.br\/?p=33264","title":{"rendered":"Empres\u00e1rio reincidente \u00e9 preso em Crici\u00fama durante a 37\u00aa edi\u00e7\u00e3o da Opera\u00e7\u00e3o 311"},"content":{"rendered":"\t\t<div data-elementor-type=\"wp-post\" data-elementor-id=\"33264\" class=\"elementor elementor-33264\" data-elementor-post-type=\"post\">\n\t\t\t\t\t\t<section class=\"elementor-section elementor-top-section elementor-element elementor-element-a450043 elementor-section-boxed elementor-section-height-default elementor-section-height-default\" data-id=\"a450043\" data-element_type=\"section\">\n\t\t\t\t\t\t<div class=\"elementor-container elementor-column-gap-default\">\n\t\t\t\t\t<div class=\"elementor-column elementor-col-100 elementor-top-column elementor-element elementor-element-a9fc0f7\" data-id=\"a9fc0f7\" data-element_type=\"column\">\n\t\t\t<div class=\"elementor-widget-wrap elementor-element-populated\">\n\t\t\t\t\t\t<div class=\"elementor-element elementor-element-f60cb6b elementor-widget elementor-widget-heading\" data-id=\"f60cb6b\" data-element_type=\"widget\" data-widget_type=\"heading.default\">\n\t\t\t\t<div class=\"elementor-widget-container\">\n\t\t\t\t\t<h2 class=\"elementor-heading-title elementor-size-default\">Empres\u00e1rio reincidente \u00e9 preso em Crici\u00fama durante a 37\u00aa edi\u00e7\u00e3o da Opera\u00e7\u00e3o 311<\/h2>\t\t\t\t<\/div>\n\t\t\t\t<\/div>\n\t\t\t\t\t<\/div>\n\t\t<\/div>\n\t\t\t\t\t<\/div>\n\t\t<\/section>\n\t\t\t\t<section class=\"elementor-section elementor-top-section elementor-element elementor-element-cf3478d elementor-section-boxed elementor-section-height-default elementor-section-height-default\" data-id=\"cf3478d\" data-element_type=\"section\">\n\t\t\t\t\t\t<div class=\"elementor-container elementor-column-gap-default\">\n\t\t\t\t\t<div class=\"elementor-column elementor-col-100 elementor-top-column elementor-element elementor-element-373a5d5\" data-id=\"373a5d5\" data-element_type=\"column\">\n\t\t\t<div class=\"elementor-widget-wrap elementor-element-populated\">\n\t\t\t\t\t\t<div class=\"elementor-element elementor-element-455c6e2 elementor-widget elementor-widget-image\" data-id=\"455c6e2\" data-element_type=\"widget\" data-widget_type=\"image.default\">\n\t\t\t\t<div class=\"elementor-widget-container\">\n\t\t\t\t\t\t\t\t\t\t\t\t\t\t\t<img fetchpriority=\"high\" decoding=\"async\" width=\"696\" height=\"510\" src=\"https:\/\/pc.sc.gov.br\/\/wp-content\/uploads\/2025\/10\/WhatsApp-Image-2025-10-16-at-16.13.33-e1760643000509-1024x751.jpeg\" class=\"attachment-large size-large wp-image-33266\" alt=\"\" srcset=\"https:\/\/pc.sc.gov.br\/\/wp-content\/uploads\/2025\/10\/WhatsApp-Image-2025-10-16-at-16.13.33-e1760643000509-1024x751.jpeg 1024w, https:\/\/pc.sc.gov.br\/\/wp-content\/uploads\/2025\/10\/WhatsApp-Image-2025-10-16-at-16.13.33-e1760643000509-300x220.jpeg 300w, https:\/\/pc.sc.gov.br\/\/wp-content\/uploads\/2025\/10\/WhatsApp-Image-2025-10-16-at-16.13.33-e1760643000509-768x563.jpeg 768w, https:\/\/pc.sc.gov.br\/\/wp-content\/uploads\/2025\/10\/WhatsApp-Image-2025-10-16-at-16.13.33-e1760643000509-1536x1126.jpeg 1536w, https:\/\/pc.sc.gov.br\/\/wp-content\/uploads\/2025\/10\/WhatsApp-Image-2025-10-16-at-16.13.33-e1760643000509.jpeg 1600w\" sizes=\"(max-width: 696px) 100vw, 696px\" \/>\t\t\t\t\t\t\t\t\t\t\t\t\t\t\t<\/div>\n\t\t\t\t<\/div>\n\t\t\t\t<div class=\"elementor-element elementor-element-9ee7bc7 elementor-widget elementor-widget-post-info\" data-id=\"9ee7bc7\" data-element_type=\"widget\" data-widget_type=\"post-info.default\">\n\t\t\t\t<div class=\"elementor-widget-container\">\n\t\t\t\t\t\t\t<ul class=\"elementor-inline-items elementor-icon-list-items elementor-post-info\">\n\t\t\t\t\t\t\t\t<li class=\"elementor-icon-list-item elementor-repeater-item-1faf6a6 elementor-inline-item\" itemprop=\"author\">\n\t\t\t\t\t\t<a href=\"https:\/\/pc.sc.gov.br\/?author=5\">\n\t\t\t\t\t\t\t\t\t\t\t<span class=\"elementor-icon-list-icon\">\n\t\t\t\t\t\t\t\t<i aria-hidden=\"true\" class=\"far fa-user-circle\"><\/i>\t\t\t\t\t\t\t<\/span>\n\t\t\t\t\t\t\t\t\t<span class=\"elementor-icon-list-text elementor-post-info__item elementor-post-info__item--type-author\">\n\t\t\t\t\t\t\t\t\t\tStefany de Souza Alves\t\t\t\t\t<\/span>\n\t\t\t\t\t\t\t\t\t<\/a>\n\t\t\t\t<\/li>\n\t\t\t\t<li class=\"elementor-icon-list-item elementor-repeater-item-3b46957 elementor-inline-item\" itemprop=\"datePublished\">\n\t\t\t\t\t\t<a href=\"https:\/\/pc.sc.gov.br\/?m=20251016\">\n\t\t\t\t\t\t\t\t\t\t\t<span class=\"elementor-icon-list-icon\">\n\t\t\t\t\t\t\t\t<i aria-hidden=\"true\" class=\"fas fa-calendar\"><\/i>\t\t\t\t\t\t\t<\/span>\n\t\t\t\t\t\t\t\t\t<span class=\"elementor-icon-list-text elementor-post-info__item elementor-post-info__item--type-date\">\n\t\t\t\t\t\t\t\t\t\t<time>outubro 16, 2025<\/time>\t\t\t\t\t<\/span>\n\t\t\t\t\t\t\t\t\t<\/a>\n\t\t\t\t<\/li>\n\t\t\t\t<li class=\"elementor-icon-list-item elementor-repeater-item-d13bfbe elementor-inline-item\">\n\t\t\t\t\t\t\t\t\t\t<span class=\"elementor-icon-list-icon\">\n\t\t\t\t\t\t\t\t<i aria-hidden=\"true\" class=\"far fa-clock\"><\/i>\t\t\t\t\t\t\t<\/span>\n\t\t\t\t\t\t\t\t\t<span class=\"elementor-icon-list-text elementor-post-info__item elementor-post-info__item--type-time\">\n\t\t\t\t\t\t\t\t\t\t<time>4:30 pm<\/time>\t\t\t\t\t<\/span>\n\t\t\t\t\t\t\t\t<\/li>\n\t\t\t\t<\/ul>\n\t\t\t\t\t\t<\/div>\n\t\t\t\t<\/div>\n\t\t\t\t<div class=\"elementor-element elementor-element-13099ee elementor-widget elementor-widget-text-editor\" data-id=\"13099ee\" data-element_type=\"widget\" data-widget_type=\"text-editor.default\">\n\t\t\t\t<div class=\"elementor-widget-container\">\n\t\t\t\t\t\t\t\t\t<p>A Pol\u00edcia Civil de Santa Catarina deflagrou nesta quinta-feira (16\/10), a 37\u00aa edi\u00e7\u00e3o da Opera\u00e7\u00e3o 311, em trabalho conjunto da Delegacia de Furtos e Roubos de Ve\u00edculos da DEIC (DFRV\/DEIC), Delegacia de Pescaria Brava, Pol\u00edcia Cient\u00edfica de Crici\u00fama e Ag\u00eancia de Intelig\u00eancia do 9\u00ba Batalh\u00e3o da Pol\u00edcia Militar de Crici\u00fama.<\/p><p>A a\u00e7\u00e3o foi deflagrada para averiguar uma den\u00fancia an\u00f4nima recebida pela Pol\u00edcia Civil, que apontava o funcionamento de um estabelecimento comercial suspeito de revender pe\u00e7as automotivas de origem il\u00edcita.<\/p><p>Durante a fiscaliza\u00e7\u00e3o em uma loja de autope\u00e7as localizada no bairro S\u00e3o Luiz, em Crici\u00fama, foram encontradas pe\u00e7as de 14 ve\u00edculos distintos com proced\u00eancia il\u00edcita, sendo 7 com registro de furto e outras 7 com numera\u00e7\u00e3o suprimida. O material foi apreendido e encaminhado \u00e0 Pol\u00edcia Cient\u00edfica para per\u00edcia.<\/p><p>O empres\u00e1rio, propriet\u00e1rio do estabelecimento, foi autuado em flagrante pelos crimes de recepta\u00e7\u00e3o qualificada e adultera\u00e7\u00e3o qualificada de sinal identificador de ve\u00edculo automotor. O investigado j\u00e1 possui diversos antecedentes criminais, incluindo recepta\u00e7\u00e3o e furto de ve\u00edculos, al\u00e9m de tr\u00e1fico de drogas.<\/p>\t\t\t\t\t\t\t\t<\/div>\n\t\t\t\t<\/div>\n\t\t\t\t\t<\/div>\n\t\t<\/div>\n\t\t\t\t\t<\/div>\n\t\t<\/section>\n\t\t\t\t<\/div>\n\t\t","protected":false},"excerpt":{"rendered":"<p>Empres\u00e1rio reincidente \u00e9 preso em Crici\u00fama durante a 37\u00aa edi\u00e7\u00e3o da Opera\u00e7\u00e3o 311 A Pol\u00edcia Civil de Santa Catarina deflagrou nesta quinta-feira (16\/10), a 37\u00aa edi\u00e7\u00e3o da Opera\u00e7\u00e3o 311, em trabalho conjunto da Delegacia de Furtos e Roubos de Ve\u00edculos da DEIC (DFRV\/DEIC), Delegacia de Pescaria Brava, Pol\u00edcia Cient\u00edfica de Crici\u00fama e Ag\u00eancia de Intelig\u00eancia [&hellip;]<\/p>\n","protected":false},"author":5,"featured_media":33266,"comment_status":"closed","ping_status":"open","sticky":false,"template":"","format":"standard","meta":{"_monsterinsights_skip_tracking":false,"_monsterinsights_sitenote_active":false,"_monsterinsights_sitenote_note":"","_monsterinsights_sitenote_category":0,"footnotes":""},"categories":[1],"tags":[],"class_list":["post-33264","post","type-post","status-publish","format-standard","has-post-thumbnail","hentry","category-sem-categoria"],"_links":{"self":[{"href":"https:\/\/pc.sc.gov.br\/index.php?rest_route=\/wp\/v2\/posts\/33264","targetHints":{"allow":["GET"]}}],"collection":[{"href":"https:\/\/pc.sc.gov.br\/index.php?rest_route=\/wp\/v2\/posts"}],"about":[{"href":"https:\/\/pc.sc.gov.br\/index.php?rest_route=\/wp\/v2\/types\/post"}],"author":[{"embeddable":true,"href":"https:\/\/pc.sc.gov.br\/index.php?rest_route=\/wp\/v2\/users\/5"}],"replies":[{"embeddable":true,"href":"https:\/\/pc.sc.gov.br\/index.php?rest_route=%2Fwp%2Fv2%2Fcomments&post=33264"}],"version-history":[{"count":4,"href":"https:\/\/pc.sc.gov.br\/index.php?rest_route=\/wp\/v2\/posts\/33264\/revisions"}],"predecessor-version":[{"id":33271,"href":"https:\/\/pc.sc.gov.br\/index.php?rest_route=\/wp\/v2\/posts\/33264\/revisions\/33271"}],"wp:featuredmedia":[{"embeddable":true,"href":"https:\/\/pc.sc.gov.br\/index.php?rest_route=\/wp\/v2\/media\/33266"}],"wp:attachment":[{"href":"https:\/\/pc.sc.gov.br\/index.php?rest_route=%2Fwp%2Fv2%2Fmedia&parent=33264"}],"wp:term":[{"taxonomy":"category","embeddable":true,"href":"https:\/\/pc.sc.gov.br\/index.php?rest_route=%2Fwp%2Fv2%2Fcategories&post=33264"},{"taxonomy":"post_tag","embeddable":true,"href":"https:\/\/pc.sc.gov.br\/index.php?rest_route=%2Fwp%2Fv2%2Ftags&post=33264"}],"curies":[{"name":"wp","href":"https:\/\/api.w.org\/{rel}","templated":true}]}}