{"id":33291,"date":"2025-10-16T19:26:35","date_gmt":"2025-10-16T22:26:35","guid":{"rendered":"https:\/\/pc.sc.gov.br\/?p=33291"},"modified":"2025-10-16T19:27:56","modified_gmt":"2025-10-16T22:27:56","slug":"policia-civil-recupera-veiculo-e-prende-autor-de-furto-em-atalanta","status":"publish","type":"post","link":"https:\/\/pc.sc.gov.br\/?p=33291","title":{"rendered":"Pol\u00edcia Civil recupera ve\u00edculo e prende autor de furto em Atalanta"},"content":{"rendered":"\t\t<div data-elementor-type=\"wp-post\" data-elementor-id=\"33291\" class=\"elementor elementor-33291\" data-elementor-post-type=\"post\">\n\t\t\t\t\t\t<section class=\"elementor-section elementor-top-section elementor-element elementor-element-7083017 elementor-section-boxed elementor-section-height-default elementor-section-height-default\" data-id=\"7083017\" data-element_type=\"section\">\n\t\t\t\t\t\t<div class=\"elementor-container elementor-column-gap-default\">\n\t\t\t\t\t<div class=\"elementor-column elementor-col-100 elementor-top-column elementor-element elementor-element-10b2bb8\" data-id=\"10b2bb8\" data-element_type=\"column\">\n\t\t\t<div class=\"elementor-widget-wrap elementor-element-populated\">\n\t\t\t\t\t\t<div class=\"elementor-element elementor-element-af96b5e elementor-widget elementor-widget-heading\" data-id=\"af96b5e\" data-element_type=\"widget\" data-widget_type=\"heading.default\">\n\t\t\t\t<div class=\"elementor-widget-container\">\n\t\t\t\t\t<h2 class=\"elementor-heading-title elementor-size-default\">Pol\u00edcia Civil recupera ve\u00edculo e prende autor de furto em Atalanta <\/h2>\t\t\t\t<\/div>\n\t\t\t\t<\/div>\n\t\t\t\t\t<\/div>\n\t\t<\/div>\n\t\t\t\t\t<\/div>\n\t\t<\/section>\n\t\t\t\t<section class=\"elementor-section elementor-top-section elementor-element elementor-element-eba91ce elementor-section-boxed elementor-section-height-default elementor-section-height-default\" data-id=\"eba91ce\" data-element_type=\"section\">\n\t\t\t\t\t\t<div class=\"elementor-container elementor-column-gap-default\">\n\t\t\t\t\t<div class=\"elementor-column elementor-col-100 elementor-top-column elementor-element elementor-element-77a3055\" data-id=\"77a3055\" data-element_type=\"column\">\n\t\t\t<div class=\"elementor-widget-wrap elementor-element-populated\">\n\t\t\t\t\t\t<div class=\"elementor-element elementor-element-eb5bfdb elementor-widget elementor-widget-image\" data-id=\"eb5bfdb\" data-element_type=\"widget\" data-widget_type=\"image.default\">\n\t\t\t\t<div class=\"elementor-widget-container\">\n\t\t\t\t\t\t\t\t\t\t\t\t\t\t\t<img fetchpriority=\"high\" decoding=\"async\" width=\"696\" height=\"455\" src=\"https:\/\/pc.sc.gov.br\/\/wp-content\/uploads\/2023\/10\/viaturas-PC-SC-02-e1757444653909-1024x669.jpg\" class=\"attachment-large size-large wp-image-14043\" alt=\"\" srcset=\"https:\/\/pc.sc.gov.br\/\/wp-content\/uploads\/2023\/10\/viaturas-PC-SC-02-e1757444653909-1024x669.jpg 1024w, https:\/\/pc.sc.gov.br\/\/wp-content\/uploads\/2023\/10\/viaturas-PC-SC-02-e1757444653909-300x196.jpg 300w, https:\/\/pc.sc.gov.br\/\/wp-content\/uploads\/2023\/10\/viaturas-PC-SC-02-e1757444653909-768x502.jpg 768w, https:\/\/pc.sc.gov.br\/\/wp-content\/uploads\/2023\/10\/viaturas-PC-SC-02-e1757444653909.jpg 1080w\" sizes=\"(max-width: 696px) 100vw, 696px\" \/>\t\t\t\t\t\t\t\t\t\t\t\t\t\t\t<\/div>\n\t\t\t\t<\/div>\n\t\t\t\t\t<\/div>\n\t\t<\/div>\n\t\t\t\t\t<\/div>\n\t\t<\/section>\n\t\t\t\t<section class=\"elementor-section elementor-top-section elementor-element elementor-element-104388d elementor-section-boxed elementor-section-height-default elementor-section-height-default\" data-id=\"104388d\" data-element_type=\"section\">\n\t\t\t\t\t\t<div class=\"elementor-container elementor-column-gap-default\">\n\t\t\t\t\t<div class=\"elementor-column elementor-col-100 elementor-top-column elementor-element elementor-element-3e6f29d\" data-id=\"3e6f29d\" data-element_type=\"column\">\n\t\t\t<div class=\"elementor-widget-wrap elementor-element-populated\">\n\t\t\t\t\t\t<div class=\"elementor-element elementor-element-70f6982 elementor-widget elementor-widget-post-info\" data-id=\"70f6982\" data-element_type=\"widget\" data-widget_type=\"post-info.default\">\n\t\t\t\t<div class=\"elementor-widget-container\">\n\t\t\t\t\t\t\t<ul class=\"elementor-inline-items elementor-icon-list-items elementor-post-info\">\n\t\t\t\t\t\t\t\t<li class=\"elementor-icon-list-item elementor-repeater-item-909157b elementor-inline-item\" itemprop=\"author\">\n\t\t\t\t\t\t<a href=\"https:\/\/pc.sc.gov.br\/?author=5\">\n\t\t\t\t\t\t\t\t\t\t\t<span class=\"elementor-icon-list-icon\">\n\t\t\t\t\t\t\t\t<i aria-hidden=\"true\" class=\"far fa-user-circle\"><\/i>\t\t\t\t\t\t\t<\/span>\n\t\t\t\t\t\t\t\t\t<span class=\"elementor-icon-list-text elementor-post-info__item elementor-post-info__item--type-author\">\n\t\t\t\t\t\t\t\t\t\tStefany de Souza Alves\t\t\t\t\t<\/span>\n\t\t\t\t\t\t\t\t\t<\/a>\n\t\t\t\t<\/li>\n\t\t\t\t<li class=\"elementor-icon-list-item elementor-repeater-item-e0dad80 elementor-inline-item\" itemprop=\"datePublished\">\n\t\t\t\t\t\t<a href=\"https:\/\/pc.sc.gov.br\/?m=20251016\">\n\t\t\t\t\t\t\t\t\t\t\t<span class=\"elementor-icon-list-icon\">\n\t\t\t\t\t\t\t\t<i aria-hidden=\"true\" class=\"fas fa-calendar\"><\/i>\t\t\t\t\t\t\t<\/span>\n\t\t\t\t\t\t\t\t\t<span class=\"elementor-icon-list-text elementor-post-info__item elementor-post-info__item--type-date\">\n\t\t\t\t\t\t\t\t\t\t<time>outubro 16, 2025<\/time>\t\t\t\t\t<\/span>\n\t\t\t\t\t\t\t\t\t<\/a>\n\t\t\t\t<\/li>\n\t\t\t\t<li class=\"elementor-icon-list-item elementor-repeater-item-a84eebb elementor-inline-item\">\n\t\t\t\t\t\t\t\t\t\t<span class=\"elementor-icon-list-icon\">\n\t\t\t\t\t\t\t\t<i aria-hidden=\"true\" class=\"far fa-clock\"><\/i>\t\t\t\t\t\t\t<\/span>\n\t\t\t\t\t\t\t\t\t<span class=\"elementor-icon-list-text elementor-post-info__item elementor-post-info__item--type-time\">\n\t\t\t\t\t\t\t\t\t\t<time>7:26 pm<\/time>\t\t\t\t\t<\/span>\n\t\t\t\t\t\t\t\t<\/li>\n\t\t\t\t<\/ul>\n\t\t\t\t\t\t<\/div>\n\t\t\t\t<\/div>\n\t\t\t\t<div class=\"elementor-element elementor-element-5e9aa9d elementor-widget elementor-widget-text-editor\" data-id=\"5e9aa9d\" data-element_type=\"widget\" data-widget_type=\"text-editor.default\">\n\t\t\t\t<div class=\"elementor-widget-container\">\n\t\t\t\t\t\t\t\t\t<p>Na tarde desta quinta-feira (15\/10), a Pol\u00edcia Civil de Santa Catarina, por meio da Delegacia de Pol\u00edcia do Munic\u00edpio de Atalanta, com o apoio da Pol\u00edcia Militar de Atalanta e Agrol\u00e2ndia, recuperou um ve\u00edculo, modelo Volkswagen Gol, que havia sido furtado poucas horas antes na Avenida XV de Novembro, no centro da cidade.<\/p><p>Segundo informa\u00e7\u00f5es oficiais, o crime ocorreu durante o hor\u00e1rio de almo\u00e7o. Ap\u00f3s dilig\u00eancias, os policiais conseguiram localizar o ve\u00edculo e prender o autor do furto em flagrante.<\/p><p>O autom\u00f3vel foi devolvido ao propriet\u00e1rio ap\u00f3s a conclus\u00e3o dos procedimentos legais na Delegacia de Pol\u00edcia de Atalanta.<\/p>\t\t\t\t\t\t\t\t<\/div>\n\t\t\t\t<\/div>\n\t\t\t\t\t<\/div>\n\t\t<\/div>\n\t\t\t\t\t<\/div>\n\t\t<\/section>\n\t\t\t\t<\/div>\n\t\t","protected":false},"excerpt":{"rendered":"<p>Pol\u00edcia Civil recupera ve\u00edculo e prende autor de furto em Atalanta Na tarde desta quinta-feira (15\/10), a Pol\u00edcia Civil de Santa Catarina, por meio da Delegacia de Pol\u00edcia do Munic\u00edpio de Atalanta, com o apoio da Pol\u00edcia Militar de Atalanta e Agrol\u00e2ndia, recuperou um ve\u00edculo, modelo Volkswagen Gol, que havia sido furtado poucas horas antes [&hellip;]<\/p>\n","protected":false},"author":5,"featured_media":14043,"comment_status":"closed","ping_status":"open","sticky":false,"template":"","format":"standard","meta":{"_monsterinsights_skip_tracking":false,"_monsterinsights_sitenote_active":false,"_monsterinsights_sitenote_note":"","_monsterinsights_sitenote_category":0,"footnotes":""},"categories":[1],"tags":[],"class_list":["post-33291","post","type-post","status-publish","format-standard","has-post-thumbnail","hentry","category-sem-categoria"],"_links":{"self":[{"href":"https:\/\/pc.sc.gov.br\/index.php?rest_route=\/wp\/v2\/posts\/33291","targetHints":{"allow":["GET"]}}],"collection":[{"href":"https:\/\/pc.sc.gov.br\/index.php?rest_route=\/wp\/v2\/posts"}],"about":[{"href":"https:\/\/pc.sc.gov.br\/index.php?rest_route=\/wp\/v2\/types\/post"}],"author":[{"embeddable":true,"href":"https:\/\/pc.sc.gov.br\/index.php?rest_route=\/wp\/v2\/users\/5"}],"replies":[{"embeddable":true,"href":"https:\/\/pc.sc.gov.br\/index.php?rest_route=%2Fwp%2Fv2%2Fcomments&post=33291"}],"version-history":[{"count":4,"href":"https:\/\/pc.sc.gov.br\/index.php?rest_route=\/wp\/v2\/posts\/33291\/revisions"}],"predecessor-version":[{"id":33295,"href":"https:\/\/pc.sc.gov.br\/index.php?rest_route=\/wp\/v2\/posts\/33291\/revisions\/33295"}],"wp:featuredmedia":[{"embeddable":true,"href":"https:\/\/pc.sc.gov.br\/index.php?rest_route=\/wp\/v2\/media\/14043"}],"wp:attachment":[{"href":"https:\/\/pc.sc.gov.br\/index.php?rest_route=%2Fwp%2Fv2%2Fmedia&parent=33291"}],"wp:term":[{"taxonomy":"category","embeddable":true,"href":"https:\/\/pc.sc.gov.br\/index.php?rest_route=%2Fwp%2Fv2%2Fcategories&post=33291"},{"taxonomy":"post_tag","embeddable":true,"href":"https:\/\/pc.sc.gov.br\/index.php?rest_route=%2Fwp%2Fv2%2Ftags&post=33291"}],"curies":[{"name":"wp","href":"https:\/\/api.w.org\/{rel}","templated":true}]}}