{"id":33355,"date":"2025-10-21T17:36:46","date_gmt":"2025-10-21T20:36:46","guid":{"rendered":"https:\/\/pc.sc.gov.br\/?p=33355"},"modified":"2025-10-21T17:38:27","modified_gmt":"2025-10-21T20:38:27","slug":"operacao-conjunta-mira-empresas-que-comercializam-bebidas-em-rio-do-sul","status":"publish","type":"post","link":"https:\/\/pc.sc.gov.br\/?p=33355","title":{"rendered":"Opera\u00e7\u00e3o conjunta mira empresas que comercializam bebidas em Rio do Sul"},"content":{"rendered":"\t\t<div data-elementor-type=\"wp-post\" data-elementor-id=\"33355\" class=\"elementor elementor-33355\" data-elementor-post-type=\"post\">\n\t\t\t\t\t\t<section class=\"elementor-section elementor-top-section elementor-element elementor-element-879832c elementor-section-boxed elementor-section-height-default elementor-section-height-default\" data-id=\"879832c\" data-element_type=\"section\">\n\t\t\t\t\t\t<div class=\"elementor-container elementor-column-gap-default\">\n\t\t\t\t\t<div class=\"elementor-column elementor-col-100 elementor-top-column elementor-element elementor-element-94692ce\" data-id=\"94692ce\" data-element_type=\"column\">\n\t\t\t<div class=\"elementor-widget-wrap elementor-element-populated\">\n\t\t\t\t\t\t<div class=\"elementor-element elementor-element-6d48aea elementor-widget elementor-widget-heading\" data-id=\"6d48aea\" data-element_type=\"widget\" data-widget_type=\"heading.default\">\n\t\t\t\t<div class=\"elementor-widget-container\">\n\t\t\t\t\t<h2 class=\"elementor-heading-title elementor-size-default\">Opera\u00e7\u00e3o conjunta mira empresas que comercializam bebidas em Rio do Sul<\/h2>\t\t\t\t<\/div>\n\t\t\t\t<\/div>\n\t\t\t\t\t<\/div>\n\t\t<\/div>\n\t\t\t\t\t<\/div>\n\t\t<\/section>\n\t\t\t\t<section class=\"elementor-section elementor-top-section elementor-element elementor-element-a8e3369 elementor-section-boxed elementor-section-height-default elementor-section-height-default\" data-id=\"a8e3369\" data-element_type=\"section\">\n\t\t\t\t\t\t<div class=\"elementor-container elementor-column-gap-default\">\n\t\t\t\t\t<div class=\"elementor-column elementor-col-100 elementor-top-column elementor-element elementor-element-83c7ff4\" data-id=\"83c7ff4\" data-element_type=\"column\">\n\t\t\t<div class=\"elementor-widget-wrap elementor-element-populated\">\n\t\t\t\t\t\t<div class=\"elementor-element elementor-element-3364c6e elementor-widget elementor-widget-post-info\" data-id=\"3364c6e\" data-element_type=\"widget\" data-widget_type=\"post-info.default\">\n\t\t\t\t<div class=\"elementor-widget-container\">\n\t\t\t\t\t\t\t<ul class=\"elementor-inline-items elementor-icon-list-items elementor-post-info\">\n\t\t\t\t\t\t\t\t<li class=\"elementor-icon-list-item elementor-repeater-item-650d65f elementor-inline-item\" itemprop=\"author\">\n\t\t\t\t\t\t<a href=\"https:\/\/pc.sc.gov.br\/?author=5\">\n\t\t\t\t\t\t\t\t\t\t\t<span class=\"elementor-icon-list-icon\">\n\t\t\t\t\t\t\t\t<i aria-hidden=\"true\" class=\"far fa-user-circle\"><\/i>\t\t\t\t\t\t\t<\/span>\n\t\t\t\t\t\t\t\t\t<span class=\"elementor-icon-list-text elementor-post-info__item elementor-post-info__item--type-author\">\n\t\t\t\t\t\t\t\t\t\tStefany de Souza Alves\t\t\t\t\t<\/span>\n\t\t\t\t\t\t\t\t\t<\/a>\n\t\t\t\t<\/li>\n\t\t\t\t<li class=\"elementor-icon-list-item elementor-repeater-item-3f5594d elementor-inline-item\" itemprop=\"datePublished\">\n\t\t\t\t\t\t<a href=\"https:\/\/pc.sc.gov.br\/?m=20251021\">\n\t\t\t\t\t\t\t\t\t\t\t<span class=\"elementor-icon-list-icon\">\n\t\t\t\t\t\t\t\t<i aria-hidden=\"true\" class=\"fas fa-calendar\"><\/i>\t\t\t\t\t\t\t<\/span>\n\t\t\t\t\t\t\t\t\t<span class=\"elementor-icon-list-text elementor-post-info__item elementor-post-info__item--type-date\">\n\t\t\t\t\t\t\t\t\t\t<time>outubro 21, 2025<\/time>\t\t\t\t\t<\/span>\n\t\t\t\t\t\t\t\t\t<\/a>\n\t\t\t\t<\/li>\n\t\t\t\t<li class=\"elementor-icon-list-item elementor-repeater-item-5664241 elementor-inline-item\">\n\t\t\t\t\t\t\t\t\t\t<span class=\"elementor-icon-list-icon\">\n\t\t\t\t\t\t\t\t<i aria-hidden=\"true\" class=\"far fa-clock\"><\/i>\t\t\t\t\t\t\t<\/span>\n\t\t\t\t\t\t\t\t\t<span class=\"elementor-icon-list-text elementor-post-info__item elementor-post-info__item--type-time\">\n\t\t\t\t\t\t\t\t\t\t<time>5:36 pm<\/time>\t\t\t\t\t<\/span>\n\t\t\t\t\t\t\t\t<\/li>\n\t\t\t\t<\/ul>\n\t\t\t\t\t\t<\/div>\n\t\t\t\t<\/div>\n\t\t\t\t<div class=\"elementor-element elementor-element-e95d75d elementor-widget elementor-widget-text-editor\" data-id=\"e95d75d\" data-element_type=\"widget\" data-widget_type=\"text-editor.default\">\n\t\t\t\t<div class=\"elementor-widget-container\">\n\t\t\t\t\t\t\t\t\t<p>Na tarde de ter\u00e7a-feira 21 de outubro, foi desencadeada a primeira fase da a\u00e7\u00e3o conjunta que visa fiscalizar atividades econ\u00f4micas que vendem bebidas alc\u00f3olicas em Rio do Sul. A opera\u00e7\u00e3o em combate a adultera\u00e7\u00e3o de bebidas \u00e9 integrada pela Pol\u00edcia Civil de Santa Catarina (7\u00aaDRP), Vigil\u00e2ncia Sanit\u00e1ria e o Procon Municipal, tendo por objetivo diligenciar e identificar em distribuidoras, bares, mercados, conveni\u00eancias e casas noturnas, bebidas falsificadas ou que foram adulteradas e expostas a venda. Para tanto, todos os integrantes que comp\u00f5em o grupo de fiscaliza\u00e7\u00e3o passou por capacita\u00e7\u00e3o t\u00e9cnica desenvolvida pela ABRABE \u2013 Associa\u00e7\u00e3o Brasileira de Bebidas com sede no Estado de S\u00e3o Paulo.<\/p><p>A a\u00e7\u00e3o deflagrada nesta ter\u00e7a-feira \u00e9 o in\u00edcio de uma s\u00e9rie de fiscaliza\u00e7\u00f5es, onde cada \u00f3rg\u00e3o poder\u00e1 atuar dentro de suas atribui\u00e7\u00f5es com diversos poss\u00edveis resultados, desde a aplica\u00e7\u00e3o de multas, interdi\u00e7\u00e3o das atividades comerciais e at\u00e9 a pris\u00e3o em flagrante pelo art. 272 do C\u00f3digo Penal, como refor\u00e7a um dos Policiais Civis que indicou que a conduta \u00e9 grav\u00edssima e pode ensejar na pena de reclus\u00e3o de 4 a 8 anos de pris\u00e3o.<\/p>\t\t\t\t\t\t\t\t<\/div>\n\t\t\t\t<\/div>\n\t\t\t\t\t<\/div>\n\t\t<\/div>\n\t\t\t\t\t<\/div>\n\t\t<\/section>\n\t\t\t\t<section class=\"elementor-section elementor-top-section elementor-element elementor-element-20dedb0 elementor-section-boxed elementor-section-height-default elementor-section-height-default\" data-id=\"20dedb0\" data-element_type=\"section\">\n\t\t\t\t\t\t<div class=\"elementor-container elementor-column-gap-default\">\n\t\t\t\t\t<div class=\"elementor-column elementor-col-100 elementor-top-column elementor-element elementor-element-31f7645\" data-id=\"31f7645\" data-element_type=\"column\">\n\t\t\t<div class=\"elementor-widget-wrap elementor-element-populated\">\n\t\t\t\t\t\t<div class=\"elementor-element elementor-element-ecc1d7d elementor-widget elementor-widget-gallery\" data-id=\"ecc1d7d\" data-element_type=\"widget\" data-settings=\"{&quot;lazyload&quot;:&quot;yes&quot;,&quot;gallery_layout&quot;:&quot;grid&quot;,&quot;columns&quot;:4,&quot;columns_tablet&quot;:2,&quot;columns_mobile&quot;:1,&quot;gap&quot;:{&quot;unit&quot;:&quot;px&quot;,&quot;size&quot;:10,&quot;sizes&quot;:[]},&quot;gap_tablet&quot;:{&quot;unit&quot;:&quot;px&quot;,&quot;size&quot;:10,&quot;sizes&quot;:[]},&quot;gap_mobile&quot;:{&quot;unit&quot;:&quot;px&quot;,&quot;size&quot;:10,&quot;sizes&quot;:[]},&quot;link_to&quot;:&quot;file&quot;,&quot;aspect_ratio&quot;:&quot;3:2&quot;,&quot;overlay_background&quot;:&quot;yes&quot;,&quot;content_hover_animation&quot;:&quot;fade-in&quot;}\" data-widget_type=\"gallery.default\">\n\t\t\t\t<div class=\"elementor-widget-container\">\n\t\t\t\t\t\t\t<div class=\"elementor-gallery__container\">\n\t\t\t\t\t\t\t<a class=\"e-gallery-item elementor-gallery-item elementor-animated-content\" href=\"https:\/\/pc.sc.gov.br\/\/wp-content\/uploads\/2025\/10\/WhatsApp-Image-2025-10-21-at-17.20.55-1-e1761078986384.jpeg\" data-elementor-open-lightbox=\"yes\" data-elementor-lightbox-slideshow=\"ecc1d7d\" data-elementor-lightbox-title=\"WhatsApp Image 2025-10-21 at 17.20.55 (1)\" data-e-action-hash=\"#elementor-action%3Aaction%3Dlightbox%26settings%3DeyJpZCI6MzMzNjEsInVybCI6Imh0dHBzOlwvXC9wYy5zYy5nb3YuYnJcL1wvd3AtY29udGVudFwvdXBsb2Fkc1wvMjAyNVwvMTBcL1doYXRzQXBwLUltYWdlLTIwMjUtMTAtMjEtYXQtMTcuMjAuNTUtMS1lMTc2MTA3ODk4NjM4NC5qcGVnIiwic2xpZGVzaG93IjoiZWNjMWQ3ZCJ9\">\n\t\t\t\t\t<div class=\"e-gallery-image elementor-gallery-item__image\" data-thumbnail=\"https:\/\/pc.sc.gov.br\/\/wp-content\/uploads\/2025\/10\/WhatsApp-Image-2025-10-21-at-17.20.55-1-e1761078986384-300x171.jpeg\" data-width=\"300\" data-height=\"171\" aria-label=\"\" role=\"img\" ><\/div>\n\t\t\t\t\t\t\t\t\t\t\t<div class=\"elementor-gallery-item__overlay\"><\/div>\n\t\t\t\t\t\t\t\t\t\t\t\t\t\t<\/a>\n\t\t\t\t\t\t\t<a class=\"e-gallery-item elementor-gallery-item elementor-animated-content\" href=\"https:\/\/pc.sc.gov.br\/\/wp-content\/uploads\/2025\/10\/WhatsApp-Image-2025-10-21-at-17.20.54.jpeg\" data-elementor-open-lightbox=\"yes\" data-elementor-lightbox-slideshow=\"ecc1d7d\" data-elementor-lightbox-title=\"WhatsApp Image 2025-10-21 at 17.20.54\" data-e-action-hash=\"#elementor-action%3Aaction%3Dlightbox%26settings%3DeyJpZCI6MzMzNjMsInVybCI6Imh0dHBzOlwvXC9wYy5zYy5nb3YuYnJcL1wvd3AtY29udGVudFwvdXBsb2Fkc1wvMjAyNVwvMTBcL1doYXRzQXBwLUltYWdlLTIwMjUtMTAtMjEtYXQtMTcuMjAuNTQuanBlZyIsInNsaWRlc2hvdyI6ImVjYzFkN2QifQ%3D%3D\">\n\t\t\t\t\t<div class=\"e-gallery-image elementor-gallery-item__image\" data-thumbnail=\"https:\/\/pc.sc.gov.br\/\/wp-content\/uploads\/2025\/10\/WhatsApp-Image-2025-10-21-at-17.20.54-169x300.jpeg\" data-width=\"169\" data-height=\"300\" aria-label=\"\" role=\"img\" ><\/div>\n\t\t\t\t\t\t\t\t\t\t\t<div class=\"elementor-gallery-item__overlay\"><\/div>\n\t\t\t\t\t\t\t\t\t\t\t\t\t\t<\/a>\n\t\t\t\t\t\t\t<a class=\"e-gallery-item elementor-gallery-item elementor-animated-content\" href=\"https:\/\/pc.sc.gov.br\/\/wp-content\/uploads\/2025\/10\/WhatsApp-Image-2025-10-21-at-17.20.55.jpeg\" data-elementor-open-lightbox=\"yes\" data-elementor-lightbox-slideshow=\"ecc1d7d\" data-elementor-lightbox-title=\"WhatsApp Image 2025-10-21 at 17.20.55\" data-e-action-hash=\"#elementor-action%3Aaction%3Dlightbox%26settings%3DeyJpZCI6MzMzNjIsInVybCI6Imh0dHBzOlwvXC9wYy5zYy5nb3YuYnJcL1wvd3AtY29udGVudFwvdXBsb2Fkc1wvMjAyNVwvMTBcL1doYXRzQXBwLUltYWdlLTIwMjUtMTAtMjEtYXQtMTcuMjAuNTUuanBlZyIsInNsaWRlc2hvdyI6ImVjYzFkN2QifQ%3D%3D\">\n\t\t\t\t\t<div class=\"e-gallery-image elementor-gallery-item__image\" data-thumbnail=\"https:\/\/pc.sc.gov.br\/\/wp-content\/uploads\/2025\/10\/WhatsApp-Image-2025-10-21-at-17.20.55-169x300.jpeg\" data-width=\"169\" data-height=\"300\" aria-label=\"\" role=\"img\" ><\/div>\n\t\t\t\t\t\t\t\t\t\t\t<div class=\"elementor-gallery-item__overlay\"><\/div>\n\t\t\t\t\t\t\t\t\t\t\t\t\t\t<\/a>\n\t\t\t\t\t\t\t<a class=\"e-gallery-item elementor-gallery-item elementor-animated-content\" href=\"https:\/\/pc.sc.gov.br\/\/wp-content\/uploads\/2025\/10\/WhatsApp-Image-2025-10-21-at-17.20.56.jpeg\" data-elementor-open-lightbox=\"yes\" data-elementor-lightbox-slideshow=\"ecc1d7d\" data-elementor-lightbox-title=\"WhatsApp Image 2025-10-21 at 17.20.56\" data-e-action-hash=\"#elementor-action%3Aaction%3Dlightbox%26settings%3DeyJpZCI6MzMzNjAsInVybCI6Imh0dHBzOlwvXC9wYy5zYy5nb3YuYnJcL1wvd3AtY29udGVudFwvdXBsb2Fkc1wvMjAyNVwvMTBcL1doYXRzQXBwLUltYWdlLTIwMjUtMTAtMjEtYXQtMTcuMjAuNTYuanBlZyIsInNsaWRlc2hvdyI6ImVjYzFkN2QifQ%3D%3D\">\n\t\t\t\t\t<div class=\"e-gallery-image elementor-gallery-item__image\" data-thumbnail=\"https:\/\/pc.sc.gov.br\/\/wp-content\/uploads\/2025\/10\/WhatsApp-Image-2025-10-21-at-17.20.56-300x169.jpeg\" data-width=\"300\" data-height=\"169\" aria-label=\"\" role=\"img\" ><\/div>\n\t\t\t\t\t\t\t\t\t\t\t<div class=\"elementor-gallery-item__overlay\"><\/div>\n\t\t\t\t\t\t\t\t\t\t\t\t\t\t<\/a>\n\t\t\t\t\t\t\t<a class=\"e-gallery-item elementor-gallery-item elementor-animated-content\" href=\"https:\/\/pc.sc.gov.br\/\/wp-content\/uploads\/2025\/10\/WhatsApp-Image-2025-10-21-at-17.20.56-1.jpeg\" data-elementor-open-lightbox=\"yes\" data-elementor-lightbox-slideshow=\"ecc1d7d\" data-elementor-lightbox-title=\"WhatsApp Image 2025-10-21 at 17.20.56 (1)\" data-e-action-hash=\"#elementor-action%3Aaction%3Dlightbox%26settings%3DeyJpZCI6MzMzNTksInVybCI6Imh0dHBzOlwvXC9wYy5zYy5nb3YuYnJcL1wvd3AtY29udGVudFwvdXBsb2Fkc1wvMjAyNVwvMTBcL1doYXRzQXBwLUltYWdlLTIwMjUtMTAtMjEtYXQtMTcuMjAuNTYtMS5qcGVnIiwic2xpZGVzaG93IjoiZWNjMWQ3ZCJ9\">\n\t\t\t\t\t<div class=\"e-gallery-image elementor-gallery-item__image\" data-thumbnail=\"https:\/\/pc.sc.gov.br\/\/wp-content\/uploads\/2025\/10\/WhatsApp-Image-2025-10-21-at-17.20.56-1-225x300.jpeg\" data-width=\"225\" data-height=\"300\" aria-label=\"\" role=\"img\" ><\/div>\n\t\t\t\t\t\t\t\t\t\t\t<div class=\"elementor-gallery-item__overlay\"><\/div>\n\t\t\t\t\t\t\t\t\t\t\t\t\t\t<\/a>\n\t\t\t\t\t\t\t<a class=\"e-gallery-item elementor-gallery-item elementor-animated-content\" href=\"https:\/\/pc.sc.gov.br\/\/wp-content\/uploads\/2025\/10\/WhatsApp-Image-2025-10-21-at-17.20.57.jpeg\" data-elementor-open-lightbox=\"yes\" data-elementor-lightbox-slideshow=\"ecc1d7d\" data-elementor-lightbox-title=\"WhatsApp Image 2025-10-21 at 17.20.57\" data-e-action-hash=\"#elementor-action%3Aaction%3Dlightbox%26settings%3DeyJpZCI6MzMzNTgsInVybCI6Imh0dHBzOlwvXC9wYy5zYy5nb3YuYnJcL1wvd3AtY29udGVudFwvdXBsb2Fkc1wvMjAyNVwvMTBcL1doYXRzQXBwLUltYWdlLTIwMjUtMTAtMjEtYXQtMTcuMjAuNTcuanBlZyIsInNsaWRlc2hvdyI6ImVjYzFkN2QifQ%3D%3D\">\n\t\t\t\t\t<div class=\"e-gallery-image elementor-gallery-item__image\" data-thumbnail=\"https:\/\/pc.sc.gov.br\/\/wp-content\/uploads\/2025\/10\/WhatsApp-Image-2025-10-21-at-17.20.57-300x169.jpeg\" data-width=\"300\" data-height=\"169\" aria-label=\"\" role=\"img\" ><\/div>\n\t\t\t\t\t\t\t\t\t\t\t<div class=\"elementor-gallery-item__overlay\"><\/div>\n\t\t\t\t\t\t\t\t\t\t\t\t\t\t<\/a>\n\t\t\t\t\t\t\t<a class=\"e-gallery-item elementor-gallery-item elementor-animated-content\" href=\"https:\/\/pc.sc.gov.br\/\/wp-content\/uploads\/2025\/10\/WhatsApp-Image-2025-10-21-at-17.20.57-1.jpeg\" data-elementor-open-lightbox=\"yes\" data-elementor-lightbox-slideshow=\"ecc1d7d\" data-elementor-lightbox-title=\"WhatsApp Image 2025-10-21 at 17.20.57 (1)\" data-e-action-hash=\"#elementor-action%3Aaction%3Dlightbox%26settings%3DeyJpZCI6MzMzNTcsInVybCI6Imh0dHBzOlwvXC9wYy5zYy5nb3YuYnJcL1wvd3AtY29udGVudFwvdXBsb2Fkc1wvMjAyNVwvMTBcL1doYXRzQXBwLUltYWdlLTIwMjUtMTAtMjEtYXQtMTcuMjAuNTctMS5qcGVnIiwic2xpZGVzaG93IjoiZWNjMWQ3ZCJ9\">\n\t\t\t\t\t<div class=\"e-gallery-image elementor-gallery-item__image\" data-thumbnail=\"https:\/\/pc.sc.gov.br\/\/wp-content\/uploads\/2025\/10\/WhatsApp-Image-2025-10-21-at-17.20.57-1-169x300.jpeg\" data-width=\"169\" data-height=\"300\" aria-label=\"\" role=\"img\" ><\/div>\n\t\t\t\t\t\t\t\t\t\t\t<div class=\"elementor-gallery-item__overlay\"><\/div>\n\t\t\t\t\t\t\t\t\t\t\t\t\t\t<\/a>\n\t\t\t\t\t\t\t<a class=\"e-gallery-item elementor-gallery-item elementor-animated-content\" href=\"https:\/\/pc.sc.gov.br\/\/wp-content\/uploads\/2025\/10\/WhatsApp-Image-2025-10-21-at-17.20.58.jpeg\" data-elementor-open-lightbox=\"yes\" data-elementor-lightbox-slideshow=\"ecc1d7d\" data-elementor-lightbox-title=\"WhatsApp Image 2025-10-21 at 17.20.58\" data-e-action-hash=\"#elementor-action%3Aaction%3Dlightbox%26settings%3DeyJpZCI6MzMzNTYsInVybCI6Imh0dHBzOlwvXC9wYy5zYy5nb3YuYnJcL1wvd3AtY29udGVudFwvdXBsb2Fkc1wvMjAyNVwvMTBcL1doYXRzQXBwLUltYWdlLTIwMjUtMTAtMjEtYXQtMTcuMjAuNTguanBlZyIsInNsaWRlc2hvdyI6ImVjYzFkN2QifQ%3D%3D\">\n\t\t\t\t\t<div class=\"e-gallery-image elementor-gallery-item__image\" data-thumbnail=\"https:\/\/pc.sc.gov.br\/\/wp-content\/uploads\/2025\/10\/WhatsApp-Image-2025-10-21-at-17.20.58-169x300.jpeg\" data-width=\"169\" data-height=\"300\" aria-label=\"\" role=\"img\" ><\/div>\n\t\t\t\t\t\t\t\t\t\t\t<div class=\"elementor-gallery-item__overlay\"><\/div>\n\t\t\t\t\t\t\t\t\t\t\t\t\t\t<\/a>\n\t\t\t\t\t<\/div>\n\t\t\t\t\t<\/div>\n\t\t\t\t<\/div>\n\t\t\t\t\t<\/div>\n\t\t<\/div>\n\t\t\t\t\t<\/div>\n\t\t<\/section>\n\t\t\t\t<\/div>\n\t\t","protected":false},"excerpt":{"rendered":"<p>Opera\u00e7\u00e3o conjunta mira empresas que comercializam bebidas em Rio do Sul Na tarde de ter\u00e7a-feira 21 de outubro, foi desencadeada a primeira fase da a\u00e7\u00e3o conjunta que visa fiscalizar atividades econ\u00f4micas que vendem bebidas alc\u00f3olicas em Rio do Sul. A opera\u00e7\u00e3o em combate a adultera\u00e7\u00e3o de bebidas \u00e9 integrada pela Pol\u00edcia Civil de Santa Catarina [&hellip;]<\/p>\n","protected":false},"author":5,"featured_media":33361,"comment_status":"closed","ping_status":"open","sticky":false,"template":"","format":"standard","meta":{"_monsterinsights_skip_tracking":false,"_monsterinsights_sitenote_active":false,"_monsterinsights_sitenote_note":"","_monsterinsights_sitenote_category":0,"footnotes":""},"categories":[1],"tags":[],"class_list":["post-33355","post","type-post","status-publish","format-standard","has-post-thumbnail","hentry","category-sem-categoria"],"_links":{"self":[{"href":"https:\/\/pc.sc.gov.br\/index.php?rest_route=\/wp\/v2\/posts\/33355","targetHints":{"allow":["GET"]}}],"collection":[{"href":"https:\/\/pc.sc.gov.br\/index.php?rest_route=\/wp\/v2\/posts"}],"about":[{"href":"https:\/\/pc.sc.gov.br\/index.php?rest_route=\/wp\/v2\/types\/post"}],"author":[{"embeddable":true,"href":"https:\/\/pc.sc.gov.br\/index.php?rest_route=\/wp\/v2\/users\/5"}],"replies":[{"embeddable":true,"href":"https:\/\/pc.sc.gov.br\/index.php?rest_route=%2Fwp%2Fv2%2Fcomments&post=33355"}],"version-history":[{"count":4,"href":"https:\/\/pc.sc.gov.br\/index.php?rest_route=\/wp\/v2\/posts\/33355\/revisions"}],"predecessor-version":[{"id":33367,"href":"https:\/\/pc.sc.gov.br\/index.php?rest_route=\/wp\/v2\/posts\/33355\/revisions\/33367"}],"wp:featuredmedia":[{"embeddable":true,"href":"https:\/\/pc.sc.gov.br\/index.php?rest_route=\/wp\/v2\/media\/33361"}],"wp:attachment":[{"href":"https:\/\/pc.sc.gov.br\/index.php?rest_route=%2Fwp%2Fv2%2Fmedia&parent=33355"}],"wp:term":[{"taxonomy":"category","embeddable":true,"href":"https:\/\/pc.sc.gov.br\/index.php?rest_route=%2Fwp%2Fv2%2Fcategories&post=33355"},{"taxonomy":"post_tag","embeddable":true,"href":"https:\/\/pc.sc.gov.br\/index.php?rest_route=%2Fwp%2Fv2%2Ftags&post=33355"}],"curies":[{"name":"wp","href":"https:\/\/api.w.org\/{rel}","templated":true}]}}