{"id":33381,"date":"2025-10-22T14:16:13","date_gmt":"2025-10-22T17:16:13","guid":{"rendered":"https:\/\/pc.sc.gov.br\/?p=33381"},"modified":"2025-10-22T14:19:03","modified_gmt":"2025-10-22T17:19:03","slug":"policia-civil-deflagra-operacao-contra-roubo-ocorrido-em-palhoca-e-prende-dois-investigados","status":"publish","type":"post","link":"https:\/\/pc.sc.gov.br\/?p=33381","title":{"rendered":"Pol\u00edcia Civil deflagra opera\u00e7\u00e3o contra roubo ocorrido em Palho\u00e7a e prende dois investigados"},"content":{"rendered":"\t\t<div data-elementor-type=\"wp-post\" data-elementor-id=\"33381\" class=\"elementor elementor-33381\" data-elementor-post-type=\"post\">\n\t\t\t\t\t\t<section class=\"elementor-section elementor-top-section elementor-element elementor-element-c3a0219 elementor-section-boxed elementor-section-height-default elementor-section-height-default\" data-id=\"c3a0219\" data-element_type=\"section\">\n\t\t\t\t\t\t<div class=\"elementor-container elementor-column-gap-default\">\n\t\t\t\t\t<div class=\"elementor-column elementor-col-100 elementor-top-column elementor-element elementor-element-7605860\" data-id=\"7605860\" data-element_type=\"column\">\n\t\t\t<div class=\"elementor-widget-wrap elementor-element-populated\">\n\t\t\t\t\t\t<div class=\"elementor-element elementor-element-729459e elementor-widget elementor-widget-heading\" data-id=\"729459e\" data-element_type=\"widget\" data-widget_type=\"heading.default\">\n\t\t\t\t<div class=\"elementor-widget-container\">\n\t\t\t\t\t<h2 class=\"elementor-heading-title elementor-size-default\">Pol\u00edcia Civil deflagra opera\u00e7\u00e3o contra roubo ocorrido em Palho\u00e7a e prende dois investigados<\/h2>\t\t\t\t<\/div>\n\t\t\t\t<\/div>\n\t\t\t\t<div class=\"elementor-element elementor-element-0c4ac30 elementor-widget elementor-widget-image\" data-id=\"0c4ac30\" data-element_type=\"widget\" data-widget_type=\"image.default\">\n\t\t\t\t<div class=\"elementor-widget-container\">\n\t\t\t\t\t\t\t\t\t\t\t\t\t\t\t<img fetchpriority=\"high\" decoding=\"async\" width=\"696\" height=\"392\" src=\"https:\/\/pc.sc.gov.br\/\/wp-content\/uploads\/2025\/10\/WhatsApp-Image-2025-10-22-at-12.36.37-1024x576.jpeg\" class=\"attachment-large size-large wp-image-33382\" alt=\"\" srcset=\"https:\/\/pc.sc.gov.br\/\/wp-content\/uploads\/2025\/10\/WhatsApp-Image-2025-10-22-at-12.36.37-1024x576.jpeg 1024w, https:\/\/pc.sc.gov.br\/\/wp-content\/uploads\/2025\/10\/WhatsApp-Image-2025-10-22-at-12.36.37-300x169.jpeg 300w, https:\/\/pc.sc.gov.br\/\/wp-content\/uploads\/2025\/10\/WhatsApp-Image-2025-10-22-at-12.36.37-768x432.jpeg 768w, https:\/\/pc.sc.gov.br\/\/wp-content\/uploads\/2025\/10\/WhatsApp-Image-2025-10-22-at-12.36.37-1536x864.jpeg 1536w, https:\/\/pc.sc.gov.br\/\/wp-content\/uploads\/2025\/10\/WhatsApp-Image-2025-10-22-at-12.36.37.jpeg 1599w\" sizes=\"(max-width: 696px) 100vw, 696px\" \/>\t\t\t\t\t\t\t\t\t\t\t\t\t\t\t<\/div>\n\t\t\t\t<\/div>\n\t\t\t\t\t<\/div>\n\t\t<\/div>\n\t\t\t\t\t<\/div>\n\t\t<\/section>\n\t\t\t\t<section class=\"elementor-section elementor-top-section elementor-element elementor-element-91ebeec elementor-section-boxed elementor-section-height-default elementor-section-height-default\" data-id=\"91ebeec\" data-element_type=\"section\">\n\t\t\t\t\t\t<div class=\"elementor-container elementor-column-gap-default\">\n\t\t\t\t\t<div class=\"elementor-column elementor-col-100 elementor-top-column elementor-element elementor-element-5844f05\" data-id=\"5844f05\" data-element_type=\"column\">\n\t\t\t<div class=\"elementor-widget-wrap elementor-element-populated\">\n\t\t\t\t\t\t<div class=\"elementor-element elementor-element-3f9dc4d elementor-widget elementor-widget-post-info\" data-id=\"3f9dc4d\" data-element_type=\"widget\" data-widget_type=\"post-info.default\">\n\t\t\t\t<div class=\"elementor-widget-container\">\n\t\t\t\t\t\t\t<ul class=\"elementor-inline-items elementor-icon-list-items elementor-post-info\">\n\t\t\t\t\t\t\t\t<li class=\"elementor-icon-list-item elementor-repeater-item-68bcf2b elementor-inline-item\" itemprop=\"author\">\n\t\t\t\t\t\t<a href=\"https:\/\/pc.sc.gov.br\/?author=5\">\n\t\t\t\t\t\t\t\t\t\t\t<span class=\"elementor-icon-list-icon\">\n\t\t\t\t\t\t\t\t<i aria-hidden=\"true\" class=\"far fa-user-circle\"><\/i>\t\t\t\t\t\t\t<\/span>\n\t\t\t\t\t\t\t\t\t<span class=\"elementor-icon-list-text elementor-post-info__item elementor-post-info__item--type-author\">\n\t\t\t\t\t\t\t\t\t\tStefany de Souza Alves\t\t\t\t\t<\/span>\n\t\t\t\t\t\t\t\t\t<\/a>\n\t\t\t\t<\/li>\n\t\t\t\t<li class=\"elementor-icon-list-item elementor-repeater-item-66c5c86 elementor-inline-item\" itemprop=\"datePublished\">\n\t\t\t\t\t\t<a href=\"https:\/\/pc.sc.gov.br\/?m=20251022\">\n\t\t\t\t\t\t\t\t\t\t\t<span class=\"elementor-icon-list-icon\">\n\t\t\t\t\t\t\t\t<i aria-hidden=\"true\" class=\"fas fa-calendar\"><\/i>\t\t\t\t\t\t\t<\/span>\n\t\t\t\t\t\t\t\t\t<span class=\"elementor-icon-list-text elementor-post-info__item elementor-post-info__item--type-date\">\n\t\t\t\t\t\t\t\t\t\t<time>outubro 22, 2025<\/time>\t\t\t\t\t<\/span>\n\t\t\t\t\t\t\t\t\t<\/a>\n\t\t\t\t<\/li>\n\t\t\t\t<li class=\"elementor-icon-list-item elementor-repeater-item-b5079d7 elementor-inline-item\">\n\t\t\t\t\t\t\t\t\t\t<span class=\"elementor-icon-list-icon\">\n\t\t\t\t\t\t\t\t<i aria-hidden=\"true\" class=\"far fa-clock\"><\/i>\t\t\t\t\t\t\t<\/span>\n\t\t\t\t\t\t\t\t\t<span class=\"elementor-icon-list-text elementor-post-info__item elementor-post-info__item--type-time\">\n\t\t\t\t\t\t\t\t\t\t<time>2:16 pm<\/time>\t\t\t\t\t<\/span>\n\t\t\t\t\t\t\t\t<\/li>\n\t\t\t\t<\/ul>\n\t\t\t\t\t\t<\/div>\n\t\t\t\t<\/div>\n\t\t\t\t\t<\/div>\n\t\t<\/div>\n\t\t\t\t\t<\/div>\n\t\t<\/section>\n\t\t\t\t<section class=\"elementor-section elementor-top-section elementor-element elementor-element-bea0460 elementor-section-boxed elementor-section-height-default elementor-section-height-default\" data-id=\"bea0460\" data-element_type=\"section\">\n\t\t\t\t\t\t<div class=\"elementor-container elementor-column-gap-default\">\n\t\t\t\t\t<div class=\"elementor-column elementor-col-100 elementor-top-column elementor-element elementor-element-b8ee68b\" data-id=\"b8ee68b\" data-element_type=\"column\">\n\t\t\t<div class=\"elementor-widget-wrap elementor-element-populated\">\n\t\t\t\t\t\t<div class=\"elementor-element elementor-element-013647e elementor-widget elementor-widget-text-editor\" data-id=\"013647e\" data-element_type=\"widget\" data-widget_type=\"text-editor.default\">\n\t\t\t\t<div class=\"elementor-widget-container\">\n\t\t\t\t\t\t\t\t\t<p>Na manh\u00e3 desta quarta-feira (22\/10), a Pol\u00edcia Civil de Santa Catarina, por meio da Delegacia de Repress\u00e3o a Roubos de Palho\u00e7a, realizou uma opera\u00e7\u00e3o com o objetivo de cumprir tr\u00eas mandados de pris\u00e3o e quatro mandados de busca e apreens\u00e3o, referentes a um roubo, ocorrido no dia 18 de setembro de 2025, no bairro Madri, em Palho\u00e7a. Na ocasi\u00e3o, dois homens encapuzados, estando um deles armado, invadiram uma resid\u00eancia e subtra\u00edram diversos objetos.<\/p><p>Os criminosos foram conduzidos at\u00e9 o local por um terceiro indiv\u00edduo em um ve\u00edculo Peugeot, que permaneceu estacionado em frente \u00e0 resid\u00eancia da v\u00edtima durante toda a a\u00e7\u00e3o, aguardando a consuma\u00e7\u00e3o do roubo para providenciar a fuga. Foi apurado tamb\u00e9m que o delito teve uma mentora intelectual: uma mulher que forneceu todas as informa\u00e7\u00f5es sobre o roubo, motivada por ter mantido um relacionamento amoroso com a v\u00edtima, um senhor de idade.<\/p><p>Durante o cumprimento das dilig\u00eancias, foram presos, na cidade de S\u00e3o Jos\u00e9, um dos assaltantes que entrou na casa, al\u00e9m do condutor do ve\u00edculo. Tamb\u00e9m foi apreendido o autom\u00f3vel utilizado no crime, com autoriza\u00e7\u00e3o do Poder Judici\u00e1rio. A mulher que teria repassado as informa\u00e7\u00f5es sobre a resid\u00eancia da v\u00edtima ainda n\u00e3o foi localizada.<\/p><p>A Pol\u00edcia Civil, por meio das dilig\u00eancias realizadas, segue empenhada na identifica\u00e7\u00e3o do outro indiv\u00edduo armado que participou do roubo, reafirmando o compromisso de garantir a seguran\u00e7a e a tranquilidade da popula\u00e7\u00e3o de Palho\u00e7a e regi\u00e3o.<\/p><p>Participaram da opera\u00e7\u00e3o policiais da DIC da Capital, da DRP de S\u00e3o Jos\u00e9, DPCAP \u2013 Continente e DPCAMI da Capital. Por fim, o trabalho contou com o apoio da Guarda Municipal de S\u00e3o Jos\u00e9 na identifica\u00e7\u00e3o do ve\u00edculo utilizado no assalto.<\/p>\t\t\t\t\t\t\t\t<\/div>\n\t\t\t\t<\/div>\n\t\t\t\t\t<\/div>\n\t\t<\/div>\n\t\t\t\t\t<\/div>\n\t\t<\/section>\n\t\t\t\t<\/div>\n\t\t","protected":false},"excerpt":{"rendered":"<p>Pol\u00edcia Civil deflagra opera\u00e7\u00e3o contra roubo ocorrido em Palho\u00e7a e prende dois investigados Na manh\u00e3 desta quarta-feira (22\/10), a Pol\u00edcia Civil de Santa Catarina, por meio da Delegacia de Repress\u00e3o a Roubos de Palho\u00e7a, realizou uma opera\u00e7\u00e3o com o objetivo de cumprir tr\u00eas mandados de pris\u00e3o e quatro mandados de busca e apreens\u00e3o, referentes a [&hellip;]<\/p>\n","protected":false},"author":5,"featured_media":33382,"comment_status":"closed","ping_status":"open","sticky":false,"template":"","format":"standard","meta":{"_monsterinsights_skip_tracking":false,"_monsterinsights_sitenote_active":false,"_monsterinsights_sitenote_note":"","_monsterinsights_sitenote_category":0,"footnotes":""},"categories":[1],"tags":[],"class_list":["post-33381","post","type-post","status-publish","format-standard","has-post-thumbnail","hentry","category-sem-categoria"],"_links":{"self":[{"href":"https:\/\/pc.sc.gov.br\/index.php?rest_route=\/wp\/v2\/posts\/33381","targetHints":{"allow":["GET"]}}],"collection":[{"href":"https:\/\/pc.sc.gov.br\/index.php?rest_route=\/wp\/v2\/posts"}],"about":[{"href":"https:\/\/pc.sc.gov.br\/index.php?rest_route=\/wp\/v2\/types\/post"}],"author":[{"embeddable":true,"href":"https:\/\/pc.sc.gov.br\/index.php?rest_route=\/wp\/v2\/users\/5"}],"replies":[{"embeddable":true,"href":"https:\/\/pc.sc.gov.br\/index.php?rest_route=%2Fwp%2Fv2%2Fcomments&post=33381"}],"version-history":[{"count":4,"href":"https:\/\/pc.sc.gov.br\/index.php?rest_route=\/wp\/v2\/posts\/33381\/revisions"}],"predecessor-version":[{"id":33387,"href":"https:\/\/pc.sc.gov.br\/index.php?rest_route=\/wp\/v2\/posts\/33381\/revisions\/33387"}],"wp:featuredmedia":[{"embeddable":true,"href":"https:\/\/pc.sc.gov.br\/index.php?rest_route=\/wp\/v2\/media\/33382"}],"wp:attachment":[{"href":"https:\/\/pc.sc.gov.br\/index.php?rest_route=%2Fwp%2Fv2%2Fmedia&parent=33381"}],"wp:term":[{"taxonomy":"category","embeddable":true,"href":"https:\/\/pc.sc.gov.br\/index.php?rest_route=%2Fwp%2Fv2%2Fcategories&post=33381"},{"taxonomy":"post_tag","embeddable":true,"href":"https:\/\/pc.sc.gov.br\/index.php?rest_route=%2Fwp%2Fv2%2Ftags&post=33381"}],"curies":[{"name":"wp","href":"https:\/\/api.w.org\/{rel}","templated":true}]}}