{"id":33388,"date":"2025-10-22T14:38:57","date_gmt":"2025-10-22T17:38:57","guid":{"rendered":"https:\/\/pc.sc.gov.br\/?p=33388"},"modified":"2025-10-22T14:40:02","modified_gmt":"2025-10-22T17:40:02","slug":"policia-civil-deflagra-operacao-rota-alternativa-para-desmantelar-grupo-criminoso-especializado-no-trafico-interestadual-de-drogas","status":"publish","type":"post","link":"https:\/\/pc.sc.gov.br\/?p=33388","title":{"rendered":"Pol\u00edcia Civil deflagra opera\u00e7\u00e3o \u201cRota Alternativa\u201d para desmantelar grupo criminoso especializado no tr\u00e1fico interestadual de drogas"},"content":{"rendered":"\t\t<div data-elementor-type=\"wp-post\" data-elementor-id=\"33388\" class=\"elementor elementor-33388\" data-elementor-post-type=\"post\">\n\t\t\t\t\t\t<section class=\"elementor-section elementor-top-section elementor-element elementor-element-c26346e elementor-section-boxed elementor-section-height-default elementor-section-height-default\" data-id=\"c26346e\" data-element_type=\"section\">\n\t\t\t\t\t\t<div class=\"elementor-container elementor-column-gap-default\">\n\t\t\t\t\t<div class=\"elementor-column elementor-col-100 elementor-top-column elementor-element elementor-element-bbb01e4\" data-id=\"bbb01e4\" data-element_type=\"column\">\n\t\t\t<div class=\"elementor-widget-wrap elementor-element-populated\">\n\t\t\t\t\t\t<div class=\"elementor-element elementor-element-0b39f2b elementor-widget elementor-widget-heading\" data-id=\"0b39f2b\" data-element_type=\"widget\" data-widget_type=\"heading.default\">\n\t\t\t\t<div class=\"elementor-widget-container\">\n\t\t\t\t\t<h2 class=\"elementor-heading-title elementor-size-default\">Pol\u00edcia Civil deflagra opera\u00e7\u00e3o \u201cRota Alternativa\u201d para desmantelar grupo criminoso especializado no tr\u00e1fico interestadual de drogas<\/h2>\t\t\t\t<\/div>\n\t\t\t\t<\/div>\n\t\t\t\t\t<\/div>\n\t\t<\/div>\n\t\t\t\t\t<\/div>\n\t\t<\/section>\n\t\t\t\t<section class=\"elementor-section elementor-top-section elementor-element elementor-element-56475aa elementor-section-boxed elementor-section-height-default elementor-section-height-default\" data-id=\"56475aa\" data-element_type=\"section\">\n\t\t\t\t\t\t<div class=\"elementor-container elementor-column-gap-default\">\n\t\t\t\t\t<div class=\"elementor-column elementor-col-100 elementor-top-column elementor-element elementor-element-660f2a7\" data-id=\"660f2a7\" data-element_type=\"column\">\n\t\t\t<div class=\"elementor-widget-wrap elementor-element-populated\">\n\t\t\t\t\t\t<div class=\"elementor-element elementor-element-1e9776a elementor-widget elementor-widget-image\" data-id=\"1e9776a\" data-element_type=\"widget\" data-widget_type=\"image.default\">\n\t\t\t\t<div class=\"elementor-widget-container\">\n\t\t\t\t\t\t\t\t\t\t\t\t\t\t\t<img fetchpriority=\"high\" decoding=\"async\" width=\"576\" height=\"1024\" src=\"https:\/\/pc.sc.gov.br\/\/wp-content\/uploads\/2025\/10\/WhatsApp-Image-2025-10-22-at-10.44.23-1-576x1024.jpeg\" class=\"attachment-large size-large wp-image-33389\" alt=\"\" srcset=\"https:\/\/pc.sc.gov.br\/\/wp-content\/uploads\/2025\/10\/WhatsApp-Image-2025-10-22-at-10.44.23-1-576x1024.jpeg 576w, https:\/\/pc.sc.gov.br\/\/wp-content\/uploads\/2025\/10\/WhatsApp-Image-2025-10-22-at-10.44.23-1-169x300.jpeg 169w, https:\/\/pc.sc.gov.br\/\/wp-content\/uploads\/2025\/10\/WhatsApp-Image-2025-10-22-at-10.44.23-1.jpeg 720w\" sizes=\"(max-width: 576px) 100vw, 576px\" \/>\t\t\t\t\t\t\t\t\t\t\t\t\t\t\t<\/div>\n\t\t\t\t<\/div>\n\t\t\t\t\t<\/div>\n\t\t<\/div>\n\t\t\t\t\t<\/div>\n\t\t<\/section>\n\t\t\t\t<section class=\"elementor-section elementor-top-section elementor-element elementor-element-df9f0c1 elementor-section-boxed elementor-section-height-default elementor-section-height-default\" data-id=\"df9f0c1\" data-element_type=\"section\">\n\t\t\t\t\t\t<div class=\"elementor-container elementor-column-gap-default\">\n\t\t\t\t\t<div class=\"elementor-column elementor-col-100 elementor-top-column elementor-element elementor-element-1edfb06\" data-id=\"1edfb06\" data-element_type=\"column\">\n\t\t\t<div class=\"elementor-widget-wrap elementor-element-populated\">\n\t\t\t\t\t\t<div class=\"elementor-element elementor-element-a6cae00 elementor-widget elementor-widget-post-info\" data-id=\"a6cae00\" data-element_type=\"widget\" data-widget_type=\"post-info.default\">\n\t\t\t\t<div class=\"elementor-widget-container\">\n\t\t\t\t\t\t\t<ul class=\"elementor-inline-items elementor-icon-list-items elementor-post-info\">\n\t\t\t\t\t\t\t\t<li class=\"elementor-icon-list-item elementor-repeater-item-b16bbf5 elementor-inline-item\" itemprop=\"author\">\n\t\t\t\t\t\t<a href=\"https:\/\/pc.sc.gov.br\/?author=5\">\n\t\t\t\t\t\t\t\t\t\t\t<span class=\"elementor-icon-list-icon\">\n\t\t\t\t\t\t\t\t<i aria-hidden=\"true\" class=\"far fa-user-circle\"><\/i>\t\t\t\t\t\t\t<\/span>\n\t\t\t\t\t\t\t\t\t<span class=\"elementor-icon-list-text elementor-post-info__item elementor-post-info__item--type-author\">\n\t\t\t\t\t\t\t\t\t\tStefany de Souza Alves\t\t\t\t\t<\/span>\n\t\t\t\t\t\t\t\t\t<\/a>\n\t\t\t\t<\/li>\n\t\t\t\t<li class=\"elementor-icon-list-item elementor-repeater-item-5a10189 elementor-inline-item\" itemprop=\"datePublished\">\n\t\t\t\t\t\t<a href=\"https:\/\/pc.sc.gov.br\/?m=20251022\">\n\t\t\t\t\t\t\t\t\t\t\t<span class=\"elementor-icon-list-icon\">\n\t\t\t\t\t\t\t\t<i aria-hidden=\"true\" class=\"fas fa-calendar\"><\/i>\t\t\t\t\t\t\t<\/span>\n\t\t\t\t\t\t\t\t\t<span class=\"elementor-icon-list-text elementor-post-info__item elementor-post-info__item--type-date\">\n\t\t\t\t\t\t\t\t\t\t<time>outubro 22, 2025<\/time>\t\t\t\t\t<\/span>\n\t\t\t\t\t\t\t\t\t<\/a>\n\t\t\t\t<\/li>\n\t\t\t\t<li class=\"elementor-icon-list-item elementor-repeater-item-d0219c7 elementor-inline-item\">\n\t\t\t\t\t\t\t\t\t\t<span class=\"elementor-icon-list-icon\">\n\t\t\t\t\t\t\t\t<i aria-hidden=\"true\" class=\"far fa-clock\"><\/i>\t\t\t\t\t\t\t<\/span>\n\t\t\t\t\t\t\t\t\t<span class=\"elementor-icon-list-text elementor-post-info__item elementor-post-info__item--type-time\">\n\t\t\t\t\t\t\t\t\t\t<time>2:38 pm<\/time>\t\t\t\t\t<\/span>\n\t\t\t\t\t\t\t\t<\/li>\n\t\t\t\t<\/ul>\n\t\t\t\t\t\t<\/div>\n\t\t\t\t<\/div>\n\t\t\t\t\t<\/div>\n\t\t<\/div>\n\t\t\t\t\t<\/div>\n\t\t<\/section>\n\t\t\t\t<section class=\"elementor-section elementor-top-section elementor-element elementor-element-3518f92 elementor-section-boxed elementor-section-height-default elementor-section-height-default\" data-id=\"3518f92\" data-element_type=\"section\">\n\t\t\t\t\t\t<div class=\"elementor-container elementor-column-gap-default\">\n\t\t\t\t\t<div class=\"elementor-column elementor-col-100 elementor-top-column elementor-element elementor-element-6af6b6c\" data-id=\"6af6b6c\" data-element_type=\"column\">\n\t\t\t<div class=\"elementor-widget-wrap elementor-element-populated\">\n\t\t\t\t\t\t<div class=\"elementor-element elementor-element-2e87689 elementor-widget elementor-widget-text-editor\" data-id=\"2e87689\" data-element_type=\"widget\" data-widget_type=\"text-editor.default\">\n\t\t\t\t<div class=\"elementor-widget-container\">\n\t\t\t\t\t\t\t\t\t<p>A Pol\u00edcia Civil de Santa Catarina deflagrou, na manh\u00e3 desta quarta-feira (22\/10), a opera\u00e7\u00e3o \u201cRota Alternativa\u201d, com o objetivo de desarticular um grupo criminoso envolvido com o tr\u00e1fico interestadual de drogas. A a\u00e7\u00e3o visa ao cumprimento de quatro mandados de pris\u00e3o preventiva e nove mandados de busca e apreens\u00e3o.<\/p><p>As ordens judiciais foram cumpridas simultaneamente nos munic\u00edpios de S\u00e3o Jos\u00e9, Ant\u00f4nio Carlos, Palho\u00e7a e Urubici, no estado de Santa Catarina, e no munic\u00edpio de Cascavel, no Paran\u00e1.<\/p><p>As investiga\u00e7\u00f5es tiveram in\u00edcio em junho de 2025, ap\u00f3s a apreens\u00e3o de uma carga de 209 quilos de maconha, ocultos na regi\u00e3o de Invernadinha, em Rancho Queimado\/SC, decorrente de um trabalho conjunto da DEIC com a Pol\u00edcia Rodovi\u00e1ria Federal e a Pol\u00edcia Militar Rodovi\u00e1ria.<\/p><p>O inqu\u00e9rito revelou que o grupo se utilizava da experi\u00eancia no contrabando de cigarros para, atualmente, realizar transportes de cargas de maconha do oeste do Paran\u00e1 at\u00e9 a regi\u00e3o da Grande Florian\u00f3polis.<\/p><p>Durante as apura\u00e7\u00f5es, foi identificado o modus operandi do grupo, que inclu\u00eda a utiliza\u00e7\u00e3o de estradas secund\u00e1rias, o uso de &#8220;batedores&#8221; para monitorar a fiscaliza\u00e7\u00e3o policial nas rodovias, garantindo a seguran\u00e7a do transporte da droga, o pernoite em diferentes locais, bem como a troca frequente de ve\u00edculos durante o trajeto. O percurso de 12 horas era realizado em at\u00e9 5 dias. Tamb\u00e9m foram estabelecidos v\u00ednculos com outros carregamentos il\u00edcitos.<\/p><p>Na a\u00e7\u00e3o de hoje, uma busca resultou na pris\u00e3o em flagrante do investigado pela pr\u00e1tica dos crimes de posse irregular de arma de fogo e de tr\u00e1fico de drogas, sendo apreendidos dois rev\u00f3lveres e pequena quantidade de entorpecentes. Tamb\u00e9m foi apreendido um ve\u00edculo utilizado como batedor pelo grupo criminoso.<\/p><p>A opera\u00e7\u00e3o contou com o apoio de outras unidades especializadas da DEIC, da Diretoria de Intelig\u00eancia &#8211; DINT e do DENARC de Cascavel da PCPR.<\/p>\t\t\t\t\t\t\t\t<\/div>\n\t\t\t\t<\/div>\n\t\t\t\t\t<\/div>\n\t\t<\/div>\n\t\t\t\t\t<\/div>\n\t\t<\/section>\n\t\t\t\t<section class=\"elementor-section elementor-top-section elementor-element elementor-element-395654d elementor-section-boxed elementor-section-height-default elementor-section-height-default\" data-id=\"395654d\" data-element_type=\"section\">\n\t\t\t\t\t\t<div class=\"elementor-container elementor-column-gap-default\">\n\t\t\t\t\t<div class=\"elementor-column elementor-col-100 elementor-top-column elementor-element elementor-element-7fe37c7\" data-id=\"7fe37c7\" data-element_type=\"column\">\n\t\t\t<div class=\"elementor-widget-wrap elementor-element-populated\">\n\t\t\t\t\t\t<div class=\"elementor-element elementor-element-3fee749 elementor-widget elementor-widget-image\" data-id=\"3fee749\" data-element_type=\"widget\" data-widget_type=\"image.default\">\n\t\t\t\t<div class=\"elementor-widget-container\">\n\t\t\t\t\t\t\t\t\t\t\t\t\t\t\t<img decoding=\"async\" width=\"696\" height=\"928\" src=\"https:\/\/pc.sc.gov.br\/\/wp-content\/uploads\/2025\/10\/WhatsApp-Image-2025-10-22-at-10.44.23-768x1024.jpeg\" class=\"attachment-large size-large wp-image-33391\" alt=\"\" srcset=\"https:\/\/pc.sc.gov.br\/\/wp-content\/uploads\/2025\/10\/WhatsApp-Image-2025-10-22-at-10.44.23-768x1024.jpeg 768w, https:\/\/pc.sc.gov.br\/\/wp-content\/uploads\/2025\/10\/WhatsApp-Image-2025-10-22-at-10.44.23-225x300.jpeg 225w, https:\/\/pc.sc.gov.br\/\/wp-content\/uploads\/2025\/10\/WhatsApp-Image-2025-10-22-at-10.44.23-1152x1536.jpeg 1152w, https:\/\/pc.sc.gov.br\/\/wp-content\/uploads\/2025\/10\/WhatsApp-Image-2025-10-22-at-10.44.23.jpeg 1200w\" sizes=\"(max-width: 696px) 100vw, 696px\" \/>\t\t\t\t\t\t\t\t\t\t\t\t\t\t\t<\/div>\n\t\t\t\t<\/div>\n\t\t\t\t\t<\/div>\n\t\t<\/div>\n\t\t\t\t\t<\/div>\n\t\t<\/section>\n\t\t\t\t<\/div>\n\t\t","protected":false},"excerpt":{"rendered":"<p>Pol\u00edcia Civil deflagra opera\u00e7\u00e3o \u201cRota Alternativa\u201d para desmantelar grupo criminoso especializado no tr\u00e1fico interestadual de drogas A Pol\u00edcia Civil de Santa Catarina deflagrou, na manh\u00e3 desta quarta-feira (22\/10), a opera\u00e7\u00e3o \u201cRota Alternativa\u201d, com o objetivo de desarticular um grupo criminoso envolvido com o tr\u00e1fico interestadual de drogas. A a\u00e7\u00e3o visa ao cumprimento de quatro mandados [&hellip;]<\/p>\n","protected":false},"author":5,"featured_media":33389,"comment_status":"closed","ping_status":"open","sticky":false,"template":"","format":"standard","meta":{"_monsterinsights_skip_tracking":false,"_monsterinsights_sitenote_active":false,"_monsterinsights_sitenote_note":"","_monsterinsights_sitenote_category":0,"footnotes":""},"categories":[1],"tags":[],"class_list":["post-33388","post","type-post","status-publish","format-standard","has-post-thumbnail","hentry","category-sem-categoria"],"_links":{"self":[{"href":"https:\/\/pc.sc.gov.br\/index.php?rest_route=\/wp\/v2\/posts\/33388","targetHints":{"allow":["GET"]}}],"collection":[{"href":"https:\/\/pc.sc.gov.br\/index.php?rest_route=\/wp\/v2\/posts"}],"about":[{"href":"https:\/\/pc.sc.gov.br\/index.php?rest_route=\/wp\/v2\/types\/post"}],"author":[{"embeddable":true,"href":"https:\/\/pc.sc.gov.br\/index.php?rest_route=\/wp\/v2\/users\/5"}],"replies":[{"embeddable":true,"href":"https:\/\/pc.sc.gov.br\/index.php?rest_route=%2Fwp%2Fv2%2Fcomments&post=33388"}],"version-history":[{"count":4,"href":"https:\/\/pc.sc.gov.br\/index.php?rest_route=\/wp\/v2\/posts\/33388\/revisions"}],"predecessor-version":[{"id":33394,"href":"https:\/\/pc.sc.gov.br\/index.php?rest_route=\/wp\/v2\/posts\/33388\/revisions\/33394"}],"wp:featuredmedia":[{"embeddable":true,"href":"https:\/\/pc.sc.gov.br\/index.php?rest_route=\/wp\/v2\/media\/33389"}],"wp:attachment":[{"href":"https:\/\/pc.sc.gov.br\/index.php?rest_route=%2Fwp%2Fv2%2Fmedia&parent=33388"}],"wp:term":[{"taxonomy":"category","embeddable":true,"href":"https:\/\/pc.sc.gov.br\/index.php?rest_route=%2Fwp%2Fv2%2Fcategories&post=33388"},{"taxonomy":"post_tag","embeddable":true,"href":"https:\/\/pc.sc.gov.br\/index.php?rest_route=%2Fwp%2Fv2%2Ftags&post=33388"}],"curies":[{"name":"wp","href":"https:\/\/api.w.org\/{rel}","templated":true}]}}