{"id":33425,"date":"2025-10-22T16:38:33","date_gmt":"2025-10-22T19:38:33","guid":{"rendered":"https:\/\/pc.sc.gov.br\/?p=33425"},"modified":"2025-10-22T16:40:21","modified_gmt":"2025-10-22T19:40:21","slug":"draco-deic-recebe-mocao-de-honra-na-alesc-pelo-combate-ao-crime-organizado-em-sc","status":"publish","type":"post","link":"https:\/\/pc.sc.gov.br\/?p=33425","title":{"rendered":"DRACO\/DEIC recebe mo\u00e7\u00e3o de honra na ALESC pelo combate ao crime organizado em SC"},"content":{"rendered":"\t\t<div data-elementor-type=\"wp-post\" data-elementor-id=\"33425\" class=\"elementor elementor-33425\" data-elementor-post-type=\"post\">\n\t\t\t\t\t\t<section class=\"elementor-section elementor-top-section elementor-element elementor-element-977f7da elementor-section-boxed elementor-section-height-default elementor-section-height-default\" data-id=\"977f7da\" data-element_type=\"section\">\n\t\t\t\t\t\t<div class=\"elementor-container elementor-column-gap-default\">\n\t\t\t\t\t<div class=\"elementor-column elementor-col-100 elementor-top-column elementor-element elementor-element-8c7060a\" data-id=\"8c7060a\" data-element_type=\"column\">\n\t\t\t<div class=\"elementor-widget-wrap elementor-element-populated\">\n\t\t\t\t\t\t<div class=\"elementor-element elementor-element-86c68e5 elementor-widget elementor-widget-heading\" data-id=\"86c68e5\" data-element_type=\"widget\" data-widget_type=\"heading.default\">\n\t\t\t\t<div class=\"elementor-widget-container\">\n\t\t\t\t\t<h2 class=\"elementor-heading-title elementor-size-default\">DRACO\/DEIC recebe mo\u00e7\u00e3o de honra na ALESC pelo combate ao crime organizado em SC<\/h2>\t\t\t\t<\/div>\n\t\t\t\t<\/div>\n\t\t\t\t\t<\/div>\n\t\t<\/div>\n\t\t\t\t\t<\/div>\n\t\t<\/section>\n\t\t\t\t<section class=\"elementor-section elementor-top-section elementor-element elementor-element-2f1bbb3 elementor-section-boxed elementor-section-height-default elementor-section-height-default\" data-id=\"2f1bbb3\" data-element_type=\"section\">\n\t\t\t\t\t\t<div class=\"elementor-container elementor-column-gap-default\">\n\t\t\t\t\t<div class=\"elementor-column elementor-col-100 elementor-top-column elementor-element elementor-element-008e583\" data-id=\"008e583\" data-element_type=\"column\">\n\t\t\t<div class=\"elementor-widget-wrap elementor-element-populated\">\n\t\t\t\t\t\t<div class=\"elementor-element elementor-element-a894dbd elementor-widget elementor-widget-image\" data-id=\"a894dbd\" data-element_type=\"widget\" data-widget_type=\"image.default\">\n\t\t\t\t<div class=\"elementor-widget-container\">\n\t\t\t\t\t\t\t\t\t\t\t\t\t\t\t<img fetchpriority=\"high\" decoding=\"async\" width=\"696\" height=\"522\" src=\"https:\/\/pc.sc.gov.br\/\/wp-content\/uploads\/2025\/10\/WhatsApp-Image-2025-10-22-at-16.18.00-1024x768.jpeg\" class=\"attachment-large size-large wp-image-33426\" alt=\"\" srcset=\"https:\/\/pc.sc.gov.br\/\/wp-content\/uploads\/2025\/10\/WhatsApp-Image-2025-10-22-at-16.18.00-1024x768.jpeg 1024w, https:\/\/pc.sc.gov.br\/\/wp-content\/uploads\/2025\/10\/WhatsApp-Image-2025-10-22-at-16.18.00-300x225.jpeg 300w, https:\/\/pc.sc.gov.br\/\/wp-content\/uploads\/2025\/10\/WhatsApp-Image-2025-10-22-at-16.18.00-768x576.jpeg 768w, https:\/\/pc.sc.gov.br\/\/wp-content\/uploads\/2025\/10\/WhatsApp-Image-2025-10-22-at-16.18.00-1536x1152.jpeg 1536w, https:\/\/pc.sc.gov.br\/\/wp-content\/uploads\/2025\/10\/WhatsApp-Image-2025-10-22-at-16.18.00.jpeg 1600w\" sizes=\"(max-width: 696px) 100vw, 696px\" \/>\t\t\t\t\t\t\t\t\t\t\t\t\t\t\t<\/div>\n\t\t\t\t<\/div>\n\t\t\t\t\t<\/div>\n\t\t<\/div>\n\t\t\t\t\t<\/div>\n\t\t<\/section>\n\t\t\t\t<section class=\"elementor-section elementor-top-section elementor-element elementor-element-e0be7f5 elementor-section-boxed elementor-section-height-default elementor-section-height-default\" data-id=\"e0be7f5\" data-element_type=\"section\">\n\t\t\t\t\t\t<div class=\"elementor-container elementor-column-gap-default\">\n\t\t\t\t\t<div class=\"elementor-column elementor-col-100 elementor-top-column elementor-element elementor-element-735eddb\" data-id=\"735eddb\" data-element_type=\"column\">\n\t\t\t<div class=\"elementor-widget-wrap elementor-element-populated\">\n\t\t\t\t\t\t<div class=\"elementor-element elementor-element-7421f70 elementor-widget elementor-widget-post-info\" data-id=\"7421f70\" data-element_type=\"widget\" data-widget_type=\"post-info.default\">\n\t\t\t\t<div class=\"elementor-widget-container\">\n\t\t\t\t\t\t\t<ul class=\"elementor-inline-items elementor-icon-list-items elementor-post-info\">\n\t\t\t\t\t\t\t\t<li class=\"elementor-icon-list-item elementor-repeater-item-0957b9f elementor-inline-item\" itemprop=\"author\">\n\t\t\t\t\t\t<a href=\"https:\/\/pc.sc.gov.br\/?author=5\">\n\t\t\t\t\t\t\t\t\t\t\t<span class=\"elementor-icon-list-icon\">\n\t\t\t\t\t\t\t\t<i aria-hidden=\"true\" class=\"far fa-user-circle\"><\/i>\t\t\t\t\t\t\t<\/span>\n\t\t\t\t\t\t\t\t\t<span class=\"elementor-icon-list-text elementor-post-info__item elementor-post-info__item--type-author\">\n\t\t\t\t\t\t\t\t\t\tStefany de Souza Alves\t\t\t\t\t<\/span>\n\t\t\t\t\t\t\t\t\t<\/a>\n\t\t\t\t<\/li>\n\t\t\t\t<li class=\"elementor-icon-list-item elementor-repeater-item-89cab3e elementor-inline-item\" itemprop=\"datePublished\">\n\t\t\t\t\t\t<a href=\"https:\/\/pc.sc.gov.br\/?m=20251022\">\n\t\t\t\t\t\t\t\t\t\t\t<span class=\"elementor-icon-list-icon\">\n\t\t\t\t\t\t\t\t<i aria-hidden=\"true\" class=\"fas fa-calendar\"><\/i>\t\t\t\t\t\t\t<\/span>\n\t\t\t\t\t\t\t\t\t<span class=\"elementor-icon-list-text elementor-post-info__item elementor-post-info__item--type-date\">\n\t\t\t\t\t\t\t\t\t\t<time>outubro 22, 2025<\/time>\t\t\t\t\t<\/span>\n\t\t\t\t\t\t\t\t\t<\/a>\n\t\t\t\t<\/li>\n\t\t\t\t<li class=\"elementor-icon-list-item elementor-repeater-item-d4e912a elementor-inline-item\">\n\t\t\t\t\t\t\t\t\t\t<span class=\"elementor-icon-list-icon\">\n\t\t\t\t\t\t\t\t<i aria-hidden=\"true\" class=\"far fa-clock\"><\/i>\t\t\t\t\t\t\t<\/span>\n\t\t\t\t\t\t\t\t\t<span class=\"elementor-icon-list-text elementor-post-info__item elementor-post-info__item--type-time\">\n\t\t\t\t\t\t\t\t\t\t<time>4:38 pm<\/time>\t\t\t\t\t<\/span>\n\t\t\t\t\t\t\t\t<\/li>\n\t\t\t\t<\/ul>\n\t\t\t\t\t\t<\/div>\n\t\t\t\t<\/div>\n\t\t\t\t\t<\/div>\n\t\t<\/div>\n\t\t\t\t\t<\/div>\n\t\t<\/section>\n\t\t\t\t<section class=\"elementor-section elementor-top-section elementor-element elementor-element-4f4dfd6 elementor-section-boxed elementor-section-height-default elementor-section-height-default\" data-id=\"4f4dfd6\" data-element_type=\"section\">\n\t\t\t\t\t\t<div class=\"elementor-container elementor-column-gap-default\">\n\t\t\t\t\t<div class=\"elementor-column elementor-col-100 elementor-top-column elementor-element elementor-element-2971c21\" data-id=\"2971c21\" data-element_type=\"column\">\n\t\t\t<div class=\"elementor-widget-wrap elementor-element-populated\">\n\t\t\t\t\t\t<div class=\"elementor-element elementor-element-9fc0660 elementor-widget elementor-widget-text-editor\" data-id=\"9fc0660\" data-element_type=\"widget\" data-widget_type=\"text-editor.default\">\n\t\t\t\t<div class=\"elementor-widget-container\">\n\t\t\t\t\t\t\t\t\t<p>A Delegacia de Repress\u00e3o ao Crime Organizado (DRACO), unidade especializada da Diretoria Estadual de Investiga\u00e7\u00f5es Criminais (DEIC) da Pol\u00edcia Civil de Santa Catarina, foi oficialmente homenageada nesta tarde (22\/10) com uma Mo\u00e7\u00e3o Honrosa na Assembleia Legislativa do Estado de Santa Catarina (ALESC). O reconhecimento \u00e9 um tributo ao trabalho incans\u00e1vel, altamente t\u00e9cnico e de excel\u00eancia no enfrentamento \u00e0s organiza\u00e7\u00f5es criminosas em todo o territ\u00f3rio catarinense, consolidando a seguran\u00e7a p\u00fablica e a paz social.<\/p><p>Desde 2016, sob a lideran\u00e7a do Delegado de Pol\u00edcia Ant\u00f4nio Cl\u00e1udio de Seixas Joca, a DRACO revolucionou a estrat\u00e9gia de combate ao crime organizado no estado. Composta por profissionais altamente especializados, a delegacia se tornou refer\u00eancia nacional na repress\u00e3o qualificada, focando em crimes complexos, nas estruturas de comando das fac\u00e7\u00f5es e no combate \u00e0 lavagem de dinheiro.<\/p><p><strong>Um legado de resultados (2016 &#8211; 2025)<\/strong><\/p><p>O reconhecimento da ALESC reflete um hist\u00f3rico inquestion\u00e1vel de opera\u00e7\u00f5es de alto impacto:<\/p><ul><li>Desmantelamento de c\u00fapulas: Mais de 2.000 mandados de pris\u00e3o cumpridos contra integrantes de organiza\u00e7\u00f5es criminosas e, crucialmente, contra as principais lideran\u00e7as do crime organizado de SC, muitas delas transferidas para pres\u00eddios federais de seguran\u00e7a m\u00e1xima.<\/li><li>Opera\u00e7\u00e3o hist\u00f3rica: Em 2024, a opera\u00e7\u00e3o \u201cTio Patinhas\u201d resultou na maior apreens\u00e3o de coca\u00edna da hist\u00f3ria da PCSC (500 kg de maconha e 700 kg de coca\u00edna\/pasta base).<\/li><li>Defesa da ordem p\u00fablica: opera\u00e7\u00e3o \u201cIndepend\u00eancia\u201d (2017), que cessou uma onda de atentados, e \u201cInqu\u00e9rito Elei\u00e7\u00f5es\u201d (2018), que impediu planos de ataques durante o per\u00edodo eleitoral.<\/li><li>A\u00e7\u00e3o nacional e internacional: Em 2025, a DRACO, dentre outras a\u00e7\u00f5es, realizou a pris\u00e3o de um dos maiores fornecedores de fuzis para fac\u00e7\u00e3o criminosa do Rio de Janeiro, al\u00e9m de opera\u00e7\u00f5es como a \u201cConex\u00e3o Nordeste\u201d (2023).<\/li><\/ul><p>A mo\u00e7\u00e3o na ALESC n\u00e3o \u00e9 apenas um reconhecimento \u00e0 equipe, \u00e9 a chancela do Legislativo ao trabalho que tem garantido a maior produtividade na Pol\u00edcia Civil, refor\u00e7ando o compromisso inabal\u00e1vel da DRACO\/DEIC com a prote\u00e7\u00e3o do cidad\u00e3o catarinense.<\/p>\t\t\t\t\t\t\t\t<\/div>\n\t\t\t\t<\/div>\n\t\t\t\t\t<\/div>\n\t\t<\/div>\n\t\t\t\t\t<\/div>\n\t\t<\/section>\n\t\t\t\t<\/div>\n\t\t","protected":false},"excerpt":{"rendered":"<p>DRACO\/DEIC recebe mo\u00e7\u00e3o de honra na ALESC pelo combate ao crime organizado em SC A Delegacia de Repress\u00e3o ao Crime Organizado (DRACO), unidade especializada da Diretoria Estadual de Investiga\u00e7\u00f5es Criminais (DEIC) da Pol\u00edcia Civil de Santa Catarina, foi oficialmente homenageada nesta tarde (22\/10) com uma Mo\u00e7\u00e3o Honrosa na Assembleia Legislativa do Estado de Santa Catarina [&hellip;]<\/p>\n","protected":false},"author":5,"featured_media":33426,"comment_status":"closed","ping_status":"open","sticky":false,"template":"","format":"standard","meta":{"_monsterinsights_skip_tracking":false,"_monsterinsights_sitenote_active":false,"_monsterinsights_sitenote_note":"","_monsterinsights_sitenote_category":0,"footnotes":""},"categories":[1],"tags":[],"class_list":["post-33425","post","type-post","status-publish","format-standard","has-post-thumbnail","hentry","category-sem-categoria"],"_links":{"self":[{"href":"https:\/\/pc.sc.gov.br\/index.php?rest_route=\/wp\/v2\/posts\/33425","targetHints":{"allow":["GET"]}}],"collection":[{"href":"https:\/\/pc.sc.gov.br\/index.php?rest_route=\/wp\/v2\/posts"}],"about":[{"href":"https:\/\/pc.sc.gov.br\/index.php?rest_route=\/wp\/v2\/types\/post"}],"author":[{"embeddable":true,"href":"https:\/\/pc.sc.gov.br\/index.php?rest_route=\/wp\/v2\/users\/5"}],"replies":[{"embeddable":true,"href":"https:\/\/pc.sc.gov.br\/index.php?rest_route=%2Fwp%2Fv2%2Fcomments&post=33425"}],"version-history":[{"count":4,"href":"https:\/\/pc.sc.gov.br\/index.php?rest_route=\/wp\/v2\/posts\/33425\/revisions"}],"predecessor-version":[{"id":33430,"href":"https:\/\/pc.sc.gov.br\/index.php?rest_route=\/wp\/v2\/posts\/33425\/revisions\/33430"}],"wp:featuredmedia":[{"embeddable":true,"href":"https:\/\/pc.sc.gov.br\/index.php?rest_route=\/wp\/v2\/media\/33426"}],"wp:attachment":[{"href":"https:\/\/pc.sc.gov.br\/index.php?rest_route=%2Fwp%2Fv2%2Fmedia&parent=33425"}],"wp:term":[{"taxonomy":"category","embeddable":true,"href":"https:\/\/pc.sc.gov.br\/index.php?rest_route=%2Fwp%2Fv2%2Fcategories&post=33425"},{"taxonomy":"post_tag","embeddable":true,"href":"https:\/\/pc.sc.gov.br\/index.php?rest_route=%2Fwp%2Fv2%2Ftags&post=33425"}],"curies":[{"name":"wp","href":"https:\/\/api.w.org\/{rel}","templated":true}]}}