{"id":33431,"date":"2025-10-22T18:38:52","date_gmt":"2025-10-22T21:38:52","guid":{"rendered":"https:\/\/pc.sc.gov.br\/?p=33431"},"modified":"2025-10-22T18:41:36","modified_gmt":"2025-10-22T21:41:36","slug":"policia-civil-prende-envolvido-com-o-trafico-de-drogas-e-apreende-adolescente-em-timbo","status":"publish","type":"post","link":"https:\/\/pc.sc.gov.br\/?p=33431","title":{"rendered":"Pol\u00edcia Civil prende envolvido com o tr\u00e1fico de drogas e apreende adolescente em Timb\u00f3"},"content":{"rendered":"\t\t<div data-elementor-type=\"wp-post\" data-elementor-id=\"33431\" class=\"elementor elementor-33431\" data-elementor-post-type=\"post\">\n\t\t\t\t\t\t<section class=\"elementor-section elementor-top-section elementor-element elementor-element-346c127 elementor-section-boxed elementor-section-height-default elementor-section-height-default\" data-id=\"346c127\" data-element_type=\"section\">\n\t\t\t\t\t\t<div class=\"elementor-container elementor-column-gap-default\">\n\t\t\t\t\t<div class=\"elementor-column elementor-col-100 elementor-top-column elementor-element elementor-element-da5edce\" data-id=\"da5edce\" data-element_type=\"column\">\n\t\t\t<div class=\"elementor-widget-wrap elementor-element-populated\">\n\t\t\t\t\t\t<div class=\"elementor-element elementor-element-8792c3c elementor-widget elementor-widget-heading\" data-id=\"8792c3c\" data-element_type=\"widget\" data-widget_type=\"heading.default\">\n\t\t\t\t<div class=\"elementor-widget-container\">\n\t\t\t\t\t<h2 class=\"elementor-heading-title elementor-size-default\">Pol\u00edcia Civil prende envolvido com o tr\u00e1fico de drogas e apreende adolescente em Timb\u00f3 <\/h2>\t\t\t\t<\/div>\n\t\t\t\t<\/div>\n\t\t\t\t\t<\/div>\n\t\t<\/div>\n\t\t\t\t\t<\/div>\n\t\t<\/section>\n\t\t\t\t<section class=\"elementor-section elementor-top-section elementor-element elementor-element-8f31623 elementor-section-boxed elementor-section-height-default elementor-section-height-default\" data-id=\"8f31623\" data-element_type=\"section\">\n\t\t\t\t\t\t<div class=\"elementor-container elementor-column-gap-default\">\n\t\t\t\t\t<div class=\"elementor-column elementor-col-100 elementor-top-column elementor-element elementor-element-2b74076\" data-id=\"2b74076\" data-element_type=\"column\">\n\t\t\t<div class=\"elementor-widget-wrap elementor-element-populated\">\n\t\t\t\t\t\t<div class=\"elementor-element elementor-element-857d0f3 elementor-widget elementor-widget-image\" data-id=\"857d0f3\" data-element_type=\"widget\" data-widget_type=\"image.default\">\n\t\t\t\t<div class=\"elementor-widget-container\">\n\t\t\t\t\t\t\t\t\t\t\t\t\t\t\t<img fetchpriority=\"high\" decoding=\"async\" width=\"596\" height=\"1024\" src=\"https:\/\/pc.sc.gov.br\/\/wp-content\/uploads\/2025\/10\/WhatsApp-Image-2025-10-22-at-01.07.01-e1761169029122-596x1024.jpeg\" class=\"attachment-large size-large wp-image-33432\" alt=\"\" srcset=\"https:\/\/pc.sc.gov.br\/\/wp-content\/uploads\/2025\/10\/WhatsApp-Image-2025-10-22-at-01.07.01-e1761169029122-596x1024.jpeg 596w, https:\/\/pc.sc.gov.br\/\/wp-content\/uploads\/2025\/10\/WhatsApp-Image-2025-10-22-at-01.07.01-e1761169029122-175x300.jpeg 175w, https:\/\/pc.sc.gov.br\/\/wp-content\/uploads\/2025\/10\/WhatsApp-Image-2025-10-22-at-01.07.01-e1761169029122-768x1320.jpeg 768w, https:\/\/pc.sc.gov.br\/\/wp-content\/uploads\/2025\/10\/WhatsApp-Image-2025-10-22-at-01.07.01-e1761169029122-894x1536.jpeg 894w, https:\/\/pc.sc.gov.br\/\/wp-content\/uploads\/2025\/10\/WhatsApp-Image-2025-10-22-at-01.07.01-e1761169029122.jpeg 895w\" sizes=\"(max-width: 596px) 100vw, 596px\" \/>\t\t\t\t\t\t\t\t\t\t\t\t\t\t\t<\/div>\n\t\t\t\t<\/div>\n\t\t\t\t\t<\/div>\n\t\t<\/div>\n\t\t\t\t\t<\/div>\n\t\t<\/section>\n\t\t\t\t<section class=\"elementor-section elementor-top-section elementor-element elementor-element-305db99 elementor-section-boxed elementor-section-height-default elementor-section-height-default\" data-id=\"305db99\" data-element_type=\"section\">\n\t\t\t\t\t\t<div class=\"elementor-container elementor-column-gap-default\">\n\t\t\t\t\t<div class=\"elementor-column elementor-col-100 elementor-top-column elementor-element elementor-element-0f0a8f9\" data-id=\"0f0a8f9\" data-element_type=\"column\">\n\t\t\t<div class=\"elementor-widget-wrap elementor-element-populated\">\n\t\t\t\t\t\t<div class=\"elementor-element elementor-element-cce35ca elementor-widget elementor-widget-post-info\" data-id=\"cce35ca\" data-element_type=\"widget\" data-widget_type=\"post-info.default\">\n\t\t\t\t<div class=\"elementor-widget-container\">\n\t\t\t\t\t\t\t<ul class=\"elementor-inline-items elementor-icon-list-items elementor-post-info\">\n\t\t\t\t\t\t\t\t<li class=\"elementor-icon-list-item elementor-repeater-item-17e8ba9 elementor-inline-item\" itemprop=\"author\">\n\t\t\t\t\t\t<a href=\"https:\/\/pc.sc.gov.br\/?author=5\">\n\t\t\t\t\t\t\t\t\t\t\t<span class=\"elementor-icon-list-icon\">\n\t\t\t\t\t\t\t\t<i aria-hidden=\"true\" class=\"far fa-user-circle\"><\/i>\t\t\t\t\t\t\t<\/span>\n\t\t\t\t\t\t\t\t\t<span class=\"elementor-icon-list-text elementor-post-info__item elementor-post-info__item--type-author\">\n\t\t\t\t\t\t\t\t\t\tStefany de Souza Alves\t\t\t\t\t<\/span>\n\t\t\t\t\t\t\t\t\t<\/a>\n\t\t\t\t<\/li>\n\t\t\t\t<li class=\"elementor-icon-list-item elementor-repeater-item-cd97362 elementor-inline-item\" itemprop=\"datePublished\">\n\t\t\t\t\t\t<a href=\"https:\/\/pc.sc.gov.br\/?m=20251022\">\n\t\t\t\t\t\t\t\t\t\t\t<span class=\"elementor-icon-list-icon\">\n\t\t\t\t\t\t\t\t<i aria-hidden=\"true\" class=\"fas fa-calendar\"><\/i>\t\t\t\t\t\t\t<\/span>\n\t\t\t\t\t\t\t\t\t<span class=\"elementor-icon-list-text elementor-post-info__item elementor-post-info__item--type-date\">\n\t\t\t\t\t\t\t\t\t\t<time>outubro 22, 2025<\/time>\t\t\t\t\t<\/span>\n\t\t\t\t\t\t\t\t\t<\/a>\n\t\t\t\t<\/li>\n\t\t\t\t<li class=\"elementor-icon-list-item elementor-repeater-item-1ad02f8 elementor-inline-item\">\n\t\t\t\t\t\t\t\t\t\t<span class=\"elementor-icon-list-icon\">\n\t\t\t\t\t\t\t\t<i aria-hidden=\"true\" class=\"far fa-clock\"><\/i>\t\t\t\t\t\t\t<\/span>\n\t\t\t\t\t\t\t\t\t<span class=\"elementor-icon-list-text elementor-post-info__item elementor-post-info__item--type-time\">\n\t\t\t\t\t\t\t\t\t\t<time>6:38 pm<\/time>\t\t\t\t\t<\/span>\n\t\t\t\t\t\t\t\t<\/li>\n\t\t\t\t<\/ul>\n\t\t\t\t\t\t<\/div>\n\t\t\t\t<\/div>\n\t\t\t\t<div class=\"elementor-element elementor-element-0f4a1dc elementor-widget elementor-widget-text-editor\" data-id=\"0f4a1dc\" data-element_type=\"widget\" data-widget_type=\"text-editor.default\">\n\t\t\t\t<div class=\"elementor-widget-container\">\n\t\t\t\t\t\t\t\t\t<p>A Pol\u00edcia Civil de Santa Catarina, por meio da Delegacia de Pol\u00edcia da Comarca de Timb\u00f3 e com apoio de policial lotado em Rio dos Cedros, deflagrou, na noite da \u00faltima ter\u00e7a-feira (21\/10), uma opera\u00e7\u00e3o noturna de combate ao tr\u00e1fico de drogas, decorrente de investiga\u00e7\u00e3o pret\u00e9rita que apontava a exist\u00eancia de um ponto de venda de entorpecentes em uma resid\u00eancia no bairro Araponguinhas.<\/p><p>A a\u00e7\u00e3o resultou na pris\u00e3o de um homem e na apreens\u00e3o de um adolescente, al\u00e9m da apreens\u00e3o de entorpecentes, dinheiro, aparelhos celulares e outros materiais relacionados \u00e0 pr\u00e1tica do crime.<\/p><p>Durante o monitoramento do local, os policiais civis do Setor de Investiga\u00e7\u00e3o observaram intensa movimenta\u00e7\u00e3o de pessoas com comportamento compat\u00edvel com o com\u00e9rcio de drogas. Em determinado momento, um usu\u00e1rio de entorpecentes fugiu ao perceber a presen\u00e7a policial, n\u00e3o sendo poss\u00edvel sua abordagem.<\/p><p>Diante da situa\u00e7\u00e3o de flagrante e do acesso livre ao im\u00f3vel, as equipes ingressaram na resid\u00eancia, onde localizaram o adulto e o adolescente.<\/p><p>No interior do im\u00f3vel, foram encontradas por\u00e7\u00f5es de droga sobre um m\u00f3vel na sala conjugada com a cozinha, bem como outras enterradas nos fundos do terreno. Ao todo, foram apreendidas aproximadamente 30 gramas de crack, al\u00e9m de uma balan\u00e7a de precis\u00e3o, celulares com intensa troca de mensagens, um caderno com anota\u00e7\u00f5es referentes \u00e0 movimenta\u00e7\u00e3o do tr\u00e1fico e diversos cart\u00f5es banc\u00e1rios e de benef\u00edcios \u2014 sendo um deles pertencente \u00e0 pessoa j\u00e1 conhecida dos meios policiais pela pr\u00e1tica de posse de droga para consumo pr\u00f3prio.<\/p><p>Tamb\u00e9m foram apreendidos R$ 358,25 em dinheiro (entre notas e moedas), ocultos entre o sof\u00e1 e a parede da sala, valor possivelmente proveniente da comercializa\u00e7\u00e3o il\u00edcita de entorpecentes.<\/p><p>O homem foi preso em flagrante e o adolescente apreendido pela pr\u00e1tica de ato infracional an\u00e1logo ao crime de tr\u00e1fico de drogas. Ambos foram encaminhados \u00e0 Delegacia de Pol\u00edcia da Comarca de Timb\u00f3, onde foram adotadas as provid\u00eancias legais cab\u00edveis.<\/p><p>A opera\u00e7\u00e3o, conduzida por agentes do Setor de Investiga\u00e7\u00e3o da Delegacia de Pol\u00edcia da Comarca de Timb\u00f3, integra o plano permanente da Pol\u00edcia Civil no enfrentamento ao tr\u00e1fico de drogas na regi\u00e3o, reafirmando o compromisso da institui\u00e7\u00e3o com a redu\u00e7\u00e3o dos pontos de venda e o combate \u00e0 criminalidade local.<\/p>\t\t\t\t\t\t\t\t<\/div>\n\t\t\t\t<\/div>\n\t\t\t\t\t<\/div>\n\t\t<\/div>\n\t\t\t\t\t<\/div>\n\t\t<\/section>\n\t\t\t\t<\/div>\n\t\t","protected":false},"excerpt":{"rendered":"<p>Pol\u00edcia Civil prende envolvido com o tr\u00e1fico de drogas e apreende adolescente em Timb\u00f3 A Pol\u00edcia Civil de Santa Catarina, por meio da Delegacia de Pol\u00edcia da Comarca de Timb\u00f3 e com apoio de policial lotado em Rio dos Cedros, deflagrou, na noite da \u00faltima ter\u00e7a-feira (21\/10), uma opera\u00e7\u00e3o noturna de combate ao tr\u00e1fico de [&hellip;]<\/p>\n","protected":false},"author":5,"featured_media":33432,"comment_status":"closed","ping_status":"open","sticky":false,"template":"","format":"standard","meta":{"_monsterinsights_skip_tracking":false,"_monsterinsights_sitenote_active":false,"_monsterinsights_sitenote_note":"","_monsterinsights_sitenote_category":0,"footnotes":""},"categories":[1],"tags":[],"class_list":["post-33431","post","type-post","status-publish","format-standard","has-post-thumbnail","hentry","category-sem-categoria"],"_links":{"self":[{"href":"https:\/\/pc.sc.gov.br\/index.php?rest_route=\/wp\/v2\/posts\/33431","targetHints":{"allow":["GET"]}}],"collection":[{"href":"https:\/\/pc.sc.gov.br\/index.php?rest_route=\/wp\/v2\/posts"}],"about":[{"href":"https:\/\/pc.sc.gov.br\/index.php?rest_route=\/wp\/v2\/types\/post"}],"author":[{"embeddable":true,"href":"https:\/\/pc.sc.gov.br\/index.php?rest_route=\/wp\/v2\/users\/5"}],"replies":[{"embeddable":true,"href":"https:\/\/pc.sc.gov.br\/index.php?rest_route=%2Fwp%2Fv2%2Fcomments&post=33431"}],"version-history":[{"count":4,"href":"https:\/\/pc.sc.gov.br\/index.php?rest_route=\/wp\/v2\/posts\/33431\/revisions"}],"predecessor-version":[{"id":33436,"href":"https:\/\/pc.sc.gov.br\/index.php?rest_route=\/wp\/v2\/posts\/33431\/revisions\/33436"}],"wp:featuredmedia":[{"embeddable":true,"href":"https:\/\/pc.sc.gov.br\/index.php?rest_route=\/wp\/v2\/media\/33432"}],"wp:attachment":[{"href":"https:\/\/pc.sc.gov.br\/index.php?rest_route=%2Fwp%2Fv2%2Fmedia&parent=33431"}],"wp:term":[{"taxonomy":"category","embeddable":true,"href":"https:\/\/pc.sc.gov.br\/index.php?rest_route=%2Fwp%2Fv2%2Fcategories&post=33431"},{"taxonomy":"post_tag","embeddable":true,"href":"https:\/\/pc.sc.gov.br\/index.php?rest_route=%2Fwp%2Fv2%2Ftags&post=33431"}],"curies":[{"name":"wp","href":"https:\/\/api.w.org\/{rel}","templated":true}]}}