{"id":33437,"date":"2025-10-22T18:48:04","date_gmt":"2025-10-22T21:48:04","guid":{"rendered":"https:\/\/pc.sc.gov.br\/?p=33437"},"modified":"2025-10-22T18:49:38","modified_gmt":"2025-10-22T21:49:38","slug":"operacao-conjunta-entre-policia-civil-e-guarda-municipal-de-porto-belo-prende-foragido-do-rio-grande-do-norte","status":"publish","type":"post","link":"https:\/\/pc.sc.gov.br\/?p=33437","title":{"rendered":"Opera\u00e7\u00e3o conjunta entre Pol\u00edcia Civil e Guarda Municipal de Porto Belo prende foragido do Rio Grande do Norte"},"content":{"rendered":"\t\t<div data-elementor-type=\"wp-post\" data-elementor-id=\"33437\" class=\"elementor elementor-33437\" data-elementor-post-type=\"post\">\n\t\t\t\t\t\t<section class=\"elementor-section elementor-top-section elementor-element elementor-element-37c8e8e elementor-section-boxed elementor-section-height-default elementor-section-height-default\" data-id=\"37c8e8e\" data-element_type=\"section\">\n\t\t\t\t\t\t<div class=\"elementor-container elementor-column-gap-default\">\n\t\t\t\t\t<div class=\"elementor-column elementor-col-100 elementor-top-column elementor-element elementor-element-0718ba3\" data-id=\"0718ba3\" data-element_type=\"column\">\n\t\t\t<div class=\"elementor-widget-wrap elementor-element-populated\">\n\t\t\t\t\t\t<div class=\"elementor-element elementor-element-285f407 elementor-widget elementor-widget-heading\" data-id=\"285f407\" data-element_type=\"widget\" data-widget_type=\"heading.default\">\n\t\t\t\t<div class=\"elementor-widget-container\">\n\t\t\t\t\t<h2 class=\"elementor-heading-title elementor-size-default\">Opera\u00e7\u00e3o conjunta entre Pol\u00edcia Civil e Guarda Municipal de Porto Belo prende foragido do Rio Grande do Norte<\/h2>\t\t\t\t<\/div>\n\t\t\t\t<\/div>\n\t\t\t\t\t<\/div>\n\t\t<\/div>\n\t\t\t\t\t<\/div>\n\t\t<\/section>\n\t\t\t\t<section class=\"elementor-section elementor-top-section elementor-element elementor-element-c08d4cd elementor-section-boxed elementor-section-height-default elementor-section-height-default\" data-id=\"c08d4cd\" data-element_type=\"section\">\n\t\t\t\t\t\t<div class=\"elementor-container elementor-column-gap-default\">\n\t\t\t\t\t<div class=\"elementor-column elementor-col-100 elementor-top-column elementor-element elementor-element-11ddc2a\" data-id=\"11ddc2a\" data-element_type=\"column\">\n\t\t\t<div class=\"elementor-widget-wrap elementor-element-populated\">\n\t\t\t\t\t\t<div class=\"elementor-element elementor-element-83c4a36 elementor-widget elementor-widget-image\" data-id=\"83c4a36\" data-element_type=\"widget\" data-widget_type=\"image.default\">\n\t\t\t\t<div class=\"elementor-widget-container\">\n\t\t\t\t\t\t\t\t\t\t\t\t\t\t\t<img fetchpriority=\"high\" decoding=\"async\" width=\"696\" height=\"884\" src=\"https:\/\/pc.sc.gov.br\/\/wp-content\/uploads\/2025\/10\/WhatsApp-Image-2025-10-22-at-18.30.36.jpeg\" class=\"attachment-large size-large wp-image-33438\" alt=\"\" srcset=\"https:\/\/pc.sc.gov.br\/\/wp-content\/uploads\/2025\/10\/WhatsApp-Image-2025-10-22-at-18.30.36.jpeg 771w, https:\/\/pc.sc.gov.br\/\/wp-content\/uploads\/2025\/10\/WhatsApp-Image-2025-10-22-at-18.30.36-236x300.jpeg 236w, https:\/\/pc.sc.gov.br\/\/wp-content\/uploads\/2025\/10\/WhatsApp-Image-2025-10-22-at-18.30.36-768x975.jpeg 768w\" sizes=\"(max-width: 696px) 100vw, 696px\" \/>\t\t\t\t\t\t\t\t\t\t\t\t\t\t\t<\/div>\n\t\t\t\t<\/div>\n\t\t\t\t\t<\/div>\n\t\t<\/div>\n\t\t\t\t\t<\/div>\n\t\t<\/section>\n\t\t\t\t<section class=\"elementor-section elementor-top-section elementor-element elementor-element-bc19732 elementor-section-boxed elementor-section-height-default elementor-section-height-default\" data-id=\"bc19732\" data-element_type=\"section\">\n\t\t\t\t\t\t<div class=\"elementor-container elementor-column-gap-default\">\n\t\t\t\t\t<div class=\"elementor-column elementor-col-100 elementor-top-column elementor-element elementor-element-401b213\" data-id=\"401b213\" data-element_type=\"column\">\n\t\t\t<div class=\"elementor-widget-wrap elementor-element-populated\">\n\t\t\t\t\t\t<div class=\"elementor-element elementor-element-b1370ca elementor-widget elementor-widget-post-info\" data-id=\"b1370ca\" data-element_type=\"widget\" data-widget_type=\"post-info.default\">\n\t\t\t\t<div class=\"elementor-widget-container\">\n\t\t\t\t\t\t\t<ul class=\"elementor-inline-items elementor-icon-list-items elementor-post-info\">\n\t\t\t\t\t\t\t\t<li class=\"elementor-icon-list-item elementor-repeater-item-134be3b elementor-inline-item\" itemprop=\"author\">\n\t\t\t\t\t\t<a href=\"https:\/\/pc.sc.gov.br\/?author=5\">\n\t\t\t\t\t\t\t\t\t\t\t<span class=\"elementor-icon-list-icon\">\n\t\t\t\t\t\t\t\t<i aria-hidden=\"true\" class=\"far fa-user-circle\"><\/i>\t\t\t\t\t\t\t<\/span>\n\t\t\t\t\t\t\t\t\t<span class=\"elementor-icon-list-text elementor-post-info__item elementor-post-info__item--type-author\">\n\t\t\t\t\t\t\t\t\t\tStefany de Souza Alves\t\t\t\t\t<\/span>\n\t\t\t\t\t\t\t\t\t<\/a>\n\t\t\t\t<\/li>\n\t\t\t\t<li class=\"elementor-icon-list-item elementor-repeater-item-2916c31 elementor-inline-item\" itemprop=\"datePublished\">\n\t\t\t\t\t\t<a href=\"https:\/\/pc.sc.gov.br\/?m=20251022\">\n\t\t\t\t\t\t\t\t\t\t\t<span class=\"elementor-icon-list-icon\">\n\t\t\t\t\t\t\t\t<i aria-hidden=\"true\" class=\"fas fa-calendar\"><\/i>\t\t\t\t\t\t\t<\/span>\n\t\t\t\t\t\t\t\t\t<span class=\"elementor-icon-list-text elementor-post-info__item elementor-post-info__item--type-date\">\n\t\t\t\t\t\t\t\t\t\t<time>outubro 22, 2025<\/time>\t\t\t\t\t<\/span>\n\t\t\t\t\t\t\t\t\t<\/a>\n\t\t\t\t<\/li>\n\t\t\t\t<li class=\"elementor-icon-list-item elementor-repeater-item-cbd23fe elementor-inline-item\">\n\t\t\t\t\t\t\t\t\t\t<span class=\"elementor-icon-list-icon\">\n\t\t\t\t\t\t\t\t<i aria-hidden=\"true\" class=\"far fa-clock\"><\/i>\t\t\t\t\t\t\t<\/span>\n\t\t\t\t\t\t\t\t\t<span class=\"elementor-icon-list-text elementor-post-info__item elementor-post-info__item--type-time\">\n\t\t\t\t\t\t\t\t\t\t<time>6:48 pm<\/time>\t\t\t\t\t<\/span>\n\t\t\t\t\t\t\t\t<\/li>\n\t\t\t\t<\/ul>\n\t\t\t\t\t\t<\/div>\n\t\t\t\t<\/div>\n\t\t\t\t<div class=\"elementor-element elementor-element-9dbafd5 elementor-widget elementor-widget-text-editor\" data-id=\"9dbafd5\" data-element_type=\"widget\" data-widget_type=\"text-editor.default\">\n\t\t\t\t<div class=\"elementor-widget-container\">\n\t\t\t\t\t\t\t\t\t<p>A Pol\u00edcia Civil de Santa Catarina, por meio da Delegacia de Pol\u00edcia de Porto Belo, em a\u00e7\u00e3o conjunta com a Guarda Municipal, deu cumprimento a um mandado de pris\u00e3o tempor\u00e1ria na tarde desta quarta-feira (22\/10).<\/p><p>A a\u00e7\u00e3o ocorreu em uma obra no bairro Balne\u00e1rio Perequ\u00ea, em Porto Belo\/SC, e resultou na pris\u00e3o de um homem de 25 anos, procurado pela Justi\u00e7a do Rio Grande do Norte pela pr\u00e1tica de crimes e participa\u00e7\u00e3o em organiza\u00e7\u00e3o criminosa.<\/p><p>A pris\u00e3o foi poss\u00edvel ap\u00f3s solicita\u00e7\u00e3o de apoio operacional feita pela Pol\u00edcia Civil do Rio Grande do Norte \u00e0 Pol\u00edcia Civil de Santa Catarina. Na manh\u00e3 de hoje, a pol\u00edcia potiguar deflagrou uma opera\u00e7\u00e3o de combate a uma organiza\u00e7\u00e3o criminosa naquele Estado, quando obteve informa\u00e7\u00f5es sobre o paradeiro do alvo em Porto Belo. A informa\u00e7\u00e3o foi imediatamente repassada \u00e0 Pol\u00edcia Civil catarinense, que, com o apoio da Guarda Municipal, localizou e prendeu o foragido na referida obra.<\/p><p>A exist\u00eancia e a vig\u00eancia do mandado de pris\u00e3o tempor\u00e1ria foram confirmadas junto ao Banco Nacional de Mandados de Pris\u00e3o (BNMP). A ordem judicial foi expedida pela Unidade Judici\u00e1ria de Delitos de Organiza\u00e7\u00f5es Criminosas do Tribunal de Justi\u00e7a do Rio Grande do Norte (TJRN), no \u00e2mbito de investiga\u00e7\u00e3o por organiza\u00e7\u00e3o criminosa.<\/p><p>Ap\u00f3s a pris\u00e3o, o homem foi encaminhado ao Pres\u00eddio Regional de Tijucas, onde permanecer\u00e1 \u00e0 disposi\u00e7\u00e3o da Justi\u00e7a.<\/p>\t\t\t\t\t\t\t\t<\/div>\n\t\t\t\t<\/div>\n\t\t\t\t\t<\/div>\n\t\t<\/div>\n\t\t\t\t\t<\/div>\n\t\t<\/section>\n\t\t\t\t<\/div>\n\t\t","protected":false},"excerpt":{"rendered":"<p>Opera\u00e7\u00e3o conjunta entre Pol\u00edcia Civil e Guarda Municipal de Porto Belo prende foragido do Rio Grande do Norte A Pol\u00edcia Civil de Santa Catarina, por meio da Delegacia de Pol\u00edcia de Porto Belo, em a\u00e7\u00e3o conjunta com a Guarda Municipal, deu cumprimento a um mandado de pris\u00e3o tempor\u00e1ria na tarde desta quarta-feira (22\/10). A a\u00e7\u00e3o [&hellip;]<\/p>\n","protected":false},"author":5,"featured_media":33438,"comment_status":"closed","ping_status":"open","sticky":false,"template":"","format":"standard","meta":{"_monsterinsights_skip_tracking":false,"_monsterinsights_sitenote_active":false,"_monsterinsights_sitenote_note":"","_monsterinsights_sitenote_category":0,"footnotes":""},"categories":[1],"tags":[],"class_list":["post-33437","post","type-post","status-publish","format-standard","has-post-thumbnail","hentry","category-sem-categoria"],"_links":{"self":[{"href":"https:\/\/pc.sc.gov.br\/index.php?rest_route=\/wp\/v2\/posts\/33437","targetHints":{"allow":["GET"]}}],"collection":[{"href":"https:\/\/pc.sc.gov.br\/index.php?rest_route=\/wp\/v2\/posts"}],"about":[{"href":"https:\/\/pc.sc.gov.br\/index.php?rest_route=\/wp\/v2\/types\/post"}],"author":[{"embeddable":true,"href":"https:\/\/pc.sc.gov.br\/index.php?rest_route=\/wp\/v2\/users\/5"}],"replies":[{"embeddable":true,"href":"https:\/\/pc.sc.gov.br\/index.php?rest_route=%2Fwp%2Fv2%2Fcomments&post=33437"}],"version-history":[{"count":4,"href":"https:\/\/pc.sc.gov.br\/index.php?rest_route=\/wp\/v2\/posts\/33437\/revisions"}],"predecessor-version":[{"id":33442,"href":"https:\/\/pc.sc.gov.br\/index.php?rest_route=\/wp\/v2\/posts\/33437\/revisions\/33442"}],"wp:featuredmedia":[{"embeddable":true,"href":"https:\/\/pc.sc.gov.br\/index.php?rest_route=\/wp\/v2\/media\/33438"}],"wp:attachment":[{"href":"https:\/\/pc.sc.gov.br\/index.php?rest_route=%2Fwp%2Fv2%2Fmedia&parent=33437"}],"wp:term":[{"taxonomy":"category","embeddable":true,"href":"https:\/\/pc.sc.gov.br\/index.php?rest_route=%2Fwp%2Fv2%2Fcategories&post=33437"},{"taxonomy":"post_tag","embeddable":true,"href":"https:\/\/pc.sc.gov.br\/index.php?rest_route=%2Fwp%2Fv2%2Ftags&post=33437"}],"curies":[{"name":"wp","href":"https:\/\/api.w.org\/{rel}","templated":true}]}}