{"id":33443,"date":"2025-10-22T19:16:23","date_gmt":"2025-10-22T22:16:23","guid":{"rendered":"https:\/\/pc.sc.gov.br\/?p=33443"},"modified":"2025-10-22T19:18:08","modified_gmt":"2025-10-22T22:18:08","slug":"policia-civil-prende-foragido-do-rio-grande-do-sul-durante-operacao-contra-o-trafico-de-drogas-em-camboriu","status":"publish","type":"post","link":"https:\/\/pc.sc.gov.br\/?p=33443","title":{"rendered":"Pol\u00edcia Civil prende foragido do Rio Grande do Sul durante opera\u00e7\u00e3o contra o tr\u00e1fico de drogas em Cambori\u00fa"},"content":{"rendered":"\t\t<div data-elementor-type=\"wp-post\" data-elementor-id=\"33443\" class=\"elementor elementor-33443\" data-elementor-post-type=\"post\">\n\t\t\t\t\t\t<section class=\"elementor-section elementor-top-section elementor-element elementor-element-51fbb4a elementor-section-boxed elementor-section-height-default elementor-section-height-default\" data-id=\"51fbb4a\" data-element_type=\"section\">\n\t\t\t\t\t\t<div class=\"elementor-container elementor-column-gap-default\">\n\t\t\t\t\t<div class=\"elementor-column elementor-col-100 elementor-top-column elementor-element elementor-element-218d4f1\" data-id=\"218d4f1\" data-element_type=\"column\">\n\t\t\t<div class=\"elementor-widget-wrap elementor-element-populated\">\n\t\t\t\t\t\t<div class=\"elementor-element elementor-element-ad59f04 elementor-widget elementor-widget-heading\" data-id=\"ad59f04\" data-element_type=\"widget\" data-widget_type=\"heading.default\">\n\t\t\t\t<div class=\"elementor-widget-container\">\n\t\t\t\t\t<h2 class=\"elementor-heading-title elementor-size-default\">Pol\u00edcia Civil prende foragido do Rio Grande do Sul durante opera\u00e7\u00e3o contra o tr\u00e1fico de drogas em Cambori\u00fa<\/h2>\t\t\t\t<\/div>\n\t\t\t\t<\/div>\n\t\t\t\t\t<\/div>\n\t\t<\/div>\n\t\t\t\t\t<\/div>\n\t\t<\/section>\n\t\t\t\t<section class=\"elementor-section elementor-top-section elementor-element elementor-element-b710bb8 elementor-section-boxed elementor-section-height-default elementor-section-height-default\" data-id=\"b710bb8\" data-element_type=\"section\">\n\t\t\t\t\t\t<div class=\"elementor-container elementor-column-gap-default\">\n\t\t\t\t\t<div class=\"elementor-column elementor-col-100 elementor-top-column elementor-element elementor-element-7451e83\" data-id=\"7451e83\" data-element_type=\"column\">\n\t\t\t<div class=\"elementor-widget-wrap elementor-element-populated\">\n\t\t\t\t\t\t<div class=\"elementor-element elementor-element-99d70bf elementor-widget elementor-widget-image\" data-id=\"99d70bf\" data-element_type=\"widget\" data-widget_type=\"image.default\">\n\t\t\t\t<div class=\"elementor-widget-container\">\n\t\t\t\t\t\t\t\t\t\t\t\t\t\t\t<img fetchpriority=\"high\" decoding=\"async\" width=\"696\" height=\"995\" src=\"https:\/\/pc.sc.gov.br\/\/wp-content\/uploads\/2025\/09\/VIATURA_000000000028-1-e1755803154189-710x1024-1-e1761171323583.jpg\" class=\"attachment-large size-large wp-image-31975\" alt=\"\" srcset=\"https:\/\/pc.sc.gov.br\/\/wp-content\/uploads\/2025\/09\/VIATURA_000000000028-1-e1755803154189-710x1024-1-e1761171323583.jpg 708w, https:\/\/pc.sc.gov.br\/\/wp-content\/uploads\/2025\/09\/VIATURA_000000000028-1-e1755803154189-710x1024-1-e1761171323583-210x300.jpg 210w\" sizes=\"(max-width: 696px) 100vw, 696px\" \/>\t\t\t\t\t\t\t\t\t\t\t\t\t\t\t<\/div>\n\t\t\t\t<\/div>\n\t\t\t\t\t<\/div>\n\t\t<\/div>\n\t\t\t\t\t<\/div>\n\t\t<\/section>\n\t\t\t\t<section class=\"elementor-section elementor-top-section elementor-element elementor-element-b113fee elementor-section-boxed elementor-section-height-default elementor-section-height-default\" data-id=\"b113fee\" data-element_type=\"section\">\n\t\t\t\t\t\t<div class=\"elementor-container elementor-column-gap-default\">\n\t\t\t\t\t<div class=\"elementor-column elementor-col-100 elementor-top-column elementor-element elementor-element-0848766\" data-id=\"0848766\" data-element_type=\"column\">\n\t\t\t<div class=\"elementor-widget-wrap elementor-element-populated\">\n\t\t\t\t\t\t<div class=\"elementor-element elementor-element-504f2a8 elementor-widget elementor-widget-post-info\" data-id=\"504f2a8\" data-element_type=\"widget\" data-widget_type=\"post-info.default\">\n\t\t\t\t<div class=\"elementor-widget-container\">\n\t\t\t\t\t\t\t<ul class=\"elementor-inline-items elementor-icon-list-items elementor-post-info\">\n\t\t\t\t\t\t\t\t<li class=\"elementor-icon-list-item elementor-repeater-item-cd28fa7 elementor-inline-item\" itemprop=\"author\">\n\t\t\t\t\t\t<a href=\"https:\/\/pc.sc.gov.br\/?author=5\">\n\t\t\t\t\t\t\t\t\t\t\t<span class=\"elementor-icon-list-icon\">\n\t\t\t\t\t\t\t\t<i aria-hidden=\"true\" class=\"far fa-user-circle\"><\/i>\t\t\t\t\t\t\t<\/span>\n\t\t\t\t\t\t\t\t\t<span class=\"elementor-icon-list-text elementor-post-info__item elementor-post-info__item--type-author\">\n\t\t\t\t\t\t\t\t\t\tStefany de Souza Alves\t\t\t\t\t<\/span>\n\t\t\t\t\t\t\t\t\t<\/a>\n\t\t\t\t<\/li>\n\t\t\t\t<li class=\"elementor-icon-list-item elementor-repeater-item-54566d9 elementor-inline-item\" itemprop=\"datePublished\">\n\t\t\t\t\t\t<a href=\"https:\/\/pc.sc.gov.br\/?m=20251022\">\n\t\t\t\t\t\t\t\t\t\t\t<span class=\"elementor-icon-list-icon\">\n\t\t\t\t\t\t\t\t<i aria-hidden=\"true\" class=\"fas fa-calendar\"><\/i>\t\t\t\t\t\t\t<\/span>\n\t\t\t\t\t\t\t\t\t<span class=\"elementor-icon-list-text elementor-post-info__item elementor-post-info__item--type-date\">\n\t\t\t\t\t\t\t\t\t\t<time>outubro 22, 2025<\/time>\t\t\t\t\t<\/span>\n\t\t\t\t\t\t\t\t\t<\/a>\n\t\t\t\t<\/li>\n\t\t\t\t<li class=\"elementor-icon-list-item elementor-repeater-item-bb82604 elementor-inline-item\">\n\t\t\t\t\t\t\t\t\t\t<span class=\"elementor-icon-list-icon\">\n\t\t\t\t\t\t\t\t<i aria-hidden=\"true\" class=\"far fa-clock\"><\/i>\t\t\t\t\t\t\t<\/span>\n\t\t\t\t\t\t\t\t\t<span class=\"elementor-icon-list-text elementor-post-info__item elementor-post-info__item--type-time\">\n\t\t\t\t\t\t\t\t\t\t<time>7:16 pm<\/time>\t\t\t\t\t<\/span>\n\t\t\t\t\t\t\t\t<\/li>\n\t\t\t\t<\/ul>\n\t\t\t\t\t\t<\/div>\n\t\t\t\t<\/div>\n\t\t\t\t<div class=\"elementor-element elementor-element-b48e387 elementor-widget elementor-widget-text-editor\" data-id=\"b48e387\" data-element_type=\"widget\" data-widget_type=\"text-editor.default\">\n\t\t\t\t<div class=\"elementor-widget-container\">\n\t\t\t\t\t\t\t\t\t<p>A Pol\u00edcia Civil de Santa Catarina, por meio da Delegacia de Pol\u00edcia de Cambori\u00fa, cumpriu na tarde desta quarta-feira (22\/10), um mandado de pris\u00e3o em desfavor de um homem foragido do Estado do Rio Grande do Sul, investigado pelos crimes de tr\u00e1fico de drogas e associa\u00e7\u00e3o para o tr\u00e1fico.<\/p><p>A pris\u00e3o integra a Opera\u00e7\u00e3o Heilige, deflagrada pela Delegacia de Pol\u00edcia de Dois Irm\u00e3os\/RS, que resultou na pris\u00e3o de um criminoso indiciado por tr\u00e1fico de drogas e associa\u00e7\u00e3o para o tr\u00e1fico. A a\u00e7\u00e3o contou com o apoio da Pol\u00edcia Civil de Santa Catarina, respons\u00e1vel por auxiliar no cumprimento da ordem judicial no munic\u00edpio de Cambori\u00fa\/SC.<\/p><p>Ap\u00f3s ser informada pela Pol\u00edcia Civil do Rio Grande do Sul sobre o paradeiro do investigado em territ\u00f3rio catarinense, a equipe do Setor de Investiga\u00e7\u00e3o Criminal (SIC) da Delegacia de Cambori\u00fa iniciou dilig\u00eancias para localizar o suspeito.<\/p><p>O homem, de 31 anos, foi encontrado em um im\u00f3vel na \u00e1rea central da cidade. No momento da abordagem, ele n\u00e3o ofereceu resist\u00eancia e foi preso em cumprimento ao mandado expedido pela Justi\u00e7a ga\u00facha.<\/p><p>Ap\u00f3s os procedimentos legais, o preso foi encaminhado ao Pres\u00eddio do bairro Canhanduba, em Itaja\u00ed, onde permanecer\u00e1 \u00e0 disposi\u00e7\u00e3o do Poder Judici\u00e1rio.<\/p><p>Pol\u00edcia Civil de Santa Catarina, investiga\u00e7\u00e3o que gera resultado!<\/p>\t\t\t\t\t\t\t\t<\/div>\n\t\t\t\t<\/div>\n\t\t\t\t\t<\/div>\n\t\t<\/div>\n\t\t\t\t\t<\/div>\n\t\t<\/section>\n\t\t\t\t<\/div>\n\t\t","protected":false},"excerpt":{"rendered":"<p>Pol\u00edcia Civil prende foragido do Rio Grande do Sul durante opera\u00e7\u00e3o contra o tr\u00e1fico de drogas em Cambori\u00fa A Pol\u00edcia Civil de Santa Catarina, por meio da Delegacia de Pol\u00edcia de Cambori\u00fa, cumpriu na tarde desta quarta-feira (22\/10), um mandado de pris\u00e3o em desfavor de um homem foragido do Estado do Rio Grande do Sul, [&hellip;]<\/p>\n","protected":false},"author":5,"featured_media":31975,"comment_status":"closed","ping_status":"open","sticky":false,"template":"","format":"standard","meta":{"_monsterinsights_skip_tracking":false,"_monsterinsights_sitenote_active":false,"_monsterinsights_sitenote_note":"","_monsterinsights_sitenote_category":0,"footnotes":""},"categories":[1],"tags":[],"class_list":["post-33443","post","type-post","status-publish","format-standard","has-post-thumbnail","hentry","category-sem-categoria"],"_links":{"self":[{"href":"https:\/\/pc.sc.gov.br\/index.php?rest_route=\/wp\/v2\/posts\/33443","targetHints":{"allow":["GET"]}}],"collection":[{"href":"https:\/\/pc.sc.gov.br\/index.php?rest_route=\/wp\/v2\/posts"}],"about":[{"href":"https:\/\/pc.sc.gov.br\/index.php?rest_route=\/wp\/v2\/types\/post"}],"author":[{"embeddable":true,"href":"https:\/\/pc.sc.gov.br\/index.php?rest_route=\/wp\/v2\/users\/5"}],"replies":[{"embeddable":true,"href":"https:\/\/pc.sc.gov.br\/index.php?rest_route=%2Fwp%2Fv2%2Fcomments&post=33443"}],"version-history":[{"count":4,"href":"https:\/\/pc.sc.gov.br\/index.php?rest_route=\/wp\/v2\/posts\/33443\/revisions"}],"predecessor-version":[{"id":33448,"href":"https:\/\/pc.sc.gov.br\/index.php?rest_route=\/wp\/v2\/posts\/33443\/revisions\/33448"}],"wp:featuredmedia":[{"embeddable":true,"href":"https:\/\/pc.sc.gov.br\/index.php?rest_route=\/wp\/v2\/media\/31975"}],"wp:attachment":[{"href":"https:\/\/pc.sc.gov.br\/index.php?rest_route=%2Fwp%2Fv2%2Fmedia&parent=33443"}],"wp:term":[{"taxonomy":"category","embeddable":true,"href":"https:\/\/pc.sc.gov.br\/index.php?rest_route=%2Fwp%2Fv2%2Fcategories&post=33443"},{"taxonomy":"post_tag","embeddable":true,"href":"https:\/\/pc.sc.gov.br\/index.php?rest_route=%2Fwp%2Fv2%2Ftags&post=33443"}],"curies":[{"name":"wp","href":"https:\/\/api.w.org\/{rel}","templated":true}]}}