{"id":33452,"date":"2025-10-23T15:00:43","date_gmt":"2025-10-23T18:00:43","guid":{"rendered":"https:\/\/pc.sc.gov.br\/?p=33452"},"modified":"2025-10-23T15:15:43","modified_gmt":"2025-10-23T18:15:43","slug":"policia-civil-deflagra-operacao-nos-estados-do-ceara-e-do-rio-de-janeiro-para-combater-fraude-do-falso-advogado","status":"publish","type":"post","link":"https:\/\/pc.sc.gov.br\/?p=33452","title":{"rendered":"Pol\u00edcia Civil deflagra Opera\u00e7\u00e3o nos estados do Cear\u00e1 e do Rio de Janeiro para combater fraude do falso advogado"},"content":{"rendered":"\t\t<div data-elementor-type=\"wp-post\" data-elementor-id=\"33452\" class=\"elementor elementor-33452\" data-elementor-post-type=\"post\">\n\t\t\t\t\t\t<section class=\"elementor-section elementor-top-section elementor-element elementor-element-753e776 elementor-section-boxed elementor-section-height-default elementor-section-height-default\" data-id=\"753e776\" data-element_type=\"section\">\n\t\t\t\t\t\t<div class=\"elementor-container elementor-column-gap-default\">\n\t\t\t\t\t<div class=\"elementor-column elementor-col-100 elementor-top-column elementor-element elementor-element-b997975\" data-id=\"b997975\" data-element_type=\"column\">\n\t\t\t<div class=\"elementor-widget-wrap elementor-element-populated\">\n\t\t\t\t\t\t<div class=\"elementor-element elementor-element-4c7e32a elementor-widget elementor-widget-heading\" data-id=\"4c7e32a\" data-element_type=\"widget\" data-widget_type=\"heading.default\">\n\t\t\t\t<div class=\"elementor-widget-container\">\n\t\t\t\t\t<h2 class=\"elementor-heading-title elementor-size-default\">Pol\u00edcia Civil deflagra Opera\u00e7\u00e3o nos estados do Cear\u00e1 e do Rio de Janeiro para combater fraude do falso advogado<\/h2>\t\t\t\t<\/div>\n\t\t\t\t<\/div>\n\t\t\t\t\t<\/div>\n\t\t<\/div>\n\t\t\t\t\t<\/div>\n\t\t<\/section>\n\t\t\t\t<section class=\"elementor-section elementor-top-section elementor-element elementor-element-bd8e922 elementor-section-boxed elementor-section-height-default elementor-section-height-default\" data-id=\"bd8e922\" data-element_type=\"section\">\n\t\t\t\t\t\t<div class=\"elementor-container elementor-column-gap-default\">\n\t\t\t\t\t<div class=\"elementor-column elementor-col-100 elementor-top-column elementor-element elementor-element-629ab07\" data-id=\"629ab07\" data-element_type=\"column\">\n\t\t\t<div class=\"elementor-widget-wrap elementor-element-populated\">\n\t\t\t\t\t\t<div class=\"elementor-element elementor-element-a7c5001 elementor-widget elementor-widget-image\" data-id=\"a7c5001\" data-element_type=\"widget\" data-widget_type=\"image.default\">\n\t\t\t\t<div class=\"elementor-widget-container\">\n\t\t\t\t\t\t\t\t\t\t\t\t\t\t\t<img fetchpriority=\"high\" decoding=\"async\" width=\"696\" height=\"862\" src=\"https:\/\/pc.sc.gov.br\/\/wp-content\/uploads\/2025\/10\/WhatsApp-Image-2025-10-23-at-07.51.54-e1761242306435-827x1024.jpeg\" class=\"attachment-large size-large wp-image-33453\" alt=\"\" srcset=\"https:\/\/pc.sc.gov.br\/\/wp-content\/uploads\/2025\/10\/WhatsApp-Image-2025-10-23-at-07.51.54-e1761242306435-827x1024.jpeg 827w, https:\/\/pc.sc.gov.br\/\/wp-content\/uploads\/2025\/10\/WhatsApp-Image-2025-10-23-at-07.51.54-e1761242306435-242x300.jpeg 242w, https:\/\/pc.sc.gov.br\/\/wp-content\/uploads\/2025\/10\/WhatsApp-Image-2025-10-23-at-07.51.54-e1761242306435-768x951.jpeg 768w, https:\/\/pc.sc.gov.br\/\/wp-content\/uploads\/2025\/10\/WhatsApp-Image-2025-10-23-at-07.51.54-e1761242306435-1240x1536.jpeg 1240w, https:\/\/pc.sc.gov.br\/\/wp-content\/uploads\/2025\/10\/WhatsApp-Image-2025-10-23-at-07.51.54-e1761242306435.jpeg 1279w\" sizes=\"(max-width: 696px) 100vw, 696px\" \/>\t\t\t\t\t\t\t\t\t\t\t\t\t\t\t<\/div>\n\t\t\t\t<\/div>\n\t\t\t\t\t<\/div>\n\t\t<\/div>\n\t\t\t\t\t<\/div>\n\t\t<\/section>\n\t\t\t\t<section class=\"elementor-section elementor-top-section elementor-element elementor-element-adb3cb2 elementor-section-boxed elementor-section-height-default elementor-section-height-default\" data-id=\"adb3cb2\" data-element_type=\"section\">\n\t\t\t\t\t\t<div class=\"elementor-container elementor-column-gap-default\">\n\t\t\t\t\t<div class=\"elementor-column elementor-col-100 elementor-top-column elementor-element elementor-element-aab2b40\" data-id=\"aab2b40\" data-element_type=\"column\">\n\t\t\t<div class=\"elementor-widget-wrap elementor-element-populated\">\n\t\t\t\t\t\t<div class=\"elementor-element elementor-element-896bab5 elementor-widget elementor-widget-post-info\" data-id=\"896bab5\" data-element_type=\"widget\" data-widget_type=\"post-info.default\">\n\t\t\t\t<div class=\"elementor-widget-container\">\n\t\t\t\t\t\t\t<ul class=\"elementor-inline-items elementor-icon-list-items elementor-post-info\">\n\t\t\t\t\t\t\t\t<li class=\"elementor-icon-list-item elementor-repeater-item-ca898a0 elementor-inline-item\" itemprop=\"author\">\n\t\t\t\t\t\t<a href=\"https:\/\/pc.sc.gov.br\/?author=5\">\n\t\t\t\t\t\t\t\t\t\t\t<span class=\"elementor-icon-list-icon\">\n\t\t\t\t\t\t\t\t<i aria-hidden=\"true\" class=\"far fa-user-circle\"><\/i>\t\t\t\t\t\t\t<\/span>\n\t\t\t\t\t\t\t\t\t<span class=\"elementor-icon-list-text elementor-post-info__item elementor-post-info__item--type-author\">\n\t\t\t\t\t\t\t\t\t\tStefany de Souza Alves\t\t\t\t\t<\/span>\n\t\t\t\t\t\t\t\t\t<\/a>\n\t\t\t\t<\/li>\n\t\t\t\t<li class=\"elementor-icon-list-item elementor-repeater-item-f5c1e16 elementor-inline-item\" itemprop=\"datePublished\">\n\t\t\t\t\t\t<a href=\"https:\/\/pc.sc.gov.br\/?m=20251023\">\n\t\t\t\t\t\t\t\t\t\t\t<span class=\"elementor-icon-list-icon\">\n\t\t\t\t\t\t\t\t<i aria-hidden=\"true\" class=\"fas fa-calendar\"><\/i>\t\t\t\t\t\t\t<\/span>\n\t\t\t\t\t\t\t\t\t<span class=\"elementor-icon-list-text elementor-post-info__item elementor-post-info__item--type-date\">\n\t\t\t\t\t\t\t\t\t\t<time>outubro 23, 2025<\/time>\t\t\t\t\t<\/span>\n\t\t\t\t\t\t\t\t\t<\/a>\n\t\t\t\t<\/li>\n\t\t\t\t<li class=\"elementor-icon-list-item elementor-repeater-item-dd23d9c elementor-inline-item\">\n\t\t\t\t\t\t\t\t\t\t<span class=\"elementor-icon-list-icon\">\n\t\t\t\t\t\t\t\t<i aria-hidden=\"true\" class=\"far fa-clock\"><\/i>\t\t\t\t\t\t\t<\/span>\n\t\t\t\t\t\t\t\t\t<span class=\"elementor-icon-list-text elementor-post-info__item elementor-post-info__item--type-time\">\n\t\t\t\t\t\t\t\t\t\t<time>3:00 pm<\/time>\t\t\t\t\t<\/span>\n\t\t\t\t\t\t\t\t<\/li>\n\t\t\t\t<\/ul>\n\t\t\t\t\t\t<\/div>\n\t\t\t\t<\/div>\n\t\t\t\t<div class=\"elementor-element elementor-element-41013cf elementor-widget elementor-widget-text-editor\" data-id=\"41013cf\" data-element_type=\"widget\" data-widget_type=\"text-editor.default\">\n\t\t\t\t<div class=\"elementor-widget-container\">\n\t\t\t\t\t\t\t\t\t<p>A Pol\u00edcia Civil de Santa Catarina, por meio da Delegacia de Combate a Estelionatos, do Departamento de Investiga\u00e7\u00f5es Criminais da Capital (DCE\/DIC), em a\u00e7\u00e3o conjunta e com o apoio do Cyberlab \u2013 Minist\u00e9rio da Justi\u00e7a e da Pol\u00edcia Civil do Rio de Janeiro \u2013 deflagrou nesta quinta-feira (23\/10), a Opera\u00e7\u00e3o \u201cLitis Simulatio\u201d, visando desarticular um grupo criminoso voltado \u00e0 pr\u00e1tica do &#8220;Golpe do Falso Advogado&#8221;.<\/p><p>As investiga\u00e7\u00f5es tiveram in\u00edcio ap\u00f3s o registro de ocorr\u00eancia em 2024 por uma v\u00edtima, domiciliada em Florian\u00f3polis\/SC, que relatou ter um processo judicial contra o Estado de Santa Catarina e ap\u00f3s receber contatos por telefone de golpistas, que se apresentavam ora como seu advogado, ora como &#8220;secret\u00e1ria\u201d dele, acabou transferindo aproximadamente R$270.000,00 aos criminosos acreditando que se tratava de pagamento de &#8220;taxas&#8221; e &#8220;custas processuais&#8221; inexistentes.<\/p><p>Foram expedidos pela Vara Regional de Garantias da Capital Catarinense 25 mandados de buscas domiciliares e 16 mandados de pris\u00f5es tempor\u00e1rias, em cumprimento nesta data nos Estados do Cear\u00e1 e do Rio de Janeiro, referentes a suspeitos e pessoas que receberam valores da fraude em suas contas banc\u00e1rias.<\/p><p>A Pol\u00edcia Civil reitera o alerta \u00e0 popula\u00e7\u00e3o para que redobre a aten\u00e7\u00e3o a contatos suspeitos que envolvam o pagamento de qualquer valor para libera\u00e7\u00e3o de quantias em a\u00e7\u00f5es judiciais, precat\u00f3rios ou qualquer outro cr\u00e9dito.<\/p><p>O Poder Judici\u00e1rio e os advogados regularmente constitu\u00eddos n\u00e3o solicitam dep\u00f3sitos ou transfer\u00eancias via PIX ou boleto para liberar valores de processos.<\/p><p>O Poder Judici\u00e1rio e os advogados regularmente constitu\u00eddos n\u00e3o solicitam dep\u00f3sitos ou transfer\u00eancias via PIX ou boleto para liberar valores de processos.<\/p><p>Em caso de d\u00favidas sobre a veracidade de um contato, a orienta\u00e7\u00e3o \u00e9:<\/p><ol><li>Nunca realize pagamentos solicitados por canais n\u00e3o oficiais (WhatsApp, SMS, liga\u00e7\u00f5es de n\u00fameros desconhecidos).<\/li><li>Entre em contato diretamente com seu advogado por um telefone ou e-mail j\u00e1 conhecido e verificado, ou ligue para a unidade judici\u00e1ria onde o processo tramita.<\/li><li>Desconfie de qualquer solicita\u00e7\u00e3o que crie senso de urg\u00eancia ou ameace o cancelamento da libera\u00e7\u00e3o dos valores.<\/li><\/ol><p>O termo \u201clitis simulatio\u201d, do latim, significa \u201csimula\u00e7\u00e3o de lit\u00edgio\u201d, em alus\u00e3o ao crime vulgarmente conhecido como crime do \u201cfalso advogado\u201d- a investiga\u00e7\u00e3o segue em andamento visando responsabilizar os criminosos e todos aqueles que auxiliam o bando a pulverizar valores do crime em troca de comiss\u00e3o.<\/p>\t\t\t\t\t\t\t\t<\/div>\n\t\t\t\t<\/div>\n\t\t\t\t\t<\/div>\n\t\t<\/div>\n\t\t\t\t\t<\/div>\n\t\t<\/section>\n\t\t\t\t<\/div>\n\t\t","protected":false},"excerpt":{"rendered":"<p>Pol\u00edcia Civil deflagra Opera\u00e7\u00e3o nos estados do Cear\u00e1 e do Rio de Janeiro para combater fraude do falso advogado A Pol\u00edcia Civil de Santa Catarina, por meio da Delegacia de Combate a Estelionatos, do Departamento de Investiga\u00e7\u00f5es Criminais da Capital (DCE\/DIC), em a\u00e7\u00e3o conjunta e com o apoio do Cyberlab \u2013 Minist\u00e9rio da Justi\u00e7a e [&hellip;]<\/p>\n","protected":false},"author":5,"featured_media":33453,"comment_status":"closed","ping_status":"open","sticky":false,"template":"","format":"standard","meta":{"_monsterinsights_skip_tracking":false,"_monsterinsights_sitenote_active":false,"_monsterinsights_sitenote_note":"","_monsterinsights_sitenote_category":0,"footnotes":""},"categories":[1],"tags":[],"class_list":["post-33452","post","type-post","status-publish","format-standard","has-post-thumbnail","hentry","category-sem-categoria"],"_links":{"self":[{"href":"https:\/\/pc.sc.gov.br\/index.php?rest_route=\/wp\/v2\/posts\/33452","targetHints":{"allow":["GET"]}}],"collection":[{"href":"https:\/\/pc.sc.gov.br\/index.php?rest_route=\/wp\/v2\/posts"}],"about":[{"href":"https:\/\/pc.sc.gov.br\/index.php?rest_route=\/wp\/v2\/types\/post"}],"author":[{"embeddable":true,"href":"https:\/\/pc.sc.gov.br\/index.php?rest_route=\/wp\/v2\/users\/5"}],"replies":[{"embeddable":true,"href":"https:\/\/pc.sc.gov.br\/index.php?rest_route=%2Fwp%2Fv2%2Fcomments&post=33452"}],"version-history":[{"count":13,"href":"https:\/\/pc.sc.gov.br\/index.php?rest_route=\/wp\/v2\/posts\/33452\/revisions"}],"predecessor-version":[{"id":33467,"href":"https:\/\/pc.sc.gov.br\/index.php?rest_route=\/wp\/v2\/posts\/33452\/revisions\/33467"}],"wp:featuredmedia":[{"embeddable":true,"href":"https:\/\/pc.sc.gov.br\/index.php?rest_route=\/wp\/v2\/media\/33453"}],"wp:attachment":[{"href":"https:\/\/pc.sc.gov.br\/index.php?rest_route=%2Fwp%2Fv2%2Fmedia&parent=33452"}],"wp:term":[{"taxonomy":"category","embeddable":true,"href":"https:\/\/pc.sc.gov.br\/index.php?rest_route=%2Fwp%2Fv2%2Fcategories&post=33452"},{"taxonomy":"post_tag","embeddable":true,"href":"https:\/\/pc.sc.gov.br\/index.php?rest_route=%2Fwp%2Fv2%2Ftags&post=33452"}],"curies":[{"name":"wp","href":"https:\/\/api.w.org\/{rel}","templated":true}]}}