{"id":33484,"date":"2025-10-24T14:04:40","date_gmt":"2025-10-24T17:04:40","guid":{"rendered":"https:\/\/pc.sc.gov.br\/?p=33484"},"modified":"2025-10-24T14:07:31","modified_gmt":"2025-10-24T17:07:31","slug":"policia-civil-deflagra-operacao-quirodactilo-prende-tres-assaltantes-e-apreende-grande-quantidade-de-drogas-em-palhoca","status":"publish","type":"post","link":"https:\/\/pc.sc.gov.br\/?p=33484","title":{"rendered":"Pol\u00edcia Civil prende tr\u00eas assaltantes e apreende grande quantidade de drogas em Palho\u00e7a"},"content":{"rendered":"\t\t<div data-elementor-type=\"wp-post\" data-elementor-id=\"33484\" class=\"elementor elementor-33484\" data-elementor-post-type=\"post\">\n\t\t\t\t\t\t<section class=\"elementor-section elementor-top-section elementor-element elementor-element-9c8ef72 elementor-section-boxed elementor-section-height-default elementor-section-height-default\" data-id=\"9c8ef72\" data-element_type=\"section\">\n\t\t\t\t\t\t<div class=\"elementor-container elementor-column-gap-default\">\n\t\t\t\t\t<div class=\"elementor-column elementor-col-100 elementor-top-column elementor-element elementor-element-d2cf02f\" data-id=\"d2cf02f\" data-element_type=\"column\">\n\t\t\t<div class=\"elementor-widget-wrap elementor-element-populated\">\n\t\t\t\t\t\t<div class=\"elementor-element elementor-element-759911e elementor-widget elementor-widget-heading\" data-id=\"759911e\" data-element_type=\"widget\" data-widget_type=\"heading.default\">\n\t\t\t\t<div class=\"elementor-widget-container\">\n\t\t\t\t\t<h2 class=\"elementor-heading-title elementor-size-default\">Pol\u00edcia Civil prende tr\u00eas assaltantes e apreende grande quantidade de drogas em Palho\u00e7a<\/h2>\t\t\t\t<\/div>\n\t\t\t\t<\/div>\n\t\t\t\t\t<\/div>\n\t\t<\/div>\n\t\t\t\t\t<\/div>\n\t\t<\/section>\n\t\t\t\t<section class=\"elementor-section elementor-top-section elementor-element elementor-element-4783aa5 elementor-section-boxed elementor-section-height-default elementor-section-height-default\" data-id=\"4783aa5\" data-element_type=\"section\">\n\t\t\t\t\t\t<div class=\"elementor-container elementor-column-gap-default\">\n\t\t\t\t\t<div class=\"elementor-column elementor-col-100 elementor-top-column elementor-element elementor-element-043e3eb\" data-id=\"043e3eb\" data-element_type=\"column\">\n\t\t\t<div class=\"elementor-widget-wrap elementor-element-populated\">\n\t\t\t\t\t\t<div class=\"elementor-element elementor-element-1f13579 elementor-widget elementor-widget-post-info\" data-id=\"1f13579\" data-element_type=\"widget\" data-widget_type=\"post-info.default\">\n\t\t\t\t<div class=\"elementor-widget-container\">\n\t\t\t\t\t\t\t<ul class=\"elementor-inline-items elementor-icon-list-items elementor-post-info\">\n\t\t\t\t\t\t\t\t<li class=\"elementor-icon-list-item elementor-repeater-item-0a0f8d2 elementor-inline-item\" itemprop=\"author\">\n\t\t\t\t\t\t<a href=\"https:\/\/pc.sc.gov.br\/?author=5\">\n\t\t\t\t\t\t\t\t\t\t\t<span class=\"elementor-icon-list-icon\">\n\t\t\t\t\t\t\t\t<i aria-hidden=\"true\" class=\"far fa-user-circle\"><\/i>\t\t\t\t\t\t\t<\/span>\n\t\t\t\t\t\t\t\t\t<span class=\"elementor-icon-list-text elementor-post-info__item elementor-post-info__item--type-author\">\n\t\t\t\t\t\t\t\t\t\tStefany de Souza Alves\t\t\t\t\t<\/span>\n\t\t\t\t\t\t\t\t\t<\/a>\n\t\t\t\t<\/li>\n\t\t\t\t<li class=\"elementor-icon-list-item elementor-repeater-item-52a8e28 elementor-inline-item\" itemprop=\"datePublished\">\n\t\t\t\t\t\t<a href=\"https:\/\/pc.sc.gov.br\/?m=20251024\">\n\t\t\t\t\t\t\t\t\t\t\t<span class=\"elementor-icon-list-icon\">\n\t\t\t\t\t\t\t\t<i aria-hidden=\"true\" class=\"fas fa-calendar\"><\/i>\t\t\t\t\t\t\t<\/span>\n\t\t\t\t\t\t\t\t\t<span class=\"elementor-icon-list-text elementor-post-info__item elementor-post-info__item--type-date\">\n\t\t\t\t\t\t\t\t\t\t<time>outubro 24, 2025<\/time>\t\t\t\t\t<\/span>\n\t\t\t\t\t\t\t\t\t<\/a>\n\t\t\t\t<\/li>\n\t\t\t\t<li class=\"elementor-icon-list-item elementor-repeater-item-5bbea60 elementor-inline-item\">\n\t\t\t\t\t\t\t\t\t\t<span class=\"elementor-icon-list-icon\">\n\t\t\t\t\t\t\t\t<i aria-hidden=\"true\" class=\"far fa-clock\"><\/i>\t\t\t\t\t\t\t<\/span>\n\t\t\t\t\t\t\t\t\t<span class=\"elementor-icon-list-text elementor-post-info__item elementor-post-info__item--type-time\">\n\t\t\t\t\t\t\t\t\t\t<time>2:04 pm<\/time>\t\t\t\t\t<\/span>\n\t\t\t\t\t\t\t\t<\/li>\n\t\t\t\t<\/ul>\n\t\t\t\t\t\t<\/div>\n\t\t\t\t<\/div>\n\t\t\t\t<div class=\"elementor-element elementor-element-55d967a elementor-widget elementor-widget-text-editor\" data-id=\"55d967a\" data-element_type=\"widget\" data-widget_type=\"text-editor.default\">\n\t\t\t\t<div class=\"elementor-widget-container\">\n\t\t\t\t\t\t\t\t\t<p>Na manh\u00e3 desta sexta-feira, 24 de outubro, a Pol\u00edcia Civil de Santa Catarina, por meio do Departamento de Investiga\u00e7\u00f5es Criminais \u2013 DIC, atrav\u00e9s da Delegacia de Repress\u00e3o a Roubos &#8211; DRR de S\u00e3o Jos\u00e9, deflagrou a Opera\u00e7\u00e3o &#8220;Quirod\u00e1ctilo&#8221;.<\/p><p>A a\u00e7\u00e3o teve como objetivo o cumprimento de cinco mandados de busca e apreens\u00e3o e cinco mandados de pris\u00e3o nos bairros Caminho Novo e Brejar\u00fa, em Palho\u00e7a\/SC, visando a desarticula\u00e7\u00e3o de uma quadrilha especializadas em roubos a joalherias na regi\u00e3o da Grande Florian\u00f3polis.<\/p><p>A Opera\u00e7\u00e3o \u00e9 o resultado de intensas investiga\u00e7\u00f5es iniciadas h\u00e1 cerca de 90 dias. Na ocasi\u00e3o, dois indiv\u00edduos armados invadiram uma Relojoaria\/Joalheria na Avenida Central do Kobrassol, onde subtra\u00edram diversas joias e rel\u00f3gios.<\/p><p>Iniciadas as dilig\u00eancias, a Pol\u00edcia verificou que se tratava de uma quadrilha de paraenses especializada em roubos, alguns deles foragidos do estado do Par\u00e1 pelo mesmo crime.<\/p><p>Ainda no decorrer da investiga\u00e7\u00e3o, no m\u00eas de setembro, em uma a\u00e7\u00e3o integrada entre a Delegacia de Repress\u00e3o a Roubos &#8211; DRR de S\u00e3o Jos\u00e9 e o N\u00facleo de Intelig\u00eancia &#8211; Nuint da Guarda Municipal de S\u00e3o Jos\u00e9, resultou na pris\u00e3o de tr\u00eas integrantes desta quadrilha por associa\u00e7\u00e3o criminosa e porte ilegal de arma de fogo.<\/p><p>O nome da opera\u00e7\u00e3o, \u201cquirod\u00e1ctilo\u201d, se refere tecnicamente aos dedos da m\u00e3o, foi escolhido em alus\u00e3o \u00e0 autodenomina\u00e7\u00e3o da quadrilha investigada, que se autointitulava &#8220;A Tropa dos Cara de Dedo&#8221;.<\/p><p>Durante a Opera\u00e7\u00e3o, em uma das resid\u00eancias alvo, foi apreendida uma grande quantidade de entorpecentes, cujo valor estimado ultrapassa R$ 100 mil. O material consistia em: 660g de MDMA, aproximadamente 207g de ecstasy, 81g de coca\u00edna, cerca de 24g de cetamina (anest\u00e9sico), 170g de crack e 3 kg de maconha, todos acondicionados em diversas embalagens prontas para venda. Duas pessoas foram conduzidas para a Delegacia, onde foram lavrados os procedimentos de praxe.<\/p><p>Ao todo, foram cumpridos tr\u00eas mandados de pris\u00e3o tempor\u00e1ria e cinco mandados de busca e apreens\u00e3o. Al\u00e9m da significativa apreens\u00e3o de drogas, foram apreendidos joias e materiais pertinentes \u00e0 investiga\u00e7\u00e3o, visando o desmantelamento da quadrilha. Dois indiv\u00edduos, no entanto, permanecem foragidos.<\/p><p>A Opera\u00e7\u00e3o &#8220;Quirod\u00e1ctilo&#8221; contou com o apoio das Delegacias da DRP de S\u00e3o Jos\u00e9 (DPCAMI, 1\u00aa DP e DP de Bigua\u00e7u), DECOD e DH de S\u00e3o Jos\u00e9, CORE (Opera\u00e7\u00f5es Especiais da Pol\u00edcia Civil), COPC (Opera\u00e7\u00f5es com C\u00e3es da Pol\u00edcia Civil) e Nuint\/Guarda Municipal de S\u00e3o Jos\u00e9.<\/p>\t\t\t\t\t\t\t\t<\/div>\n\t\t\t\t<\/div>\n\t\t\t\t\t<\/div>\n\t\t<\/div>\n\t\t\t\t\t<\/div>\n\t\t<\/section>\n\t\t\t\t<section class=\"elementor-section elementor-top-section elementor-element elementor-element-0a6ff78 elementor-section-boxed elementor-section-height-default elementor-section-height-default\" data-id=\"0a6ff78\" data-element_type=\"section\">\n\t\t\t\t\t\t<div class=\"elementor-container elementor-column-gap-default\">\n\t\t\t\t\t<div class=\"elementor-column elementor-col-100 elementor-top-column elementor-element elementor-element-4f6f79a\" data-id=\"4f6f79a\" data-element_type=\"column\">\n\t\t\t<div class=\"elementor-widget-wrap elementor-element-populated\">\n\t\t\t\t\t\t<div class=\"elementor-element elementor-element-dcc9756 elementor-widget elementor-widget-gallery\" data-id=\"dcc9756\" data-element_type=\"widget\" data-settings=\"{&quot;columns&quot;:3,&quot;lazyload&quot;:&quot;yes&quot;,&quot;gallery_layout&quot;:&quot;grid&quot;,&quot;columns_tablet&quot;:2,&quot;columns_mobile&quot;:1,&quot;gap&quot;:{&quot;unit&quot;:&quot;px&quot;,&quot;size&quot;:10,&quot;sizes&quot;:[]},&quot;gap_tablet&quot;:{&quot;unit&quot;:&quot;px&quot;,&quot;size&quot;:10,&quot;sizes&quot;:[]},&quot;gap_mobile&quot;:{&quot;unit&quot;:&quot;px&quot;,&quot;size&quot;:10,&quot;sizes&quot;:[]},&quot;link_to&quot;:&quot;file&quot;,&quot;aspect_ratio&quot;:&quot;3:2&quot;,&quot;overlay_background&quot;:&quot;yes&quot;,&quot;content_hover_animation&quot;:&quot;fade-in&quot;}\" data-widget_type=\"gallery.default\">\n\t\t\t\t<div class=\"elementor-widget-container\">\n\t\t\t\t\t\t\t<div class=\"elementor-gallery__container\">\n\t\t\t\t\t\t\t<a class=\"e-gallery-item elementor-gallery-item elementor-animated-content\" href=\"https:\/\/pc.sc.gov.br\/\/wp-content\/uploads\/2025\/10\/WhatsApp-Image-2025-10-24-at-13.53.34-e1761325441235.jpeg\" data-elementor-open-lightbox=\"yes\" data-elementor-lightbox-slideshow=\"dcc9756\" data-elementor-lightbox-title=\"WhatsApp Image 2025-10-24 at 13.53.34\" data-e-action-hash=\"#elementor-action%3Aaction%3Dlightbox%26settings%3DeyJpZCI6MzM0ODcsInVybCI6Imh0dHBzOlwvXC9wYy5zYy5nb3YuYnJcL1wvd3AtY29udGVudFwvdXBsb2Fkc1wvMjAyNVwvMTBcL1doYXRzQXBwLUltYWdlLTIwMjUtMTAtMjQtYXQtMTMuNTMuMzQtZTE3NjEzMjU0NDEyMzUuanBlZyIsInNsaWRlc2hvdyI6ImRjYzk3NTYifQ%3D%3D\">\n\t\t\t\t\t<div class=\"e-gallery-image elementor-gallery-item__image\" data-thumbnail=\"https:\/\/pc.sc.gov.br\/\/wp-content\/uploads\/2025\/10\/WhatsApp-Image-2025-10-24-at-13.53.34-e1761325441235-300x177.jpeg\" data-width=\"300\" data-height=\"177\" aria-label=\"\" role=\"img\" ><\/div>\n\t\t\t\t\t\t\t\t\t\t\t<div class=\"elementor-gallery-item__overlay\"><\/div>\n\t\t\t\t\t\t\t\t\t\t\t\t\t\t<\/a>\n\t\t\t\t\t\t\t<a class=\"e-gallery-item elementor-gallery-item elementor-animated-content\" href=\"https:\/\/pc.sc.gov.br\/\/wp-content\/uploads\/2025\/10\/WhatsApp-Image-2025-10-24-at-13.53.34-1.jpeg\" data-elementor-open-lightbox=\"yes\" data-elementor-lightbox-slideshow=\"dcc9756\" data-elementor-lightbox-title=\"WhatsApp Image 2025-10-24 at 13.53.34 (1)\" data-e-action-hash=\"#elementor-action%3Aaction%3Dlightbox%26settings%3DeyJpZCI6MzM0ODYsInVybCI6Imh0dHBzOlwvXC9wYy5zYy5nb3YuYnJcL1wvd3AtY29udGVudFwvdXBsb2Fkc1wvMjAyNVwvMTBcL1doYXRzQXBwLUltYWdlLTIwMjUtMTAtMjQtYXQtMTMuNTMuMzQtMS5qcGVnIiwic2xpZGVzaG93IjoiZGNjOTc1NiJ9\">\n\t\t\t\t\t<div class=\"e-gallery-image elementor-gallery-item__image\" data-thumbnail=\"https:\/\/pc.sc.gov.br\/\/wp-content\/uploads\/2025\/10\/WhatsApp-Image-2025-10-24-at-13.53.34-1-300x169.jpeg\" data-width=\"300\" data-height=\"169\" aria-label=\"\" role=\"img\" ><\/div>\n\t\t\t\t\t\t\t\t\t\t\t<div class=\"elementor-gallery-item__overlay\"><\/div>\n\t\t\t\t\t\t\t\t\t\t\t\t\t\t<\/a>\n\t\t\t\t\t\t\t<a class=\"e-gallery-item elementor-gallery-item elementor-animated-content\" href=\"https:\/\/pc.sc.gov.br\/\/wp-content\/uploads\/2025\/10\/WhatsApp-Image-2025-10-24-at-13.53.34-2.jpeg\" data-elementor-open-lightbox=\"yes\" data-elementor-lightbox-slideshow=\"dcc9756\" data-elementor-lightbox-title=\"WhatsApp Image 2025-10-24 at 13.53.34 (2)\" data-e-action-hash=\"#elementor-action%3Aaction%3Dlightbox%26settings%3DeyJpZCI6MzM0ODUsInVybCI6Imh0dHBzOlwvXC9wYy5zYy5nb3YuYnJcL1wvd3AtY29udGVudFwvdXBsb2Fkc1wvMjAyNVwvMTBcL1doYXRzQXBwLUltYWdlLTIwMjUtMTAtMjQtYXQtMTMuNTMuMzQtMi5qcGVnIiwic2xpZGVzaG93IjoiZGNjOTc1NiJ9\">\n\t\t\t\t\t<div class=\"e-gallery-image elementor-gallery-item__image\" data-thumbnail=\"https:\/\/pc.sc.gov.br\/\/wp-content\/uploads\/2025\/10\/WhatsApp-Image-2025-10-24-at-13.53.34-2-300x169.jpeg\" data-width=\"300\" data-height=\"169\" aria-label=\"\" role=\"img\" ><\/div>\n\t\t\t\t\t\t\t\t\t\t\t<div class=\"elementor-gallery-item__overlay\"><\/div>\n\t\t\t\t\t\t\t\t\t\t\t\t\t\t<\/a>\n\t\t\t\t\t<\/div>\n\t\t\t\t\t<\/div>\n\t\t\t\t<\/div>\n\t\t\t\t\t<\/div>\n\t\t<\/div>\n\t\t\t\t\t<\/div>\n\t\t<\/section>\n\t\t\t\t<\/div>\n\t\t","protected":false},"excerpt":{"rendered":"<p>Pol\u00edcia Civil prende tr\u00eas assaltantes e apreende grande quantidade de drogas em Palho\u00e7a Na manh\u00e3 desta sexta-feira, 24 de outubro, a Pol\u00edcia Civil de Santa Catarina, por meio do Departamento de Investiga\u00e7\u00f5es Criminais \u2013 DIC, atrav\u00e9s da Delegacia de Repress\u00e3o a Roubos &#8211; DRR de S\u00e3o Jos\u00e9, deflagrou a Opera\u00e7\u00e3o &#8220;Quirod\u00e1ctilo&#8221;. A a\u00e7\u00e3o teve como [&hellip;]<\/p>\n","protected":false},"author":5,"featured_media":33487,"comment_status":"closed","ping_status":"open","sticky":false,"template":"","format":"standard","meta":{"_monsterinsights_skip_tracking":false,"_monsterinsights_sitenote_active":false,"_monsterinsights_sitenote_note":"","_monsterinsights_sitenote_category":0,"footnotes":""},"categories":[1],"tags":[],"class_list":["post-33484","post","type-post","status-publish","format-standard","has-post-thumbnail","hentry","category-sem-categoria"],"_links":{"self":[{"href":"https:\/\/pc.sc.gov.br\/index.php?rest_route=\/wp\/v2\/posts\/33484","targetHints":{"allow":["GET"]}}],"collection":[{"href":"https:\/\/pc.sc.gov.br\/index.php?rest_route=\/wp\/v2\/posts"}],"about":[{"href":"https:\/\/pc.sc.gov.br\/index.php?rest_route=\/wp\/v2\/types\/post"}],"author":[{"embeddable":true,"href":"https:\/\/pc.sc.gov.br\/index.php?rest_route=\/wp\/v2\/users\/5"}],"replies":[{"embeddable":true,"href":"https:\/\/pc.sc.gov.br\/index.php?rest_route=%2Fwp%2Fv2%2Fcomments&post=33484"}],"version-history":[{"count":5,"href":"https:\/\/pc.sc.gov.br\/index.php?rest_route=\/wp\/v2\/posts\/33484\/revisions"}],"predecessor-version":[{"id":33492,"href":"https:\/\/pc.sc.gov.br\/index.php?rest_route=\/wp\/v2\/posts\/33484\/revisions\/33492"}],"wp:featuredmedia":[{"embeddable":true,"href":"https:\/\/pc.sc.gov.br\/index.php?rest_route=\/wp\/v2\/media\/33487"}],"wp:attachment":[{"href":"https:\/\/pc.sc.gov.br\/index.php?rest_route=%2Fwp%2Fv2%2Fmedia&parent=33484"}],"wp:term":[{"taxonomy":"category","embeddable":true,"href":"https:\/\/pc.sc.gov.br\/index.php?rest_route=%2Fwp%2Fv2%2Fcategories&post=33484"},{"taxonomy":"post_tag","embeddable":true,"href":"https:\/\/pc.sc.gov.br\/index.php?rest_route=%2Fwp%2Fv2%2Ftags&post=33484"}],"curies":[{"name":"wp","href":"https:\/\/api.w.org\/{rel}","templated":true}]}}